{"id":9803,"date":"2017-10-29T10:00:16","date_gmt":"2017-10-29T09:00:16","guid":{"rendered":"http:\/\/richteronweb.de\/?p=9803"},"modified":"2025-10-20T18:03:36","modified_gmt":"2025-10-20T16:03:36","slug":"heike-wanner-blogtag-2","status":"publish","type":"post","link":"https:\/\/www.richteronweb.de\/?p=9803","title":{"rendered":"Interview mit Heike Wanner"},"content":{"rendered":"\r\n<p><span style=\"color: #000000;\"><em><strong><span id=\"fbPhotoSnowliftCaption\" class=\"fbPhotosPhotoCaption\" tabindex=\"0\" data-ft=\"{&quot;tn&quot;:&quot;K&quot;}\"><span class=\"hasCaption\"> \u273d\u2022*\u00a8*\u2022\u0e51\u273f\u0e51\u2605 Autoreninterview \u2605\u0e51\u273f\u0e51\u2022*\u00a8*\u2022\u273d<\/span><\/span><\/strong><\/em><\/span><\/p>\r\n<p><span style=\"color: #000000;\">\r\n\r\n<\/span><\/p>\r\n<p><span style=\"color: #000000;\"><i><strong>1. Wer ist Heike Wanner<\/strong><\/i><\/span><strong><em><span style=\"color: #000000;\">? Magst du dich mal vorstellen?<\/span><br \/><\/em><\/strong><\/p>\r\n\r\n\r\n\r\n<figure class=\"wp-block-image is-resized\"><img loading=\"lazy\" decoding=\"async\" class=\"wp-image-12644\" src=\"http:\/\/richteronweb.de\/wp-content\/uploads\/2019\/04\/big_46740963_0_500-375.jpg\" alt=\"\" width=\"304\" height=\"228\" srcset=\"https:\/\/www.richteronweb.de\/wp-content\/uploads\/2019\/04\/big_46740963_0_500-375.jpg 499w, https:\/\/www.richteronweb.de\/wp-content\/uploads\/2019\/04\/big_46740963_0_500-375-300x225.jpg 300w\" sizes=\"auto, (max-width: 304px) 100vw, 304px\" \/><\/figure>\r\n\r\n\r\n\r\n<p><span style=\"color: #000000;\"><em><strong>Heike Wanner\u2026 <\/strong><\/em><\/span><br \/><span style=\"color: #000000;\"> <em><strong>\u2026 wurde vor vielen Jahren in Dortmund geboren<\/strong><\/em><\/span><br \/><span style=\"color: #000000;\"> <em><strong>\u2026 lebt heute mit ihrer Familie in der N\u00e4he von Wiesbaden<\/strong><\/em><\/span><br \/><span style=\"color: #000000;\"> <em><strong>\u2026 schreibt seit 2008 Frauen- und Jugendromane<\/strong><\/em><\/span><br \/><span style=\"color: #000000;\"> <em><strong>\u2026 entspannt sich am liebsten bei einem guten Buch und einem Glas Wein<\/strong><\/em><\/span><br \/><span style=\"color: #000000;\"> <em><strong>\u2026 freut sich \u00fcber jedes Feedback zu ihren B\u00fcchern <\/strong><\/em><\/span><br \/><span style=\"color: #000000;\"> <em><strong>\u2026 ist auch auf Facebook oder per Mail zu erreichen<\/strong><\/em><\/span><br \/><span style=\"color: #000000;\"> <em><strong>\u2026 hat eine eigene Homepage: <\/strong><a style=\"color: #000000;\" href=\"http:\/\/www.heike-wanner.de\"><strong>www.heike-wanner.de<\/strong><\/a><\/em> <\/span><\/p>\r\n<p><span style=\"color: #000000;\">\r\n\r\n<\/span><\/p>\r\n<p><span style=\"color: #000000;\"><em><strong>2. Soeben ist Dein neuer Roman &#8220;Du\u00a0 + Ich = Liebe&#8221; erschienen. Er erz\u00e4hlt die Geschichte einer jungen Liebe, die so manchen Stolperstein zu \u00fcberwinden hat. Ben und Nika sind beide noch jung, doch sie haben sie jeder f\u00fcr sich schon ein sehr bewegtes Leben. Wie kam dir die Idee zu diesem Roman und was m\u00f6chtest Du den Lesern mitgeben?<\/strong><\/em><\/span><\/p>\r\n<p><span style=\"color: #000000;\">\r\n\r\n<\/span><\/p>\r\n<p><span style=\"color: #000000;\"><em><strong>Die Idee, eine au\u00dfergew\u00f6hnliche Liebesgeschichte mit all ihren H\u00f6hen und Tiefen zu erz\u00e4hlen, war schon lange in mir drin &#8211; und irgendwann mu\u00dfte sie einfach raus. Ich habe noch nie so gern und so intensiv an einem Manuskript gearbeitet. Das ging sogar so weit, dass ich es kaum geschafft habe, Ben und Nika abends am Schreibtisch zur\u00fcckzulassen. Die beiden sind mir einfach ans Herz gewachsen. Ich hoffe, das meine LeserInnen das sp\u00fcren und diese Geschichte genauso lieben werden, wie ich es tue. Und wenn ich ihnen etwas mitgeben d\u00fcrfte, dann w\u00e4ren das zwei kurze S\u00e4tze: Liebe mu\u00df nicht immer perfekt sein. Aber immer echt.<\/strong><\/em><\/span><\/p>\r\n<p><span style=\"color: #000000;\">\r\n\r\n<\/span><\/p>\r\n<p><span style=\"color: #000000;\"><strong><em>3. Bereits vor einem halben Jahr hast du den ersten Testlesern (darunter war auch Alexandra Richter) Einblick in den Roman gew\u00e4hrt, sogar noch vor dem eigentlichen Lektorat. Das ist sehr mutig &#8211; weshalb hast du dich daf\u00fcr entschieden und was bedeuten Dir die R\u00fcckmeldungen deiner LeserInnen?<\/em><\/strong><\/span><\/p>\r\n<p><span style=\"color: #000000;\">\r\n\r\n<\/span><\/p>\r\n<p><span style=\"color: #000000;\"><em><strong>&#8220;Mutig&#8221; klingt nach Risiko, und so habe ich das nie empfunden. Ich habe die Testlese-Aktion eher als tolle Gelegenheit angesehen, mir vorab Feedback einzuholen &#8211; und zwar von den Leuten, die wirklich etwas davon verstehen und f\u00fcr die das Buch gedacht ist: von meinen LerserInnen. Normalerweise zittert man sich als Autor ja f\u00f6rmlich zu den Rezensionen. Durch diese Aktion aber kamen R\u00fcckmeldungen schon weit vor dem Erscheinen des Romans bei mir an. Zu meiner Begeisterung waren sie durchweg positiv und immer begleitet von wertvollen Tipps und Anmerkungen, die ich so gut wie m\u00f6glich eingearbeitet habe. Ich w\u00fcrde das jederzeit wieder so machen. Deshalb an dieser Stelle nochmal herzlichen Dank an alle Testleserinnen.<\/strong><\/em><\/span><\/p>\r\n<p><span style=\"color: #000000;\">\r\n\r\n<\/span><\/p>\r\n<p><span style=\"color: #000000;\"><em><strong>4. Man merkt beim Lesen direkt, dass Du Bens Situation sehr detailreich und realistisch beschrieben hast? Woher hattest Du Deine Informationen, wie hast Du f\u00fcr diesen Charakter recherchiert?<\/strong><\/em><\/span><\/p>\r\n<p><span style=\"color: #000000;\">\r\n\r\n<\/span><\/p>\r\n<p><span style=\"color: #000000;\"><em><strong>Die ersten Informationen zum Thema Querschnittl\u00e4hmung habe ich mir aus dem Internet zusammengegoogelt. Aber dabei bin ich sehr schnell an meine Grenzen gesto\u00dfen. Es gibt nicht den einen, typischen Fall, jede Verletzung ist individuell. Also habe ich eine &#8220;Fachfrau&#8221; gesucht und hatte das gro\u00dfe Gl\u00fcck, Annette Schwindt zu finden. Annettes Mann Thomas ist querschnittgel\u00e4hmt und den beiden konnte ich jede (wirklich jede) Frage stellen. Annette hat mir nicht nur bereitwillig Antworten gegeben, sondern hat auch ganz begeistert mitgelesen. Sie war sozusagen die erste Testleserin.<\/strong> <\/em><\/span><\/p>\r\n<p><span style=\"color: #000000;\">\r\n\r\n<\/span><\/p>\r\n<p><span style=\"color: #000000;\"><em><strong>5. In Deinem Roman befindet sich auch eine Playlist. Nach welchen Kriterien hast Du diese Lieder ausgew\u00e4hlt?<\/strong><\/em><\/span><\/p>\r\n<p><span style=\"color: #000000;\">\r\n\r\n<\/span><\/p>\r\n<p><span style=\"color: #000000;\"><em><strong>Das ging ganz wild durcheinander: einige hatte ich schon beim Schreiben im Kopf, andere habe ich t\u00e4glich im Radio geh\u00f6rt, und ein paar Lieder wurden mir von Freunden und Bekannten empfohlen. Die Diskussion dar\u00fcber, welche Songs unbedingt auf die Playlist m\u00fcssen, hat ganze Abendgesellschaften unterhalten. Aber das war OK f\u00fcr mich, denn ich bin ja sozusagen noch die Generation, die mit Modern Talking aufgewachsen ist. Da ist es gut, wenn man die Lieder zun\u00e4chst mal im Freundes- und Familienkreis testet.<\/strong> <\/em><\/span><\/p>\r\n<p><span style=\"color: #000000;\">\r\n\r\n<\/span><\/p>\r\n<p><span style=\"color: #000000;\"><em><strong>Link zur Spotify-Playlist: htpp:\/\/bit.ly\/Heike_Wanner_DuIchLiebe<\/strong><\/em><\/span><\/p>\r\n<p><span style=\"color: #000000;\">\r\n\r\n<\/span><\/p>\r\n<p><span style=\"color: #000000;\"><em><strong>6. Du hast bereits mehrere Romane ver\u00f6ffentlicht, doch mit Ben und Nika begibst Du Dich in ein neues Genre. Weshalb hast Du Dich f\u00fcr j\u00fcngere Charaktere entschieden und ist es deswegen ein reines Jugendbuch oder &#8220;All Age&#8221; d.h. f\u00fcr jede Altersgruppe?<\/strong><\/em><\/span><\/p>\r\n<p><span style=\"color: #000000;\">\r\n\r\n<\/span><\/p>\r\n<p><span style=\"color: #000000;\"><em><strong>Ich glaube nicht, dass Du * Ich = Liebe ein reines Jugendbuch ist, sondern eher ein &#8220;All Ager&#8221;. Das zeigen ja auch die R\u00fcckmeldungen der TestleserInnen. Aber es ist defenitiv etwas Anderes als das, was ich bislang geschrieben habe. Nach neun Romanen im Genre &#8220;Frauenbuch&#8221;, hatte ich einfach Lust, mal etwas Neues auszuprobieren. Die Entscheidung f\u00fcr j\u00fcngere Charaktere war aber kein bewu\u00dfter Entschlu\u00df, sondern kam durch die Story, die ich im Kopf hatte, ganz automatisch.<\/strong><\/em><\/span><\/p>\r\n<p><span style=\"color: #000000;\">\r\n\r\n<\/span><\/p>\r\n<p><span style=\"color: #000000;\"><em><strong>7. Gibt es noch Romanideen f\u00fcr andere Genre, z.B. Sachbuch oder Psychothriller?<\/strong> <\/em><\/span><\/p>\r\n<p><span style=\"color: #000000;\">\r\n\r\n<\/span><\/p>\r\n<p><span style=\"color: #000000;\"><em><strong>Mein Sohn wird n\u00e4chstes Jahr mit dem Studium beginnen und dann eventuell auch ausziehen. Ich \u00fcberlege ernsthaft, eine Art Nachschlagewerk \u00fcber die &#8220;Basics&#8221; der Haushaltsf\u00fchrung f\u00fcr ihn zu schreiben. Aber ich glaube, so ein Sachbuch ist mir zu trocken. Und f\u00fcr einen Psychothriller ist meine Fantasie nicht kriminell genug. Ich k\u00f6nnte mir aber sehr gut vorstellen, noch ein Jugendbuch zu schreiben. Oder einen historischen Roman. Auf jeden Fall irgendetwas it einer sch\u00f6nen Liebesgeschichte.<\/strong><\/em><\/span><\/p>\r\n<p><span style=\"color: #000000;\">\r\n\r\n<\/span><\/p>\r\n<p><span style=\"color: #000000;\"><em><strong>8. Erz\u00e4hl uns und Deinen Lesern doch ein wenig aus Deinem Schreiballtag. Wie sieht ein typischer Schreibtag bei dir aus? Hast Du bestimmte Rituale?<\/strong><\/em><\/span><\/p>\r\n<p><span style=\"color: #000000;\">\r\n\r\n<\/span><\/p>\r\n<p><span style=\"color: #000000;\"><em><strong>Da ich auch noch einen &#8220;richtigen&#8221; Job habe und eine Familie, die versorgt werden will, beschr\u00e4nkt sich meine Schreibzeit aufs Wochenende. Dann sitze ich im Dachgescho\u00df unseres Hauses, habe die Fenster weit ge\u00f6ffnet (oder die Heizung an, je nach Jahreszeit) und trinke kannenweise starken schwarzen Tee.<\/strong> <\/em><\/span><\/p>\r\n<p><span style=\"color: #000000;\">\r\n\r\n<\/span><\/p>\r\n<p><span style=\"color: #000000;\"><em><strong>9. Wei\u00dft Du bereits vorher genau, was in Deinen B\u00fcchern passiert, d.h. arbeitest Du Dich an einen genauen Handlungsplan entlang oder brechen Dir die Figuren schon mal aus und erfinden ihre ganz eigene Geschichte? Wie war ei bei Du + Ich = Liebe?<\/strong><\/em><\/span><\/p>\r\n<p><span style=\"color: #000000;\">\r\n\r\n<\/span><\/p>\r\n<p><span style=\"color: #000000;\"><em><strong>Einen groben Handlungsrahmen habe ich immer im Kopf, die Feinheiten ergeben sich dann erst w\u00e4hrend des Schreibens. Es passiert mir aber tats\u00e4chlich regelm\u00e4\u00dfig, dass eine meiner Figuren \u00fcber sich hinausw\u00e4chst. Bei &#8220;Du + Ich = Liebe&#8221; war das zum Beispiel Bens Freund Rick. Der war eigentlich nur als eine Randfigur vorgesehen. Das hat ihm aber anscheinend gar nicht gepasst. Und so hat er sich St\u00fcck f\u00fcr St\u00fcck in mein Herz geschlichen und gleich mehrere zus\u00e4tzliche Szenen f\u00fcr sich herausgehandelt. Eigentlich h\u00e4tte er seine eigene Geschichte verdient.<\/strong><\/em><\/span><\/p>\r\n<p><span style=\"color: #000000;\">\r\n\r\n<\/span><\/p>\r\n<p><span style=\"color: #000000;\"><em><strong>10. Hast Du Vorbilder im Schreibbereich &#8211; Lieblingsautoren oder Romane, die Du selbst gern geschrieben h\u00e4ttest?<\/strong><\/em><\/span><\/p>\r\n<p><span style=\"color: #000000;\">\r\n\r\n<\/span><\/p>\r\n<p><span style=\"color: #000000;\"><em><strong>Direkte Vorbilder habe ich nicht, ich mache liebe mein eigenes Ding. Es bringt ja auch nichts, einen anderen Stil zu kopieren zu wollen. Das merken die LeserInnnen sofort. Aber ich habe nat\u00fcrlich Lieblingsautoren. Dazu z\u00e4hlen Rebecca Gable, Tess Gerritsen, Agatha Christie und Erma Bombeck.<\/strong> <\/em><\/span><\/p>\r\n<p><span style=\"color: #000000;\">\r\n\r\n<\/span><\/p>\r\n<p><span style=\"color: #000000;\"><em><strong>11. Gibt es bereits neue Projekte, die in Arbeit sind und von denen Du erz\u00e4hlen m\u00f6chtest bzw. darfst?<\/strong><\/em><\/span><\/p>\r\n<p><span style=\"color: #000000;\">\r\n\r\n<\/span><\/p>\r\n<p><span style=\"color: #000000;\"><em><strong>Ich schreibe eigentlich immer an einem Buch. Oft aber erst einmal im stillen K\u00e4mmerchen und f\u00fcr mich allein. Dann kann ich n\u00e4mlich auch wieder aufh\u00f6ren, wenn mich nach den ersten Seiten die Lust verl\u00e4sst, ohne gleich ein schlechtes Gewissen zu haben. Momentan bin ich &#8211; mal wieder in einer solchen Findungsphase. Deshalb m\u00f6chte ich (noch) nicht mehr verraten.<\/strong><\/em><\/span><\/p>\r\n<p><span style=\"color: #000000;\">\r\n\r\n<\/span><\/p>\r\n<p><span style=\"color: #000000;\"><em><strong>Dieses Interview wurde im August 2017 zwischen Heike Wanner und dem Edel Elements Verlag gef\u00fchrt. Mit Verweis auf Edel Elements darf ich das Interview hier in meinem Blogbeitrag verwenden. Ein herzliches Dankesch\u00f6n daf\u00fcr. <\/strong><\/em><\/span><\/p>\r\n<p><span style=\"color: #000000;\">\r\n\r\n<\/span><\/p>\r\n<p><span style=\"color: #000000;\"><em><strong>Quelle: Edel Elements Verlag<\/strong><\/em><\/span><\/p>\r\n","protected":false},"excerpt":{"rendered":"<p>\u273d\u2022*\u00a8*\u2022\u0e51\u273f\u0e51\u2605 Autoreninterview \u2605\u0e51\u273f\u0e51\u2022*\u00a8*\u2022\u273d 1. Wer ist Heike Wanner? Magst du dich mal vorstellen? Heike Wanner\u2026 \u2026 wurde vor vielen Jahren in Dortmund geboren \u2026 lebt heute mit ihrer Familie in der N\u00e4he von Wiesbaden \u2026 schreibt seit 2008 Frauen- und &hellip; <a href=\"https:\/\/www.richteronweb.de\/?p=9803\">Weiterlesen <span class=\"meta-nav\">&rarr;<\/span><\/a><\/p>\n","protected":false},"author":1,"featured_media":0,"comment_status":"open","ping_status":"open","sticky":false,"template":"","format":"standard","meta":{"_jetpack_memberships_contains_paid_content":false,"footnotes":""},"categories":[1],"tags":[],"class_list":["post-9803","post","type-post","status-publish","format-standard","hentry","category-lesebuch"],"jetpack_featured_media_url":"","jetpack_sharing_enabled":true,"_links":{"self":[{"href":"https:\/\/www.richteronweb.de\/index.php?rest_route=\/wp\/v2\/posts\/9803","targetHints":{"allow":["GET"]}}],"collection":[{"href":"https:\/\/www.richteronweb.de\/index.php?rest_route=\/wp\/v2\/posts"}],"about":[{"href":"https:\/\/www.richteronweb.de\/index.php?rest_route=\/wp\/v2\/types\/post"}],"author":[{"embeddable":true,"href":"https:\/\/www.richteronweb.de\/index.php?rest_route=\/wp\/v2\/users\/1"}],"replies":[{"embeddable":true,"href":"https:\/\/www.richteronweb.de\/index.php?rest_route=%2Fwp%2Fv2%2Fcomments&post=9803"}],"version-history":[{"count":26,"href":"https:\/\/www.richteronweb.de\/index.php?rest_route=\/wp\/v2\/posts\/9803\/revisions"}],"predecessor-version":[{"id":27943,"href":"https:\/\/www.richteronweb.de\/index.php?rest_route=\/wp\/v2\/posts\/9803\/revisions\/27943"}],"wp:attachment":[{"href":"https:\/\/www.richteronweb.de\/index.php?rest_route=%2Fwp%2Fv2%2Fmedia&parent=9803"}],"wp:term":[{"taxonomy":"category","embeddable":true,"href":"https:\/\/www.richteronweb.de\/index.php?rest_route=%2Fwp%2Fv2%2Fcategories&post=9803"},{"taxonomy":"post_tag","embeddable":true,"href":"https:\/\/www.richteronweb.de\/index.php?rest_route=%2Fwp%2Fv2%2Ftags&post=9803"}],"curies":[{"name":"wp","href":"https:\/\/api.w.org\/{rel}","templated":true}]}}