{"id":9308,"date":"2017-08-02T09:08:09","date_gmt":"2017-08-02T07:08:09","guid":{"rendered":"http:\/\/richteronweb.de\/?p=9308"},"modified":"2017-08-02T09:08:09","modified_gmt":"2017-08-02T07:08:09","slug":"der-agent-meine-tochter-ich-von-jana-herbst","status":"publish","type":"post","link":"https:\/\/www.richteronweb.de\/?p=9308","title":{"rendered":"Der Agent, meine Tochter &#038; Ich von Jana Herbst"},"content":{"rendered":"<p><a href=\"http:\/\/richteronweb.de\/wp-content\/uploads\/2017\/08\/IMG_20170731_200709.jpg\"><img loading=\"lazy\" decoding=\"async\" class=\"alignnone size-medium wp-image-9309\" src=\"http:\/\/richteronweb.de\/wp-content\/uploads\/2017\/08\/IMG_20170731_200709-225x300.jpg\" alt=\"\" width=\"225\" height=\"300\" srcset=\"https:\/\/www.richteronweb.de\/wp-content\/uploads\/2017\/08\/IMG_20170731_200709-225x300.jpg 225w, https:\/\/www.richteronweb.de\/wp-content\/uploads\/2017\/08\/IMG_20170731_200709-768x1024.jpg 768w, https:\/\/www.richteronweb.de\/wp-content\/uploads\/2017\/08\/IMG_20170731_200709-700x933.jpg 700w, https:\/\/www.richteronweb.de\/wp-content\/uploads\/2017\/08\/IMG_20170731_200709-900x1200.jpg 900w, https:\/\/www.richteronweb.de\/wp-content\/uploads\/2017\/08\/IMG_20170731_200709-1280x1707.jpg 1280w\" sizes=\"auto, (max-width: 225px) 100vw, 225px\" \/><\/a><\/p>\n<p><em><strong><span id=\"fbPhotoSnowliftCaption\" class=\"fbPhotosPhotoCaption\" tabindex=\"0\" data-ft=\"{&quot;tn&quot;:&quot;K&quot;}\"><span class=\"hasCaption\"><span style=\"color: #999999;\">\u273f*\uff9f\u00a8\uff9f\u270e\u2026\u2026\u2026<\/span> Irgendwie gut gemacht!<br \/>\n<\/span><\/span><\/strong><\/em><\/p>\n<p><span style=\"color: #000000;\"><em><strong>Ich habe das Buch zum rezensieren von der Autorin pers\u00f6nlich erhalten. Dieses Cover, so schlicht mit Schatten Figuren, finde ich super gelungen. Aufgrund des Buchtitels war ich interessiert, es unbedingt zu lesen. Zu Beginn der Geschichte zog es sich etwas z\u00e4h, aber die Buchszenen der kleinen raffinierten Tochter, hat das alles wieder aufgelockert, so das ich echt mehere Lacher hatte. Das Ende ging mir daf\u00fcr zu schnell. Es war dann Spannung und ein leichtes Kribbeln zu erfahren. Im ganzen dann doch ein sch\u00f6nes Buch. W\u00fcrde daher das erste Buch der Autorin auch noch lesen&#8230;<\/strong> <\/em><\/span><\/p>\n","protected":false},"excerpt":{"rendered":"<p>\u273f*\uff9f\u00a8\uff9f\u270e\u2026\u2026\u2026 Irgendwie gut gemacht! Ich habe das Buch zum rezensieren von der Autorin pers\u00f6nlich erhalten. Dieses Cover, so schlicht mit Schatten Figuren, finde ich super gelungen. Aufgrund des Buchtitels war ich interessiert, es unbedingt zu lesen. Zu Beginn der Geschichte &hellip; <a href=\"https:\/\/www.richteronweb.de\/?p=9308\">Weiterlesen <span class=\"meta-nav\">&rarr;<\/span><\/a><\/p>\n","protected":false},"author":1,"featured_media":0,"comment_status":"open","ping_status":"open","sticky":false,"template":"","format":"standard","meta":{"_jetpack_memberships_contains_paid_content":false,"footnotes":""},"categories":[1],"tags":[],"class_list":["post-9308","post","type-post","status-publish","format-standard","hentry","category-lesebuch"],"jetpack_featured_media_url":"","jetpack_sharing_enabled":true,"_links":{"self":[{"href":"https:\/\/www.richteronweb.de\/index.php?rest_route=\/wp\/v2\/posts\/9308","targetHints":{"allow":["GET"]}}],"collection":[{"href":"https:\/\/www.richteronweb.de\/index.php?rest_route=\/wp\/v2\/posts"}],"about":[{"href":"https:\/\/www.richteronweb.de\/index.php?rest_route=\/wp\/v2\/types\/post"}],"author":[{"embeddable":true,"href":"https:\/\/www.richteronweb.de\/index.php?rest_route=\/wp\/v2\/users\/1"}],"replies":[{"embeddable":true,"href":"https:\/\/www.richteronweb.de\/index.php?rest_route=%2Fwp%2Fv2%2Fcomments&post=9308"}],"version-history":[{"count":1,"href":"https:\/\/www.richteronweb.de\/index.php?rest_route=\/wp\/v2\/posts\/9308\/revisions"}],"predecessor-version":[{"id":9310,"href":"https:\/\/www.richteronweb.de\/index.php?rest_route=\/wp\/v2\/posts\/9308\/revisions\/9310"}],"wp:attachment":[{"href":"https:\/\/www.richteronweb.de\/index.php?rest_route=%2Fwp%2Fv2%2Fmedia&parent=9308"}],"wp:term":[{"taxonomy":"category","embeddable":true,"href":"https:\/\/www.richteronweb.de\/index.php?rest_route=%2Fwp%2Fv2%2Fcategories&post=9308"},{"taxonomy":"post_tag","embeddable":true,"href":"https:\/\/www.richteronweb.de\/index.php?rest_route=%2Fwp%2Fv2%2Ftags&post=9308"}],"curies":[{"name":"wp","href":"https:\/\/api.w.org\/{rel}","templated":true}]}}