{"id":9208,"date":"2017-07-20T10:57:19","date_gmt":"2017-07-20T08:57:19","guid":{"rendered":"http:\/\/richteronweb.de\/?p=9208"},"modified":"2017-07-20T10:57:19","modified_gmt":"2017-07-20T08:57:19","slug":"das-cafe-der-guten-wuensche-von-marie-adams","status":"publish","type":"post","link":"https:\/\/www.richteronweb.de\/?p=9208","title":{"rendered":"Das Cafe der guten W\u00fcnsche von Marie Adams"},"content":{"rendered":"<p><a href=\"http:\/\/richteronweb.de\/wp-content\/uploads\/2017\/07\/IMG_20170720_100457.jpg\"><img loading=\"lazy\" decoding=\"async\" class=\"alignnone size-medium wp-image-9209\" src=\"http:\/\/richteronweb.de\/wp-content\/uploads\/2017\/07\/IMG_20170720_100457-225x300.jpg\" alt=\"\" width=\"225\" height=\"300\" srcset=\"https:\/\/www.richteronweb.de\/wp-content\/uploads\/2017\/07\/IMG_20170720_100457-225x300.jpg 225w, https:\/\/www.richteronweb.de\/wp-content\/uploads\/2017\/07\/IMG_20170720_100457-768x1024.jpg 768w, https:\/\/www.richteronweb.de\/wp-content\/uploads\/2017\/07\/IMG_20170720_100457-700x933.jpg 700w, https:\/\/www.richteronweb.de\/wp-content\/uploads\/2017\/07\/IMG_20170720_100457-900x1200.jpg 900w, https:\/\/www.richteronweb.de\/wp-content\/uploads\/2017\/07\/IMG_20170720_100457-1280x1707.jpg 1280w\" sizes=\"auto, (max-width: 225px) 100vw, 225px\" \/><\/a><\/p>\n<p><strong><em><span style=\"color: #999999;\">\u273f*\uff9f\u00a8\uff9f\u270e\u2026.<\/span> Ein Cafe mit guten W\u00fcnschen und mit viel Herz..<br \/>\n<\/em><\/strong><\/p>\n<p><span style=\"color: #000000;\"><em><strong>Ich habe mir das Buch schon vor fast einem Jahr gekauft und wollte es schon l\u00e4ngst gelesen haben. Nun wurde ich ein paar Tage mit wundersch\u00f6nen Zeilen begleitet. Die beiden Hauptprotas Julia und Robert werden sich hier in einander verlieben. Beide total verschieden. Aber wie hei\u00dft es so sch\u00f6n: Gegens\u00e4tze ziehen sich an! Neben den anderen Protagonisten, die hier auch so toll in die Geschichte mit hinein gearbeitet wurden, ist es f\u00fcr mich eine der sch\u00f6nsten Liebesromane seit geraumer Zeit gewesen. Es war einfach mal etwas, wo sich zwei Menschen treffen und kennen lernen, und nicht immer sofort an Sex denken. Hier wurde definitiv das ganze Buch mehr zum Nachdenken geschrieben. Manche Dinge sind wirklich nur aus oder mit dem Herzen zu realisieren. Das immer zu planen und zu perfektionieren, finanziell und Umsatz einbringend zu handhaben, kann nicht immer einen gl\u00fccklich machen. Noch dazu habe ich auch zwischendrin ein paar Zeilen aus dem Buch &#8220;Auch du kannst gl\u00fccklich sein&#8221; von Marcelle Auclair gelesen. Diese kleinen Beitr\u00e4ge sind hier mit der Geschichte von Marie Adams wundervoll mit eingebracht worden. Ausserdem finde ich das Buchcover immer noch sehr sch\u00f6n. Es passt perfekt zur Handlung. Ich freue mich sehr auf das n\u00e4chste Buch im Herbst. Also ich kann es sehr empfehlen, f\u00fcr Leser, die mal eine etwas andere Liebesgeschichte lesen m\u00f6chten.<\/strong><\/em><\/span><\/p>\n","protected":false},"excerpt":{"rendered":"<p>\u273f*\uff9f\u00a8\uff9f\u270e\u2026. Ein Cafe mit guten W\u00fcnschen und mit viel Herz.. Ich habe mir das Buch schon vor fast einem Jahr gekauft und wollte es schon l\u00e4ngst gelesen haben. Nun wurde ich ein paar Tage mit wundersch\u00f6nen Zeilen begleitet. Die beiden &hellip; <a href=\"https:\/\/www.richteronweb.de\/?p=9208\">Weiterlesen <span class=\"meta-nav\">&rarr;<\/span><\/a><\/p>\n","protected":false},"author":1,"featured_media":0,"comment_status":"open","ping_status":"open","sticky":false,"template":"","format":"standard","meta":{"_jetpack_memberships_contains_paid_content":false,"footnotes":""},"categories":[1],"tags":[],"class_list":["post-9208","post","type-post","status-publish","format-standard","hentry","category-lesebuch"],"jetpack_featured_media_url":"","jetpack_sharing_enabled":true,"_links":{"self":[{"href":"https:\/\/www.richteronweb.de\/index.php?rest_route=\/wp\/v2\/posts\/9208","targetHints":{"allow":["GET"]}}],"collection":[{"href":"https:\/\/www.richteronweb.de\/index.php?rest_route=\/wp\/v2\/posts"}],"about":[{"href":"https:\/\/www.richteronweb.de\/index.php?rest_route=\/wp\/v2\/types\/post"}],"author":[{"embeddable":true,"href":"https:\/\/www.richteronweb.de\/index.php?rest_route=\/wp\/v2\/users\/1"}],"replies":[{"embeddable":true,"href":"https:\/\/www.richteronweb.de\/index.php?rest_route=%2Fwp%2Fv2%2Fcomments&post=9208"}],"version-history":[{"count":4,"href":"https:\/\/www.richteronweb.de\/index.php?rest_route=\/wp\/v2\/posts\/9208\/revisions"}],"predecessor-version":[{"id":9307,"href":"https:\/\/www.richteronweb.de\/index.php?rest_route=\/wp\/v2\/posts\/9208\/revisions\/9307"}],"wp:attachment":[{"href":"https:\/\/www.richteronweb.de\/index.php?rest_route=%2Fwp%2Fv2%2Fmedia&parent=9208"}],"wp:term":[{"taxonomy":"category","embeddable":true,"href":"https:\/\/www.richteronweb.de\/index.php?rest_route=%2Fwp%2Fv2%2Fcategories&post=9208"},{"taxonomy":"post_tag","embeddable":true,"href":"https:\/\/www.richteronweb.de\/index.php?rest_route=%2Fwp%2Fv2%2Ftags&post=9208"}],"curies":[{"name":"wp","href":"https:\/\/api.w.org\/{rel}","templated":true}]}}