{"id":9191,"date":"2017-07-17T12:12:49","date_gmt":"2017-07-17T10:12:49","guid":{"rendered":"http:\/\/richteronweb.de\/?p=9191"},"modified":"2022-03-31T18:25:23","modified_gmt":"2022-03-31T16:25:23","slug":"9191","status":"publish","type":"post","link":"https:\/\/www.richteronweb.de\/?p=9191","title":{"rendered":"Meet &#038; Greet mit Heidrun Hurst (Autorin)"},"content":{"rendered":"<p><span style=\"color: #000000;\"><em><strong><span id=\"fbPhotoSnowliftCaption\" class=\"fbPhotosPhotoCaption\" tabindex=\"0\" data-ft=\"{&quot;tn&quot;:&quot;K&quot;}\"><span class=\"hasCaption\">\u273d\u2022*\u00a8*\u2022\u0e51\u273f\u0e51\u00a0Meet &amp; Greet mit Heidrun Hurst \u0e51\u273f\u0e51\u2022*\u00a8*\u2022\u273d<\/span><\/span><\/strong><\/em><\/span><\/p>\n<p><span style=\"color: #000000;\"><em><strong>Ich war zum dritten Mal auf der Lesung zu der Historischen Triologie &#8220;Die Kinder des Bergmanns&#8221; von Heidrun Hurst. Ich gehe mittlerweile sehr gerne auf die Lesungen von der Autorin, weil sie mich als Person sehr ber\u00fchrt. Sie liest wundervoll aus ihren B\u00fcchern immer wieder unterschiedliche Passagen vor, und ich habe noch nicht einmal die B\u00fccher dazu gelesen. Ich habe sie allerdings alle drei signiert im B\u00fccherregal. Es sind dicke B\u00fccher, die in der Zeit zu einer vergangenen Geschichte um den 30 j\u00e4hrigen Krieg hier in unserer Umgebung handelt. Ihre Recherchen sind so toll in die Lesungen miteingebunden, so da\u00df man immer einen geschichtlichen Hintergrund zus\u00e4tzlich in einer Diavorstellung erh\u00e4lt. Ich freue mich wieder sehr, auf ein n\u00e4chstes Meet&amp;Greet mit Heidrun Hurst.<\/strong><\/em><\/span><\/p>\n<p><a href=\"http:\/\/richteronweb.de\/wp-content\/uploads\/2017\/07\/FB_IMG_1500285427335.jpg\"><img loading=\"lazy\" decoding=\"async\" class=\"alignnone size-medium wp-image-9194\" src=\"http:\/\/richteronweb.de\/wp-content\/uploads\/2017\/07\/FB_IMG_1500285427335-300x279.jpg\" alt=\"\" width=\"300\" height=\"279\" srcset=\"https:\/\/www.richteronweb.de\/wp-content\/uploads\/2017\/07\/FB_IMG_1500285427335-300x279.jpg 300w, https:\/\/www.richteronweb.de\/wp-content\/uploads\/2017\/07\/FB_IMG_1500285427335-768x715.jpg 768w, https:\/\/www.richteronweb.de\/wp-content\/uploads\/2017\/07\/FB_IMG_1500285427335-700x651.jpg 700w, https:\/\/www.richteronweb.de\/wp-content\/uploads\/2017\/07\/FB_IMG_1500285427335-900x838.jpg 900w, https:\/\/www.richteronweb.de\/wp-content\/uploads\/2017\/07\/FB_IMG_1500285427335-1280x1191.jpg 1280w, https:\/\/www.richteronweb.de\/wp-content\/uploads\/2017\/07\/FB_IMG_1500285427335.jpg 1440w\" sizes=\"auto, (max-width: 300px) 100vw, 300px\" \/><\/a><\/p>\n<p><a href=\"http:\/\/richteronweb.de\/wp-content\/uploads\/2017\/07\/IMG_20170628_210255.jpg\"><img loading=\"lazy\" decoding=\"async\" class=\"alignnone size-medium wp-image-9193\" src=\"http:\/\/richteronweb.de\/wp-content\/uploads\/2017\/07\/IMG_20170628_210255-225x300.jpg\" alt=\"\" width=\"225\" height=\"300\" srcset=\"https:\/\/www.richteronweb.de\/wp-content\/uploads\/2017\/07\/IMG_20170628_210255-225x300.jpg 225w, https:\/\/www.richteronweb.de\/wp-content\/uploads\/2017\/07\/IMG_20170628_210255-768x1024.jpg 768w, https:\/\/www.richteronweb.de\/wp-content\/uploads\/2017\/07\/IMG_20170628_210255-700x933.jpg 700w, https:\/\/www.richteronweb.de\/wp-content\/uploads\/2017\/07\/IMG_20170628_210255-900x1200.jpg 900w, https:\/\/www.richteronweb.de\/wp-content\/uploads\/2017\/07\/IMG_20170628_210255-1280x1707.jpg 1280w\" sizes=\"auto, (max-width: 225px) 100vw, 225px\" \/><\/a>\u00a0\u00a0 <a href=\"http:\/\/richteronweb.de\/wp-content\/uploads\/2017\/07\/IMG_20170628_210529.jpg\"><img loading=\"lazy\" decoding=\"async\" class=\"alignnone size-medium wp-image-9192\" src=\"http:\/\/richteronweb.de\/wp-content\/uploads\/2017\/07\/IMG_20170628_210529-225x300.jpg\" alt=\"\" width=\"225\" height=\"300\" srcset=\"https:\/\/www.richteronweb.de\/wp-content\/uploads\/2017\/07\/IMG_20170628_210529-225x300.jpg 225w, https:\/\/www.richteronweb.de\/wp-content\/uploads\/2017\/07\/IMG_20170628_210529-768x1024.jpg 768w, https:\/\/www.richteronweb.de\/wp-content\/uploads\/2017\/07\/IMG_20170628_210529-700x933.jpg 700w, https:\/\/www.richteronweb.de\/wp-content\/uploads\/2017\/07\/IMG_20170628_210529-900x1200.jpg 900w, https:\/\/www.richteronweb.de\/wp-content\/uploads\/2017\/07\/IMG_20170628_210529-1280x1707.jpg 1280w\" sizes=\"auto, (max-width: 225px) 100vw, 225px\" \/><\/a><\/p>\n","protected":false},"excerpt":{"rendered":"<p>\u273d\u2022*\u00a8*\u2022\u0e51\u273f\u0e51\u00a0Meet &amp; Greet mit Heidrun Hurst \u0e51\u273f\u0e51\u2022*\u00a8*\u2022\u273d Ich war zum dritten Mal auf der Lesung zu der Historischen Triologie &#8220;Die Kinder des Bergmanns&#8221; von Heidrun Hurst. Ich gehe mittlerweile sehr gerne auf die Lesungen von der Autorin, weil sie mich &hellip; <a href=\"https:\/\/www.richteronweb.de\/?p=9191\">Weiterlesen <span class=\"meta-nav\">&rarr;<\/span><\/a><\/p>\n","protected":false},"author":1,"featured_media":0,"comment_status":"open","ping_status":"open","sticky":false,"template":"","format":"standard","meta":{"_jetpack_memberships_contains_paid_content":false,"footnotes":""},"categories":[1],"tags":[],"class_list":["post-9191","post","type-post","status-publish","format-standard","hentry","category-lesebuch"],"jetpack_featured_media_url":"","jetpack_sharing_enabled":true,"_links":{"self":[{"href":"https:\/\/www.richteronweb.de\/index.php?rest_route=\/wp\/v2\/posts\/9191","targetHints":{"allow":["GET"]}}],"collection":[{"href":"https:\/\/www.richteronweb.de\/index.php?rest_route=\/wp\/v2\/posts"}],"about":[{"href":"https:\/\/www.richteronweb.de\/index.php?rest_route=\/wp\/v2\/types\/post"}],"author":[{"embeddable":true,"href":"https:\/\/www.richteronweb.de\/index.php?rest_route=\/wp\/v2\/users\/1"}],"replies":[{"embeddable":true,"href":"https:\/\/www.richteronweb.de\/index.php?rest_route=%2Fwp%2Fv2%2Fcomments&post=9191"}],"version-history":[{"count":4,"href":"https:\/\/www.richteronweb.de\/index.php?rest_route=\/wp\/v2\/posts\/9191\/revisions"}],"predecessor-version":[{"id":18918,"href":"https:\/\/www.richteronweb.de\/index.php?rest_route=\/wp\/v2\/posts\/9191\/revisions\/18918"}],"wp:attachment":[{"href":"https:\/\/www.richteronweb.de\/index.php?rest_route=%2Fwp%2Fv2%2Fmedia&parent=9191"}],"wp:term":[{"taxonomy":"category","embeddable":true,"href":"https:\/\/www.richteronweb.de\/index.php?rest_route=%2Fwp%2Fv2%2Fcategories&post=9191"},{"taxonomy":"post_tag","embeddable":true,"href":"https:\/\/www.richteronweb.de\/index.php?rest_route=%2Fwp%2Fv2%2Ftags&post=9191"}],"curies":[{"name":"wp","href":"https:\/\/api.w.org\/{rel}","templated":true}]}}