{"id":9182,"date":"2017-07-17T11:44:36","date_gmt":"2017-07-17T09:44:36","guid":{"rendered":"http:\/\/richteronweb.de\/?p=9182"},"modified":"2022-04-01T13:18:55","modified_gmt":"2022-04-01T11:18:55","slug":"lesung-julia-fischer","status":"publish","type":"post","link":"https:\/\/www.richteronweb.de\/?p=9182","title":{"rendered":"Lesung: Julia Fischer"},"content":{"rendered":"<p><em><strong>\u2606\u00b4\u00a8)<\/strong><\/em><br \/>\n<em><strong> . \u00b8.\u2022\u00b4 \u00b8.\u2022*\u00b4\u00a8) \u2606.(\u00af`\u2022.\u2022\u00b4\u00af)<\/strong><\/em><br \/>\n<em><strong> (.\u00b8.\u2022\u00b4 (\u00b8.\u2022` \u2606 \u00a4\u00ba.`\u2022.\u00b8.\u2022\u00b4 \u2606\u2026\u2026.. Lesung <\/strong><strong>mit<\/strong> <span style=\"color: #000000;\"><strong>Julia Fischer<br \/>\n<\/strong><\/span><\/em><\/p>\n<p><em><strong>Am Freitag 09.06.2017 war ich bei einer sehr sch\u00f6nen Lesung mit einem dreig\u00e4nge Men\u00fc zu Besuch in Kandel. Diese Veranstaltung hatte das s\u00b4 Buchl\u00e4del <a href=\"http:\/\/www.buchlaedel.de\"><span style=\"color: #999999;\">http:\/\/www.buchlaedel.de<\/span><\/a> organisiert und die Autorin Julia Fischer hat dazu aus ihrem Buch &#8220;Die Galerie der D\u00fcfte&#8221; vorgelesen. Julia Fischer ist auch als H\u00f6rbuch Sprecherin sehr bekannt. Ich habe sie sogar live im November 2016 auf der lit.Love geh\u00f6rt, wie sie f\u00fcr Katharine Webb vorlas. Ich wurde sehr mit gerissen in das Buch &#8211; Die Galerie der D\u00fcfte, denn die Schriftstellerin hatte so eine wundervolle und einladende Stimme beim Vorlesen, so das man richtig entspannen und in der Geschichte eintauchen konnte. Habe mir an diesem Abend auch das Buch gekaut, nat\u00fcrlich mit einer wundersch\u00f6nen pers\u00f6nlichen Widmung. Nat\u00fcrlich auch ein gro\u00dfes Dankesch\u00f6n an das Orga-Team, s\u00b4 Buchl\u00e4del, f\u00fcr diesen tollen Abend.<\/strong><\/em><\/p>\n<p><a href=\"http:\/\/richteronweb.de\/wp-content\/uploads\/2017\/07\/FB_IMG_1500284481544.jpg\"><img loading=\"lazy\" decoding=\"async\" class=\"alignnone size-medium wp-image-9186\" src=\"http:\/\/richteronweb.de\/wp-content\/uploads\/2017\/07\/FB_IMG_1500284481544-300x159.jpg\" alt=\"\" width=\"300\" height=\"159\" srcset=\"https:\/\/www.richteronweb.de\/wp-content\/uploads\/2017\/07\/FB_IMG_1500284481544-300x159.jpg 300w, https:\/\/www.richteronweb.de\/wp-content\/uploads\/2017\/07\/FB_IMG_1500284481544-768x406.jpg 768w, https:\/\/www.richteronweb.de\/wp-content\/uploads\/2017\/07\/FB_IMG_1500284481544-700x370.jpg 700w, https:\/\/www.richteronweb.de\/wp-content\/uploads\/2017\/07\/FB_IMG_1500284481544-900x476.jpg 900w, https:\/\/www.richteronweb.de\/wp-content\/uploads\/2017\/07\/FB_IMG_1500284481544.jpg 1134w\" sizes=\"auto, (max-width: 300px) 100vw, 300px\" \/><\/a><\/p>\n<p><a href=\"http:\/\/richteronweb.de\/wp-content\/uploads\/2017\/06\/IMG_20170609_214528.jpg\"><img loading=\"lazy\" decoding=\"async\" class=\"alignnone size-medium wp-image-9062\" src=\"http:\/\/richteronweb.de\/wp-content\/uploads\/2017\/06\/IMG_20170609_214528-300x225.jpg\" alt=\"\" width=\"300\" height=\"225\" srcset=\"https:\/\/www.richteronweb.de\/wp-content\/uploads\/2017\/06\/IMG_20170609_214528-300x225.jpg 300w, https:\/\/www.richteronweb.de\/wp-content\/uploads\/2017\/06\/IMG_20170609_214528-768x576.jpg 768w, https:\/\/www.richteronweb.de\/wp-content\/uploads\/2017\/06\/IMG_20170609_214528-700x525.jpg 700w, https:\/\/www.richteronweb.de\/wp-content\/uploads\/2017\/06\/IMG_20170609_214528-900x675.jpg 900w, https:\/\/www.richteronweb.de\/wp-content\/uploads\/2017\/06\/IMG_20170609_214528-1280x960.jpg 1280w\" sizes=\"auto, (max-width: 300px) 100vw, 300px\" \/><\/a><\/p>\n","protected":false},"excerpt":{"rendered":"<p>\u2606\u00b4\u00a8) . \u00b8.\u2022\u00b4 \u00b8.\u2022*\u00b4\u00a8) \u2606.(\u00af`\u2022.\u2022\u00b4\u00af) (.\u00b8.\u2022\u00b4 (\u00b8.\u2022` \u2606 \u00a4\u00ba.`\u2022.\u00b8.\u2022\u00b4 \u2606\u2026\u2026.. Lesung mit Julia Fischer Am Freitag 09.06.2017 war ich bei einer sehr sch\u00f6nen Lesung mit einem dreig\u00e4nge Men\u00fc zu Besuch in Kandel. Diese Veranstaltung hatte das s\u00b4 Buchl\u00e4del http:\/\/www.buchlaedel.de organisiert &hellip; <a href=\"https:\/\/www.richteronweb.de\/?p=9182\">Weiterlesen <span class=\"meta-nav\">&rarr;<\/span><\/a><\/p>\n","protected":false},"author":1,"featured_media":0,"comment_status":"open","ping_status":"open","sticky":false,"template":"","format":"standard","meta":{"_jetpack_memberships_contains_paid_content":false,"footnotes":""},"categories":[1],"tags":[],"class_list":["post-9182","post","type-post","status-publish","format-standard","hentry","category-lesebuch"],"jetpack_featured_media_url":"","jetpack_sharing_enabled":true,"_links":{"self":[{"href":"https:\/\/www.richteronweb.de\/index.php?rest_route=\/wp\/v2\/posts\/9182","targetHints":{"allow":["GET"]}}],"collection":[{"href":"https:\/\/www.richteronweb.de\/index.php?rest_route=\/wp\/v2\/posts"}],"about":[{"href":"https:\/\/www.richteronweb.de\/index.php?rest_route=\/wp\/v2\/types\/post"}],"author":[{"embeddable":true,"href":"https:\/\/www.richteronweb.de\/index.php?rest_route=\/wp\/v2\/users\/1"}],"replies":[{"embeddable":true,"href":"https:\/\/www.richteronweb.de\/index.php?rest_route=%2Fwp%2Fv2%2Fcomments&post=9182"}],"version-history":[{"count":5,"href":"https:\/\/www.richteronweb.de\/index.php?rest_route=\/wp\/v2\/posts\/9182\/revisions"}],"predecessor-version":[{"id":18964,"href":"https:\/\/www.richteronweb.de\/index.php?rest_route=\/wp\/v2\/posts\/9182\/revisions\/18964"}],"wp:attachment":[{"href":"https:\/\/www.richteronweb.de\/index.php?rest_route=%2Fwp%2Fv2%2Fmedia&parent=9182"}],"wp:term":[{"taxonomy":"category","embeddable":true,"href":"https:\/\/www.richteronweb.de\/index.php?rest_route=%2Fwp%2Fv2%2Fcategories&post=9182"},{"taxonomy":"post_tag","embeddable":true,"href":"https:\/\/www.richteronweb.de\/index.php?rest_route=%2Fwp%2Fv2%2Ftags&post=9182"}],"curies":[{"name":"wp","href":"https:\/\/api.w.org\/{rel}","templated":true}]}}