{"id":7214,"date":"2017-02-14T10:00:37","date_gmt":"2017-02-14T09:00:37","guid":{"rendered":"http:\/\/richteronweb.de\/?p=7214"},"modified":"2025-10-20T17:58:51","modified_gmt":"2025-10-20T15:58:51","slug":"jane-christo-blogtag-2-2","status":"publish","type":"post","link":"https:\/\/www.richteronweb.de\/?p=7214","title":{"rendered":"Interview mit Jane Christo"},"content":{"rendered":"<p><span style=\"color: #000000;\"><em><strong><span id=\"fbPhotoSnowliftCaption\" class=\"fbPhotosPhotoCaption\" tabindex=\"0\" data-ft=\"{&quot;tn&quot;:&quot;K&quot;}\"><span class=\"hasCaption\">\u273d\u2022*\u00a8*\u2022\u0e51\u273f\u0e51\u2605 Autoreninterview \u2605\u0e51\u273f\u0e51\u2022*\u00a8*\u2022\u273d<\/span><\/span><\/strong><\/em><\/span><\/p>\n<p><span style=\"color: #000000;\"><strong><i>1. Wer ist <\/i><em>Jane Christo? Magst du dich mal kurz vorstellen?<\/em><\/strong><\/span><\/p>\n<p><span style=\"color: #000000;\"><a style=\"color: #000000;\" href=\"http:\/\/richteronweb.de\/wp-content\/uploads\/2017\/02\/91SJZHa6vyL._UX250_.jpg\"><img loading=\"lazy\" decoding=\"async\" class=\"alignnone size-full wp-image-11288\" src=\"http:\/\/richteronweb.de\/wp-content\/uploads\/2017\/02\/91SJZHa6vyL._UX250_.jpg\" alt=\"\" width=\"250\" height=\"250\" srcset=\"https:\/\/www.richteronweb.de\/wp-content\/uploads\/2017\/02\/91SJZHa6vyL._UX250_.jpg 250w, https:\/\/www.richteronweb.de\/wp-content\/uploads\/2017\/02\/91SJZHa6vyL._UX250_-150x150.jpg 150w, https:\/\/www.richteronweb.de\/wp-content\/uploads\/2017\/02\/91SJZHa6vyL._UX250_-88x88.jpg 88w\" sizes=\"auto, (max-width: 250px) 100vw, 250px\" \/><\/a><\/span><\/p>\n<p><span style=\"color: #000000;\"><em><strong>Hallo Alex, vielen Dank f\u00fcr die Einladung!<\/strong><\/em><\/span><\/p>\n<p><span style=\"color: #000000;\"><em><strong><span class=\"\">Urspr\u00fcnglich komme ich\u00a0<\/span><span class=\"\">aus dem Grafik-Design-Bereich.<\/span><span class=\"\">\u00a0Nachdem ich w\u00e4hrend einer Kundenpr\u00e4sentation dauernd dazwischen gequatscht, und dabei irgendwie die entscheidenden Headlines &amp; Keywords geliefert habe,\u00a0<\/span><span class=\"\">bin ich mehr und mehr in die Textarbeit gerutscht, bis ich schlie\u00dflich f\u00fcr die Mitarbeiterjournale zust\u00e4ndig war. <\/span>Danach war das mit dem Schreiben eigentlich nur eine Frage der Zeit. <\/strong><\/em><em><strong><span class=\"\">Als Christine Thomas ver\u00f6ffentliche ich New Adult &amp; Young Adult-Romane.\u00a0<\/span><span class=\"\">Da ich neben Teen-Novels auch knisternde Romantik liebe, gepaart mit Suspense, Thrill und einem Schuss Erotik, schreibe ich als Jane Christo in diesen Genres. Humor ist f\u00fcr mich ebenso wichtig wie Spannung. Wenn ich nicht gerade am Schreibtisch sitze\u00a0<\/span>findest du mich an der Kaffeemaschine. Neben Koffein<span class=\"\">\u00a0bin ich verr\u00fcckt nach American Football &amp; Lakritz. Au\u00dferdem reisen mein Schatz und ich sehr viel. Schreiben kann ich schlie\u00dflich \u00fcberall.<\/span><\/strong><\/em><\/span><\/p>\n<p><span style=\"color: #000000;\"><em><strong>2. Die wohl meist gestellte Frage: Wie bist du zum Schreiben gekommen?<\/strong><\/em><\/span><\/p>\n<p><span style=\"color: #000000;\"><em><strong>Das kam, wie oben beschrieben, nach und nach. Der Ausschlag zu Schreiben war eine monatelange Leseflaute. Damals habe ich ein Buch nach dem anderen abgebrochen, also habe ich abgefangen, eine eigene Geschichte zu schreiben. Mein erster Roman liegt \u00fcbrigens immer noch in der Schublade.<\/strong><\/em><\/span><\/p>\n<p><span style=\"color: #000000;\"><em><strong>3. so spontan\u2026 was f\u00e4llt dir mit deinen Namenbuchstaben sofort ein?<\/strong><\/em><\/span><\/p>\n<div class=\"\">\n<p><span style=\"color: #000000;\"><em><strong>Jane Christo (und Christine Thomas) steht f\u00fcr starke Frauen, starke Gef\u00fchle &amp; starke Geschichten.<\/strong><\/em><\/span><\/p>\n<p><span style=\"color: #000000;\"><em><strong>4. Wie lange hast du an dem Buch gearbeitet? Arbeitest du wirklich so von morgens bis abends, wie in einem B\u00fcro oder aber auch mal nachts?<\/strong><\/em><\/span><\/p>\n<p class=\"\"><span style=\"color: #000000;\"><em><strong>Im Schnitt arbeite ich 3 Monate an einem Roman. Es kann auch schon mal l\u00e4nger dauern, das h\u00e4ngt von der Thematik ab und wie tief ich mich einarbeiten muss.<\/strong><\/em><\/span><\/p>\n<p class=\"\"><span style=\"color: #000000;\"><em><strong>Ich habe ja noch meinen Job den ich liebe, darum schreibe ich wann immer es mir m\u00f6glich ist \u2013 mal Morgens, mal Nachts.<\/strong><\/em><\/span><\/p>\n<p><span style=\"color: #000000;\"><strong><em><span class=\"null\">5. <\/span><\/em><\/strong><em><strong>Was machst du hinterher, wenn das Buch beendet und ver\u00f6ffentlicht ist?<\/strong><br \/>\n<strong> St\u00fcrzt du dich gleich in den n\u00e4chsten Schreibmarathon?<\/strong><\/em><\/span><\/p>\n<p><span style=\"color: #000000;\"><em><strong>Oft kommen mir im letzten Drittel eines Romans Ideen f\u00fcr ein neues Projekt. Die skizziere ich teilweise noch w\u00e4hrend ich an einem anderen Buch arbeite. Nach einer Pause fange ich dann mit dem Konzept an.\u00a0<\/strong><\/em><\/span><\/p>\n<p><span style=\"color: #000000;\"><strong><em><span class=\"null\">6. Was ist bis jetzt der Sch\u00f6nste Moment in Deiner bisherigen Zeit als Autorin gewesen?<\/span><\/em><\/strong><\/span><\/p>\n<p class=\"\"><span style=\"color: #000000;\"><em><strong>Ich bekomme viele Mails von Lesern. Die Nachrichten, die mich am meisten Ber\u00fchren, kommen oft aus dem Jugendbuchbereich. Das sind herzerw\u00e4rmende, knieerweichende, Kreisch-m\u00e4\u00dfige, teilweise sehr emotionale Briefe. Gestern hat mich ein Mail einer jungen Leserin erreicht, die sich meiner Jasmin aus &#8220;Rock My World\u201c sehr nahe f\u00fchlt, da sie \u00e4hnliches erlebt hat. Sie hat mir geschrieben, wie viel Mut ihr mein Roman gemacht hat. Das sind sehr kostbare Momente f\u00fcr mich.\u00a0<\/strong><\/em><\/span><\/p>\n<p class=\"\"><span style=\"color: #000000;\"><em><strong>Eine andere Leserin hat mir zum selben Buch geschrieben, dass ich ihr geholfen habe, ihr Leben zu verbessern. Wie meine Heldin aus &#8220;Rock My World\u201c hat sie anfangen, Gitarre zu lernen, damit sie ihre Gef\u00fchle besser ausdr\u00fccken k\u00f6nnen. Eine andere Leserin hat wie Milena (aus Milena \u2013 Crazy in Love) mit Kampfsport begonnen, um sich nicht l\u00e4nger klein und schwach zu f\u00fchlen.\u00a0<\/strong><\/em><\/span><\/p>\n<p class=\"\"><span style=\"color: #000000;\"><em><strong>Bei solchen Briefen k\u00f6nnte ich vor Freude heulen.<\/strong><\/em><\/span><\/p>\n<p><span style=\"color: #000000;\"><em><strong>7. Ist dir Kritik von deinen Lesern wichtig und wie gehst du damit um?<\/strong><\/em><\/span><\/p>\n<p><span style=\"color: #000000;\"><em><strong>Ich setze mich mit Kritik, Anregungen und Ideen meiner Leser immer auseinander. Ich schreibe f\u00fcr sie, darum ist mir ihre Meinung wichtig.<\/strong><\/em><\/span><\/p>\n<p><span style=\"color: #000000;\"><em><strong>8. Bist du ein Faschings Mensch? Wenn ja, was fasziniert dich daran?<\/strong><\/em><\/span><\/p>\n<p><span style=\"color: #000000;\"><em><strong>Mein Schatz ist eine rheinische Frohnatur aus K\u00f6ln. Er liebt den K\u00f6lner Karneval hei\u00df &amp; innig. Irgendwas muss er in seinem letzten Leben verbrochen haben, denn ich kann mit Karneval nicht das Geringste anfangen. Armer Schatz.<\/strong><\/em><\/span><\/p>\n<p><span style=\"color: #000000;\"><em><strong>9.<\/strong><\/em> <em><strong>Angenommen, du h\u00e4ttest ausreichend Geld, um dir deinen Traum zu verwirklichen: Wo auf dieser Welt w\u00fcrdest du am liebsten dein Schreibdomizil errichten?<\/strong><\/em><\/span><\/p>\n<p class=\"\"><span style=\"color: #000000;\"><em><strong>Mein Schatz und ich jetten viel durch die Welt. Eines haben unsere Ziele immer gemeinsam, das ist die N\u00e4he zum Meer.\u00a0<\/strong><\/em><\/span><\/p>\n<p class=\"\"><span style=\"color: #000000;\"><em><strong>Nichts gegen Berge, die sind wundersch\u00f6n. Aber wo immer ich mal leben werde, es muss in jedem Fall am Ozean sein.<\/strong><\/em><\/span><\/p>\n<p><span style=\"color: #000000;\"><em><strong>10. Und die letzte Frage: Wenn du an die Schule zur\u00fcckdenkst; Was war da dein liebstes und welches dein verhasstestes Fach \u2013 und wieso?<\/strong><\/em><\/span><\/p>\n<p><span style=\"color: #999999;\"><em><strong><span style=\"color: #000000;\"><span class=\"\">Das kann ich gar nicht so pauschal sagen. Ich mochte F\u00e4cher mit Lehrern, die gern Lehrer waren. Da war das Fach fast schon Nebensache. Ich mochte Mathe, weil alles so logisch war.\u00a0<\/span><span class=\"\">Ich wollte die Dinge immer verstehen.<\/span><\/span><span class=\"\"><span style=\"color: #000000;\">\u00a0Mit dem richtigen Lehrer hat das sogar Spa\u00df gemacht. In anderen F\u00e4chern war es \u00e4hnlich.<\/span><br \/>\n<\/span><\/strong><\/em><\/span><\/p>\n<\/div>\n","protected":false},"excerpt":{"rendered":"<p>\u273d\u2022*\u00a8*\u2022\u0e51\u273f\u0e51\u2605 Autoreninterview \u2605\u0e51\u273f\u0e51\u2022*\u00a8*\u2022\u273d 1. Wer ist Jane Christo? Magst du dich mal kurz vorstellen? Hallo Alex, vielen Dank f\u00fcr die Einladung! Urspr\u00fcnglich komme ich\u00a0aus dem Grafik-Design-Bereich.\u00a0Nachdem ich w\u00e4hrend einer Kundenpr\u00e4sentation dauernd dazwischen gequatscht, und dabei irgendwie die entscheidenden Headlines &amp; &hellip; <a href=\"https:\/\/www.richteronweb.de\/?p=7214\">Weiterlesen <span class=\"meta-nav\">&rarr;<\/span><\/a><\/p>\n","protected":false},"author":1,"featured_media":0,"comment_status":"open","ping_status":"open","sticky":false,"template":"","format":"standard","meta":{"_jetpack_memberships_contains_paid_content":false,"footnotes":""},"categories":[1],"tags":[],"class_list":["post-7214","post","type-post","status-publish","format-standard","hentry","category-lesebuch"],"jetpack_featured_media_url":"","jetpack_sharing_enabled":true,"_links":{"self":[{"href":"https:\/\/www.richteronweb.de\/index.php?rest_route=\/wp\/v2\/posts\/7214","targetHints":{"allow":["GET"]}}],"collection":[{"href":"https:\/\/www.richteronweb.de\/index.php?rest_route=\/wp\/v2\/posts"}],"about":[{"href":"https:\/\/www.richteronweb.de\/index.php?rest_route=\/wp\/v2\/types\/post"}],"author":[{"embeddable":true,"href":"https:\/\/www.richteronweb.de\/index.php?rest_route=\/wp\/v2\/users\/1"}],"replies":[{"embeddable":true,"href":"https:\/\/www.richteronweb.de\/index.php?rest_route=%2Fwp%2Fv2%2Fcomments&post=7214"}],"version-history":[{"count":30,"href":"https:\/\/www.richteronweb.de\/index.php?rest_route=\/wp\/v2\/posts\/7214\/revisions"}],"predecessor-version":[{"id":27937,"href":"https:\/\/www.richteronweb.de\/index.php?rest_route=\/wp\/v2\/posts\/7214\/revisions\/27937"}],"wp:attachment":[{"href":"https:\/\/www.richteronweb.de\/index.php?rest_route=%2Fwp%2Fv2%2Fmedia&parent=7214"}],"wp:term":[{"taxonomy":"category","embeddable":true,"href":"https:\/\/www.richteronweb.de\/index.php?rest_route=%2Fwp%2Fv2%2Fcategories&post=7214"},{"taxonomy":"post_tag","embeddable":true,"href":"https:\/\/www.richteronweb.de\/index.php?rest_route=%2Fwp%2Fv2%2Ftags&post=7214"}],"curies":[{"name":"wp","href":"https:\/\/api.w.org\/{rel}","templated":true}]}}