{"id":5264,"date":"2016-10-21T10:12:43","date_gmt":"2016-10-21T08:12:43","guid":{"rendered":"http:\/\/richteronweb.de\/?p=5264"},"modified":"2022-02-08T18:29:26","modified_gmt":"2022-02-08T17:29:26","slug":"lesung-brigitte-glaser","status":"publish","type":"post","link":"https:\/\/www.richteronweb.de\/?p=5264","title":{"rendered":"Lesung: Brigitte Glaser"},"content":{"rendered":"<p><span style=\"color: #000000;\"><em><strong>\u2606\u00b4\u00a8)<\/strong><\/em><\/span><br \/>\n<span style=\"color: #000000;\"><em><strong> . \u00b8.\u2022\u00b4 \u00b8.\u2022*\u00b4\u00a8) \u2606.(\u00af`\u2022.\u2022\u00b4\u00af)<\/strong><\/em><\/span><br \/>\n<span style=\"color: #000000;\"><em><strong> (.\u00b8.\u2022\u00b4 (\u00b8.\u2022` \u2606 \u00a4\u00ba.`\u2022.\u00b8.\u2022\u00b4 \u2606\u2026\u2026.. Lesung mit<\/strong><strong> Brigitte Glaser<\/strong><\/em><\/span><\/p>\n<p><span style=\"color: #000000;\"><em><strong>Am Freitag, 14.10.2016 war ich auf der Lesung von Brigitte Glaser. Die Veranstaltung hat meine Lieblingsbuchhandlung am Rathaus aus Achern organisiert. Ich war diesmal einer Bestseller Autorin so nah, das war, kann ich nicht beschreiben&#8230; Wahnsinn!!! Brigitte Glaser hat aus ihrem neuesten Roman &#8220;B\u00fchlerh\u00f6he&#8221; vorgelesen. Es ist aus dem Genre Historie. Die wenigen Passagen, hat sie so beeindruckend vorgelesen, das ich jetzt noch genau den Wortlaut aus der Handlung im Kopf habe. Es war richtig spannend und mit viel Gef\u00fchl aus dem Buch gelesen worden. Sie hat sogar versucht, die Stimmlage zu den einzelnen Sprechs\u00e4tzen zu ver\u00e4ndern. Ist ihr auch gut gelungen. Sie las laut und deutlich vor. Selbst die Recherche f\u00fcr die Handlung wurde gut gemacht und auch vorgestellt, wie sie die Informationen zu dieser Zeit in das<\/strong> <\/em><em><strong>Buch umgesetzt hat. Leider habe ich das Buch selbst noch nicht gelesen, steht aber auf meiner Weihnachts-Wunschliste. Denn das Buch ist ein Muss, weil die Handlung unmittelbar in meiner N\u00e4he abspielt. <\/strong><\/em><\/span><\/p>\n<p><span style=\"color: #000000;\"><em><strong>Noch kurz etwas zur Autorin:<\/strong><\/em><\/span><br \/>\n<span style=\"color: #000000;\"><em><strong>Brigitte Glaser lebt seit \u00fcber 30 Jahren in K\u00f6ln. Bevor sie zum<\/strong> <strong>Schreiben kam, hat die studierte Sozialp\u00e4dagogin der Jugendarbeit und im Medienbereich gearbeitet. Heute schreibt sie B\u00fccher f\u00fcr Jugendliche und Krimis f\u00fcr Erwachsene, u. a. ihre erfolgreiche Krimiserie um die K\u00f6chin Katharina Schweitzer.<\/strong><\/em><\/span><\/p>\n<p><a href=\"http:\/\/richteronweb.de\/wp-content\/uploads\/2016\/10\/aviary-image-1476950368787.jpeg\"><img loading=\"lazy\" decoding=\"async\" class=\"alignnone size-medium wp-image-5265\" src=\"http:\/\/richteronweb.de\/wp-content\/uploads\/2016\/10\/aviary-image-1476950368787-225x300.jpeg\" alt=\"aviary-image-1476950368787\" width=\"225\" height=\"300\" srcset=\"https:\/\/www.richteronweb.de\/wp-content\/uploads\/2016\/10\/aviary-image-1476950368787-225x300.jpeg 225w, https:\/\/www.richteronweb.de\/wp-content\/uploads\/2016\/10\/aviary-image-1476950368787-768x1024.jpeg 768w, https:\/\/www.richteronweb.de\/wp-content\/uploads\/2016\/10\/aviary-image-1476950368787-900x1200.jpeg 900w, https:\/\/www.richteronweb.de\/wp-content\/uploads\/2016\/10\/aviary-image-1476950368787-1280x1707.jpeg 1280w\" sizes=\"auto, (max-width: 225px) 100vw, 225px\" \/><\/a><\/p>\n","protected":false},"excerpt":{"rendered":"<p>\u2606\u00b4\u00a8) . \u00b8.\u2022\u00b4 \u00b8.\u2022*\u00b4\u00a8) \u2606.(\u00af`\u2022.\u2022\u00b4\u00af) (.\u00b8.\u2022\u00b4 (\u00b8.\u2022` \u2606 \u00a4\u00ba.`\u2022.\u00b8.\u2022\u00b4 \u2606\u2026\u2026.. Lesung mit Brigitte Glaser Am Freitag, 14.10.2016 war ich auf der Lesung von Brigitte Glaser. Die Veranstaltung hat meine Lieblingsbuchhandlung am Rathaus aus Achern organisiert. Ich war diesmal einer Bestseller &hellip; <a href=\"https:\/\/www.richteronweb.de\/?p=5264\">Weiterlesen <span class=\"meta-nav\">&rarr;<\/span><\/a><\/p>\n","protected":false},"author":1,"featured_media":0,"comment_status":"open","ping_status":"open","sticky":false,"template":"","format":"standard","meta":{"_jetpack_memberships_contains_paid_content":false,"footnotes":""},"categories":[1],"tags":[],"class_list":["post-5264","post","type-post","status-publish","format-standard","hentry","category-lesebuch"],"jetpack_featured_media_url":"","jetpack_sharing_enabled":true,"_links":{"self":[{"href":"https:\/\/www.richteronweb.de\/index.php?rest_route=\/wp\/v2\/posts\/5264","targetHints":{"allow":["GET"]}}],"collection":[{"href":"https:\/\/www.richteronweb.de\/index.php?rest_route=\/wp\/v2\/posts"}],"about":[{"href":"https:\/\/www.richteronweb.de\/index.php?rest_route=\/wp\/v2\/types\/post"}],"author":[{"embeddable":true,"href":"https:\/\/www.richteronweb.de\/index.php?rest_route=\/wp\/v2\/users\/1"}],"replies":[{"embeddable":true,"href":"https:\/\/www.richteronweb.de\/index.php?rest_route=%2Fwp%2Fv2%2Fcomments&post=5264"}],"version-history":[{"count":4,"href":"https:\/\/www.richteronweb.de\/index.php?rest_route=\/wp\/v2\/posts\/5264\/revisions"}],"predecessor-version":[{"id":18348,"href":"https:\/\/www.richteronweb.de\/index.php?rest_route=\/wp\/v2\/posts\/5264\/revisions\/18348"}],"wp:attachment":[{"href":"https:\/\/www.richteronweb.de\/index.php?rest_route=%2Fwp%2Fv2%2Fmedia&parent=5264"}],"wp:term":[{"taxonomy":"category","embeddable":true,"href":"https:\/\/www.richteronweb.de\/index.php?rest_route=%2Fwp%2Fv2%2Fcategories&post=5264"},{"taxonomy":"post_tag","embeddable":true,"href":"https:\/\/www.richteronweb.de\/index.php?rest_route=%2Fwp%2Fv2%2Ftags&post=5264"}],"curies":[{"name":"wp","href":"https:\/\/api.w.org\/{rel}","templated":true}]}}