{"id":3794,"date":"2016-07-13T16:01:10","date_gmt":"2016-07-13T14:01:10","guid":{"rendered":"http:\/\/richteronweb.de\/?p=3794"},"modified":"2016-09-06T15:13:13","modified_gmt":"2016-09-06T13:13:13","slug":"3794","status":"publish","type":"post","link":"https:\/\/www.richteronweb.de\/?p=3794","title":{"rendered":"Der de Luca Clan: Vergn\u00fcgt! Ein Treffen in den Wolken (6) von Isabella Defano"},"content":{"rendered":"<p><a href=\"http:\/\/richteronweb.de\/wp-content\/uploads\/2016\/07\/aviary-image-1468410863861.jpeg\"><img loading=\"lazy\" decoding=\"async\" class=\"alignnone size-medium wp-image-3786\" src=\"http:\/\/richteronweb.de\/wp-content\/uploads\/2016\/07\/aviary-image-1468410863861-225x300.jpeg\" alt=\"aviary-image-1468410863861\" width=\"225\" height=\"300\" srcset=\"https:\/\/www.richteronweb.de\/wp-content\/uploads\/2016\/07\/aviary-image-1468410863861-225x300.jpeg 225w, https:\/\/www.richteronweb.de\/wp-content\/uploads\/2016\/07\/aviary-image-1468410863861-768x1024.jpeg 768w\" sizes=\"auto, (max-width: 225px) 100vw, 225px\" \/><\/a><\/p>\n<p><em><strong><span style=\"color: #808080;\">\u273f*\uff9f\u00a8\uff9f\u270e\u2026\u2026\u2026<\/span> Buchreihe!<br \/>\n<\/strong><\/em><\/p>\n<p><span style=\"color: #000000;\"><em><strong>Ich habe das Buch als Rezentin erhalten. Normalerweise lese ich weniger Buchreihen, aber ich war so von dem Cover eingeladen worden zu lesen und habe recherchiert. Es ist der 6. Band, aber laut der Autorin, unabh\u00e4ngig von den ersten B\u00e4nden lesbar. Also habe ich begonnen zu lesen und wurde an das Buch und deren Handlung gefesselt. Es hat Spannung, Liebe, Hass und \u00c4ngste, Familienzusammenhalt uvm. Meine Buchkriterien sind hier absolut erf\u00fcllt worden. Ich habe es ab und zu zur Seite gelegt, um das gelesene zu \u00fcberdenken, und kam bei erneuten Lesebeginn wieder sofort in das geschriebene rein. Isabella Defano hat eine sch\u00f6ne und lockere Schreibweise, der man sehr gut folgen kann. Ich habe mir sogar die ersten f\u00fcnf B\u00e4nde mal auf meine Wunschliste geschrieben und freue mich bald mehr von dem de Luca Clan zu erfahren. Absolute Kaufempfehlung.<\/strong><\/em><\/span><\/p>\n","protected":false},"excerpt":{"rendered":"<p>\u273f*\uff9f\u00a8\uff9f\u270e\u2026\u2026\u2026 Buchreihe! Ich habe das Buch als Rezentin erhalten. Normalerweise lese ich weniger Buchreihen, aber ich war so von dem Cover eingeladen worden zu lesen und habe recherchiert. Es ist der 6. Band, aber laut der Autorin, unabh\u00e4ngig von den &hellip; <a href=\"https:\/\/www.richteronweb.de\/?p=3794\">Weiterlesen <span class=\"meta-nav\">&rarr;<\/span><\/a><\/p>\n","protected":false},"author":1,"featured_media":0,"comment_status":"open","ping_status":"open","sticky":false,"template":"","format":"standard","meta":{"_jetpack_memberships_contains_paid_content":false,"footnotes":""},"categories":[1],"tags":[],"class_list":["post-3794","post","type-post","status-publish","format-standard","hentry","category-lesebuch"],"jetpack_featured_media_url":"","jetpack_sharing_enabled":true,"_links":{"self":[{"href":"https:\/\/www.richteronweb.de\/index.php?rest_route=\/wp\/v2\/posts\/3794","targetHints":{"allow":["GET"]}}],"collection":[{"href":"https:\/\/www.richteronweb.de\/index.php?rest_route=\/wp\/v2\/posts"}],"about":[{"href":"https:\/\/www.richteronweb.de\/index.php?rest_route=\/wp\/v2\/types\/post"}],"author":[{"embeddable":true,"href":"https:\/\/www.richteronweb.de\/index.php?rest_route=\/wp\/v2\/users\/1"}],"replies":[{"embeddable":true,"href":"https:\/\/www.richteronweb.de\/index.php?rest_route=%2Fwp%2Fv2%2Fcomments&post=3794"}],"version-history":[{"count":4,"href":"https:\/\/www.richteronweb.de\/index.php?rest_route=\/wp\/v2\/posts\/3794\/revisions"}],"predecessor-version":[{"id":4640,"href":"https:\/\/www.richteronweb.de\/index.php?rest_route=\/wp\/v2\/posts\/3794\/revisions\/4640"}],"wp:attachment":[{"href":"https:\/\/www.richteronweb.de\/index.php?rest_route=%2Fwp%2Fv2%2Fmedia&parent=3794"}],"wp:term":[{"taxonomy":"category","embeddable":true,"href":"https:\/\/www.richteronweb.de\/index.php?rest_route=%2Fwp%2Fv2%2Fcategories&post=3794"},{"taxonomy":"post_tag","embeddable":true,"href":"https:\/\/www.richteronweb.de\/index.php?rest_route=%2Fwp%2Fv2%2Ftags&post=3794"}],"curies":[{"name":"wp","href":"https:\/\/api.w.org\/{rel}","templated":true}]}}