{"id":28875,"date":"2026-09-02T11:06:19","date_gmt":"2026-09-02T09:06:19","guid":{"rendered":"https:\/\/www.richteronweb.de\/?p=28875"},"modified":"2026-09-02T11:06:19","modified_gmt":"2026-09-02T09:06:19","slug":"das-bin-ich-2","status":"publish","type":"post","link":"https:\/\/www.richteronweb.de\/?p=28875","title":{"rendered":"Das bin ich"},"content":{"rendered":"\n<figure class=\"wp-block-image size-large\"><img loading=\"lazy\" decoding=\"async\" width=\"700\" height=\"700\" src=\"https:\/\/www.richteronweb.de\/wp-content\/uploads\/2026\/09\/fb_img_17883398176868764581603824415575-700x700.jpg\" alt=\"\" class=\"wp-image-28874\" srcset=\"https:\/\/www.richteronweb.de\/wp-content\/uploads\/2026\/09\/fb_img_17883398176868764581603824415575-700x700.jpg 700w, https:\/\/www.richteronweb.de\/wp-content\/uploads\/2026\/09\/fb_img_17883398176868764581603824415575-300x300.jpg 300w, https:\/\/www.richteronweb.de\/wp-content\/uploads\/2026\/09\/fb_img_17883398176868764581603824415575-150x150.jpg 150w, https:\/\/www.richteronweb.de\/wp-content\/uploads\/2026\/09\/fb_img_17883398176868764581603824415575-768x768.jpg 768w, https:\/\/www.richteronweb.de\/wp-content\/uploads\/2026\/09\/fb_img_17883398176868764581603824415575.jpg 1440w\" sizes=\"auto, (max-width: 700px) 100vw, 700px\" \/><\/figure>\n\n\n\n<p class=\"wp-block-paragraph\"><em><strong>Genau vor drei Jahren entstand eines von vier weiteren Bildern &#8211; dieses hier. Fotografiert von meinem j\u00fcngsten Sohnes Henrik. Und dazu habe ich heute das passende Zitat von Jorge Luis Borges f\u00fcr mich entdeckt.<\/strong><\/em><br><em><strong>Habt einen sch\u00f6nen Tag, mit einigen Lesestunden.<\/strong><\/em><\/p>\n\n\n\n<p class=\"wp-block-paragraph\"><\/p>\n","protected":false},"excerpt":{"rendered":"<p>Genau vor drei Jahren entstand eines von vier weiteren Bildern &#8211; dieses hier. Fotografiert von meinem j\u00fcngsten Sohnes Henrik. Und dazu habe ich heute das passende Zitat von Jorge Luis Borges f\u00fcr mich entdeckt.Habt einen sch\u00f6nen Tag, mit einigen Lesestunden.<\/p>\n","protected":false},"author":1,"featured_media":0,"comment_status":"open","ping_status":"open","sticky":false,"template":"","format":"standard","meta":{"_jetpack_newsletter_access":"","_jetpack_dont_email_post_to_subs":false,"_jetpack_newsletter_tier_id":0,"_jetpack_memberships_contains_paywalled_content":false,"_jetpack_feature_clip_id":0,"_jetpack_memberships_contains_paid_content":false,"footnotes":"","jetpack_post_was_ever_published":false},"categories":[1],"tags":[],"class_list":["post-28875","post","type-post","status-publish","format-standard","hentry","category-lesebuch"],"jetpack_sharing_enabled":true,"jetpack_featured_media_url":"","_links":{"self":[{"href":"https:\/\/www.richteronweb.de\/index.php?rest_route=\/wp\/v2\/posts\/28875","targetHints":{"allow":["GET"]}}],"collection":[{"href":"https:\/\/www.richteronweb.de\/index.php?rest_route=\/wp\/v2\/posts"}],"about":[{"href":"https:\/\/www.richteronweb.de\/index.php?rest_route=\/wp\/v2\/types\/post"}],"author":[{"embeddable":true,"href":"https:\/\/www.richteronweb.de\/index.php?rest_route=\/wp\/v2\/users\/1"}],"replies":[{"embeddable":true,"href":"https:\/\/www.richteronweb.de\/index.php?rest_route=%2Fwp%2Fv2%2Fcomments&post=28875"}],"version-history":[{"count":0,"href":"https:\/\/www.richteronweb.de\/index.php?rest_route=\/wp\/v2\/posts\/28875\/revisions"}],"wp:attachment":[{"href":"https:\/\/www.richteronweb.de\/index.php?rest_route=%2Fwp%2Fv2%2Fmedia&parent=28875"}],"wp:term":[{"taxonomy":"category","embeddable":true,"href":"https:\/\/www.richteronweb.de\/index.php?rest_route=%2Fwp%2Fv2%2Fcategories&post=28875"},{"taxonomy":"post_tag","embeddable":true,"href":"https:\/\/www.richteronweb.de\/index.php?rest_route=%2Fwp%2Fv2%2Ftags&post=28875"}],"curies":[{"name":"wp","href":"https:\/\/api.w.org\/{rel}","templated":true}]}}