{"id":28858,"date":"2026-08-31T10:42:33","date_gmt":"2026-08-31T08:42:33","guid":{"rendered":"https:\/\/www.richteronweb.de\/?p=28858"},"modified":"2026-09-01T10:44:00","modified_gmt":"2026-09-01T08:44:00","slug":"meine-liebe-zu-buecher-59","status":"publish","type":"post","link":"https:\/\/www.richteronweb.de\/?p=28858","title":{"rendered":"Meine Liebe zu B\u00fccher!"},"content":{"rendered":"\r\n\r\n\r\n<p class=\"wp-block-paragraph\"><a href=\"https:\/\/www.richteronweb.de\/wp-content\/uploads\/2026\/09\/fb_img_17882520859456555134638634987195.jpg\"><img loading=\"lazy\" decoding=\"async\" class=\"alignnone size-medium wp-image-28857\" src=\"https:\/\/www.richteronweb.de\/wp-content\/uploads\/2026\/09\/fb_img_17882520859456555134638634987195-300x300.jpg\" alt=\"\" width=\"300\" height=\"300\" srcset=\"https:\/\/www.richteronweb.de\/wp-content\/uploads\/2026\/09\/fb_img_17882520859456555134638634987195-300x300.jpg 300w, https:\/\/www.richteronweb.de\/wp-content\/uploads\/2026\/09\/fb_img_17882520859456555134638634987195-700x700.jpg 700w, https:\/\/www.richteronweb.de\/wp-content\/uploads\/2026\/09\/fb_img_17882520859456555134638634987195-150x150.jpg 150w, https:\/\/www.richteronweb.de\/wp-content\/uploads\/2026\/09\/fb_img_17882520859456555134638634987195-768x768.jpg 768w, https:\/\/www.richteronweb.de\/wp-content\/uploads\/2026\/09\/fb_img_17882520859456555134638634987195.jpg 1440w\" sizes=\"auto, (max-width: 300px) 100vw, 300px\" \/><\/a><\/p>\r\n<p><span style=\"color: #000000;\"><em><strong>Irgendwie bin ich heute an dem Winterbuch von Sylvia Filz &amp; Sigrid Konopatzki h\u00e4ngen geblieben. Das Rauschen des Windes in unseren B\u00e4umen k\u00f6nnte auch wie das Rauschen der Nordsee klingen. Lass mich gerade in die winterliche Landschaft nach Sandum entf\u00fchren.<\/strong><\/em><\/span><br \/><span style=\"color: #000000;\"><em><strong>Und was lest ihr gerade? Ich h\u00e4tte nie gedacht, das ich Anfang September mich f\u00fcr einen winterlichen Roman entscheide.<\/strong><\/em><\/span><\/p>\r\n\r\n\r\n\r\n<p class=\"wp-block-paragraph\">&nbsp;<\/p>\r\n","protected":false},"excerpt":{"rendered":"<p>Irgendwie bin ich heute an dem Winterbuch von Sylvia Filz &amp; Sigrid Konopatzki h\u00e4ngen geblieben. Das Rauschen des Windes in unseren B\u00e4umen k\u00f6nnte auch wie das Rauschen der Nordsee klingen. Lass mich gerade in die winterliche Landschaft nach Sandum entf\u00fchren.Und &hellip; <a href=\"https:\/\/www.richteronweb.de\/?p=28858\">Weiterlesen <span class=\"meta-nav\">&rarr;<\/span><\/a><\/p>\n","protected":false},"author":1,"featured_media":0,"comment_status":"open","ping_status":"open","sticky":false,"template":"","format":"standard","meta":{"_jetpack_newsletter_access":"","_jetpack_dont_email_post_to_subs":false,"_jetpack_newsletter_tier_id":0,"_jetpack_memberships_contains_paywalled_content":false,"_jetpack_feature_clip_id":0,"_jetpack_memberships_contains_paid_content":false,"footnotes":"","jetpack_post_was_ever_published":false},"categories":[1],"tags":[],"class_list":["post-28858","post","type-post","status-publish","format-standard","hentry","category-lesebuch"],"jetpack_sharing_enabled":true,"jetpack_featured_media_url":"","_links":{"self":[{"href":"https:\/\/www.richteronweb.de\/index.php?rest_route=\/wp\/v2\/posts\/28858","targetHints":{"allow":["GET"]}}],"collection":[{"href":"https:\/\/www.richteronweb.de\/index.php?rest_route=\/wp\/v2\/posts"}],"about":[{"href":"https:\/\/www.richteronweb.de\/index.php?rest_route=\/wp\/v2\/types\/post"}],"author":[{"embeddable":true,"href":"https:\/\/www.richteronweb.de\/index.php?rest_route=\/wp\/v2\/users\/1"}],"replies":[{"embeddable":true,"href":"https:\/\/www.richteronweb.de\/index.php?rest_route=%2Fwp%2Fv2%2Fcomments&post=28858"}],"version-history":[{"count":1,"href":"https:\/\/www.richteronweb.de\/index.php?rest_route=\/wp\/v2\/posts\/28858\/revisions"}],"predecessor-version":[{"id":28859,"href":"https:\/\/www.richteronweb.de\/index.php?rest_route=\/wp\/v2\/posts\/28858\/revisions\/28859"}],"wp:attachment":[{"href":"https:\/\/www.richteronweb.de\/index.php?rest_route=%2Fwp%2Fv2%2Fmedia&parent=28858"}],"wp:term":[{"taxonomy":"category","embeddable":true,"href":"https:\/\/www.richteronweb.de\/index.php?rest_route=%2Fwp%2Fv2%2Fcategories&post=28858"},{"taxonomy":"post_tag","embeddable":true,"href":"https:\/\/www.richteronweb.de\/index.php?rest_route=%2Fwp%2Fv2%2Ftags&post=28858"}],"curies":[{"name":"wp","href":"https:\/\/api.w.org\/{rel}","templated":true}]}}