{"id":28299,"date":"2025-12-10T17:39:21","date_gmt":"2025-12-10T16:39:21","guid":{"rendered":"https:\/\/www.richteronweb.de\/?p=28299"},"modified":"2025-12-14T00:14:33","modified_gmt":"2025-12-13T23:14:33","slug":"pizza-passion-2026-von-sven-teichmann-wandkalender","status":"publish","type":"post","link":"https:\/\/www.richteronweb.de\/?p=28299","title":{"rendered":"Pizza Passion 2026 von Sven Teichmann &#8211; Wandkalender"},"content":{"rendered":"\r\n\r\n\r\n<p><a href=\"https:\/\/www.richteronweb.de\/wp-content\/uploads\/2025\/12\/img_20251201_1150574075246750156054894.jpg\"><img loading=\"lazy\" decoding=\"async\" class=\"alignnone size-medium wp-image-28298\" src=\"https:\/\/www.richteronweb.de\/wp-content\/uploads\/2025\/12\/img_20251201_1150574075246750156054894-225x300.jpg\" alt=\"\" width=\"225\" height=\"300\" srcset=\"https:\/\/www.richteronweb.de\/wp-content\/uploads\/2025\/12\/img_20251201_1150574075246750156054894-225x300.jpg 225w, https:\/\/www.richteronweb.de\/wp-content\/uploads\/2025\/12\/img_20251201_1150574075246750156054894-700x933.jpg 700w, https:\/\/www.richteronweb.de\/wp-content\/uploads\/2025\/12\/img_20251201_1150574075246750156054894-768x1024.jpg 768w, https:\/\/www.richteronweb.de\/wp-content\/uploads\/2025\/12\/img_20251201_1150574075246750156054894-1152x1536.jpg 1152w, https:\/\/www.richteronweb.de\/wp-content\/uploads\/2025\/12\/img_20251201_1150574075246750156054894.jpg 1500w\" sizes=\"auto, (max-width: 225px) 100vw, 225px\" \/><\/a><\/p>\r\n<p><span style=\"color: #000000;\"><strong><em>\u273f*\uff9f\u00a8\uff9f\u270e\u2026.<\/em><\/strong> <strong><em>Mein Lieblingsmann wird Pizza-Profi 2026!<\/em><\/strong><\/span><\/p>\r\n<p><span style=\"color: #000000;\">\r\n\r\n<\/span><\/p>\r\n<p><span style=\"color: #000000;\"><strong><em>Ich wurde vom BECKER JOEST VOLK VERLAG angeschrieben und gefragt, ob ich mir vorstellen k\u00f6nnte, diesen Pizza Kalender von Sven Teichmann zu besprechen. Ich fragte meinen Hobby Pizza-B\u00e4cker und wir haben einiges ausprobiert und sind von den Rezepten u.a. vom 48 Std. Pizzateig begeistert. Die Zubereitung des Teiges war easy und der Teig war nicht klebrig, wie bei unseren vorherigen Teigen. Das Ergebnis ist ein fluffiger und lockerer, sch\u00f6n aufgehender Pizzateig.\u00a0Perfekt f\u00fcr den einfachsten Backofen optimiert \u2013 gelingt die Pizza einfach und auf h\u00f6chstem Niveau. Der\u00a0Kalender Pizza Passion 2026\u00a0bringt Monat f\u00fcr Monat italienisches Lebensgef\u00fchl in unsere K\u00fcche. Mit den vielen Rezepten und Tipps von Sven Teichmann gelingt meinem Hobby Pizza-B\u00e4cker nun jede Pizza. Mehr Informationen \u00fcber den Wandkalender findet ihr in dem Klappentext. Die entsprechenden Illustrationen laden zus\u00e4tzlich dazu ein, das abgebildete Kalenderblatt Rezept auszuprobieren und man bekommt ein Hauch von Bella Italia in die eigene K\u00fcche. <\/em><\/strong><\/span><\/p>\r\n","protected":false},"excerpt":{"rendered":"<p>\u273f*\uff9f\u00a8\uff9f\u270e\u2026. Mein Lieblingsmann wird Pizza-Profi 2026! Ich wurde vom BECKER JOEST VOLK VERLAG angeschrieben und gefragt, ob ich mir vorstellen k\u00f6nnte, diesen Pizza Kalender von Sven Teichmann zu besprechen. Ich fragte meinen Hobby Pizza-B\u00e4cker und wir haben einiges ausprobiert und &hellip; <a href=\"https:\/\/www.richteronweb.de\/?p=28299\">Weiterlesen <span class=\"meta-nav\">&rarr;<\/span><\/a><\/p>\n","protected":false},"author":1,"featured_media":0,"comment_status":"open","ping_status":"open","sticky":false,"template":"","format":"standard","meta":{"_jetpack_memberships_contains_paid_content":false,"footnotes":""},"categories":[1],"tags":[],"class_list":["post-28299","post","type-post","status-publish","format-standard","hentry","category-lesebuch"],"jetpack_featured_media_url":"","jetpack_sharing_enabled":true,"_links":{"self":[{"href":"https:\/\/www.richteronweb.de\/index.php?rest_route=\/wp\/v2\/posts\/28299","targetHints":{"allow":["GET"]}}],"collection":[{"href":"https:\/\/www.richteronweb.de\/index.php?rest_route=\/wp\/v2\/posts"}],"about":[{"href":"https:\/\/www.richteronweb.de\/index.php?rest_route=\/wp\/v2\/types\/post"}],"author":[{"embeddable":true,"href":"https:\/\/www.richteronweb.de\/index.php?rest_route=\/wp\/v2\/users\/1"}],"replies":[{"embeddable":true,"href":"https:\/\/www.richteronweb.de\/index.php?rest_route=%2Fwp%2Fv2%2Fcomments&post=28299"}],"version-history":[{"count":2,"href":"https:\/\/www.richteronweb.de\/index.php?rest_route=\/wp\/v2\/posts\/28299\/revisions"}],"predecessor-version":[{"id":28304,"href":"https:\/\/www.richteronweb.de\/index.php?rest_route=\/wp\/v2\/posts\/28299\/revisions\/28304"}],"wp:attachment":[{"href":"https:\/\/www.richteronweb.de\/index.php?rest_route=%2Fwp%2Fv2%2Fmedia&parent=28299"}],"wp:term":[{"taxonomy":"category","embeddable":true,"href":"https:\/\/www.richteronweb.de\/index.php?rest_route=%2Fwp%2Fv2%2Fcategories&post=28299"},{"taxonomy":"post_tag","embeddable":true,"href":"https:\/\/www.richteronweb.de\/index.php?rest_route=%2Fwp%2Fv2%2Ftags&post=28299"}],"curies":[{"name":"wp","href":"https:\/\/api.w.org\/{rel}","templated":true}]}}