{"id":28267,"date":"2025-12-08T09:09:20","date_gmt":"2025-12-08T08:09:20","guid":{"rendered":"https:\/\/www.richteronweb.de\/?p=28267"},"modified":"2025-12-08T09:10:23","modified_gmt":"2025-12-08T08:10:23","slug":"adventskalemder-2025","status":"publish","type":"post","link":"https:\/\/www.richteronweb.de\/?p=28267","title":{"rendered":"Adventskalender 2025"},"content":{"rendered":"<p><a href=\"https:\/\/www.richteronweb.de\/wp-content\/uploads\/2025\/12\/img_20251201_0922554954990719240852974.jpg\"><img loading=\"lazy\" decoding=\"async\" class=\"alignnone size-medium wp-image-28252\" src=\"https:\/\/www.richteronweb.de\/wp-content\/uploads\/2025\/12\/img_20251201_0922554954990719240852974-225x300.jpg\" alt=\"\" width=\"225\" height=\"300\" srcset=\"https:\/\/www.richteronweb.de\/wp-content\/uploads\/2025\/12\/img_20251201_0922554954990719240852974-225x300.jpg 225w, https:\/\/www.richteronweb.de\/wp-content\/uploads\/2025\/12\/img_20251201_0922554954990719240852974-700x933.jpg 700w, https:\/\/www.richteronweb.de\/wp-content\/uploads\/2025\/12\/img_20251201_0922554954990719240852974-768x1024.jpg 768w, https:\/\/www.richteronweb.de\/wp-content\/uploads\/2025\/12\/img_20251201_0922554954990719240852974-1152x1536.jpg 1152w, https:\/\/www.richteronweb.de\/wp-content\/uploads\/2025\/12\/img_20251201_0922554954990719240852974.jpg 1500w\" sizes=\"auto, (max-width: 225px) 100vw, 225px\" \/><\/a><\/p>\n<p><span style=\"color: #000000;\"><em><strong>Feuer<\/strong><\/em><\/span><\/p>\n<p><span style=\"color: #000000;\"><em><strong>Wie das Feuer die Flammein in sich tr\u00e4gt,<\/strong><\/em><\/span><br \/>\n<span style=\"color: #000000;\"><em><strong>so ist es f\u00fcr die Kr\u00e4fte des vernunftbegabten Menschen notwendig,<\/strong><\/em><\/span><br \/>\n<span style=\"color: #000000;\"><em><strong>ein Werk vor sich zu haben.<\/strong><\/em><\/span><\/p>\n<p><span style=\"color: #000000;\"><strong><em>Hildegard von Bingen (1098-1179)<\/em><\/strong><\/span><\/p>\n","protected":false},"excerpt":{"rendered":"<p>Feuer Wie das Feuer die Flammein in sich tr\u00e4gt, so ist es f\u00fcr die Kr\u00e4fte des vernunftbegabten Menschen notwendig, ein Werk vor sich zu haben. Hildegard von Bingen (1098-1179)<\/p>\n","protected":false},"author":1,"featured_media":0,"comment_status":"open","ping_status":"open","sticky":false,"template":"","format":"standard","meta":{"_jetpack_memberships_contains_paid_content":false,"footnotes":""},"categories":[1],"tags":[],"class_list":["post-28267","post","type-post","status-publish","format-standard","hentry","category-lesebuch"],"jetpack_featured_media_url":"","jetpack_sharing_enabled":true,"_links":{"self":[{"href":"https:\/\/www.richteronweb.de\/index.php?rest_route=\/wp\/v2\/posts\/28267","targetHints":{"allow":["GET"]}}],"collection":[{"href":"https:\/\/www.richteronweb.de\/index.php?rest_route=\/wp\/v2\/posts"}],"about":[{"href":"https:\/\/www.richteronweb.de\/index.php?rest_route=\/wp\/v2\/types\/post"}],"author":[{"embeddable":true,"href":"https:\/\/www.richteronweb.de\/index.php?rest_route=\/wp\/v2\/users\/1"}],"replies":[{"embeddable":true,"href":"https:\/\/www.richteronweb.de\/index.php?rest_route=%2Fwp%2Fv2%2Fcomments&post=28267"}],"version-history":[{"count":2,"href":"https:\/\/www.richteronweb.de\/index.php?rest_route=\/wp\/v2\/posts\/28267\/revisions"}],"predecessor-version":[{"id":28269,"href":"https:\/\/www.richteronweb.de\/index.php?rest_route=\/wp\/v2\/posts\/28267\/revisions\/28269"}],"wp:attachment":[{"href":"https:\/\/www.richteronweb.de\/index.php?rest_route=%2Fwp%2Fv2%2Fmedia&parent=28267"}],"wp:term":[{"taxonomy":"category","embeddable":true,"href":"https:\/\/www.richteronweb.de\/index.php?rest_route=%2Fwp%2Fv2%2Fcategories&post=28267"},{"taxonomy":"post_tag","embeddable":true,"href":"https:\/\/www.richteronweb.de\/index.php?rest_route=%2Fwp%2Fv2%2Ftags&post=28267"}],"curies":[{"name":"wp","href":"https:\/\/api.w.org\/{rel}","templated":true}]}}