{"id":28246,"date":"2025-12-06T18:35:55","date_gmt":"2025-12-06T17:35:55","guid":{"rendered":"https:\/\/www.richteronweb.de\/?p=28246"},"modified":"2025-12-08T08:57:40","modified_gmt":"2025-12-08T07:57:40","slug":"adventskalender-2025-6","status":"publish","type":"post","link":"https:\/\/www.richteronweb.de\/?p=28246","title":{"rendered":"Adventskalender 2025"},"content":{"rendered":"\r\n\r\n\r\n<p><a href=\"https:\/\/www.richteronweb.de\/wp-content\/uploads\/2025\/12\/img_20251201_0922345473794792783458086.jpg\"><img loading=\"lazy\" decoding=\"async\" class=\"alignnone size-medium wp-image-28244\" src=\"https:\/\/www.richteronweb.de\/wp-content\/uploads\/2025\/12\/img_20251201_0922345473794792783458086-225x300.jpg\" alt=\"\" width=\"225\" height=\"300\" srcset=\"https:\/\/www.richteronweb.de\/wp-content\/uploads\/2025\/12\/img_20251201_0922345473794792783458086-225x300.jpg 225w, https:\/\/www.richteronweb.de\/wp-content\/uploads\/2025\/12\/img_20251201_0922345473794792783458086-700x933.jpg 700w, https:\/\/www.richteronweb.de\/wp-content\/uploads\/2025\/12\/img_20251201_0922345473794792783458086-768x1024.jpg 768w, https:\/\/www.richteronweb.de\/wp-content\/uploads\/2025\/12\/img_20251201_0922345473794792783458086-1152x1536.jpg 1152w, https:\/\/www.richteronweb.de\/wp-content\/uploads\/2025\/12\/img_20251201_0922345473794792783458086.jpg 1500w\" sizes=\"auto, (max-width: 225px) 100vw, 225px\" \/><\/a><\/p>\r\n<p><span style=\"color: #000000;\"><strong><em>Gr\u00fcnkraft<\/em><\/strong><\/span><\/p>\r\n<p><span style=\"color: #000000;\">\r\n\r\n<\/span><\/p>\r\n<p><span style=\"color: #000000;\"><em><strong>Es gibt eine Kraft aus der Ewigkeit<\/strong><\/em><\/span><br \/><span style=\"color: #000000;\"><em><strong>und diese Kraft ist gr\u00fcn.<\/strong><\/em><\/span><br \/><span style=\"color: #000000;\"><em><strong>Aus lichtem Gr\u00fcn sind Himmel<\/strong><\/em><\/span><br \/><span style=\"color: #000000;\"><em><strong>und Erde geschaffen<\/strong><\/em><\/span><br \/><span style=\"color: #000000;\"><em><strong>und alle Sch\u00f6nheit de Welt.<\/strong><\/em><\/span><\/p>\r\n<p><span style=\"color: #000000;\">\r\n\r\n<\/span><\/p>\r\n<p><span style=\"color: #000000;\"><strong><em>Hildegard von Bingen (1098-1179)<\/em><\/strong><\/span><\/p>\r\n","protected":false},"excerpt":{"rendered":"<p>Gr\u00fcnkraft Es gibt eine Kraft aus der Ewigkeitund diese Kraft ist gr\u00fcn.Aus lichtem Gr\u00fcn sind Himmelund Erde geschaffenund alle Sch\u00f6nheit de Welt. Hildegard von Bingen (1098-1179)<\/p>\n","protected":false},"author":1,"featured_media":0,"comment_status":"open","ping_status":"open","sticky":false,"template":"","format":"standard","meta":{"_jetpack_memberships_contains_paid_content":false,"footnotes":""},"categories":[1],"tags":[],"class_list":["post-28246","post","type-post","status-publish","format-standard","hentry","category-lesebuch"],"jetpack_featured_media_url":"","jetpack_sharing_enabled":true,"_links":{"self":[{"href":"https:\/\/www.richteronweb.de\/index.php?rest_route=\/wp\/v2\/posts\/28246","targetHints":{"allow":["GET"]}}],"collection":[{"href":"https:\/\/www.richteronweb.de\/index.php?rest_route=\/wp\/v2\/posts"}],"about":[{"href":"https:\/\/www.richteronweb.de\/index.php?rest_route=\/wp\/v2\/types\/post"}],"author":[{"embeddable":true,"href":"https:\/\/www.richteronweb.de\/index.php?rest_route=\/wp\/v2\/users\/1"}],"replies":[{"embeddable":true,"href":"https:\/\/www.richteronweb.de\/index.php?rest_route=%2Fwp%2Fv2%2Fcomments&post=28246"}],"version-history":[{"count":1,"href":"https:\/\/www.richteronweb.de\/index.php?rest_route=\/wp\/v2\/posts\/28246\/revisions"}],"predecessor-version":[{"id":28250,"href":"https:\/\/www.richteronweb.de\/index.php?rest_route=\/wp\/v2\/posts\/28246\/revisions\/28250"}],"wp:attachment":[{"href":"https:\/\/www.richteronweb.de\/index.php?rest_route=%2Fwp%2Fv2%2Fmedia&parent=28246"}],"wp:term":[{"taxonomy":"category","embeddable":true,"href":"https:\/\/www.richteronweb.de\/index.php?rest_route=%2Fwp%2Fv2%2Fcategories&post=28246"},{"taxonomy":"post_tag","embeddable":true,"href":"https:\/\/www.richteronweb.de\/index.php?rest_route=%2Fwp%2Fv2%2Ftags&post=28246"}],"curies":[{"name":"wp","href":"https:\/\/api.w.org\/{rel}","templated":true}]}}