{"id":28239,"date":"2025-12-05T17:35:35","date_gmt":"2025-12-05T16:35:35","guid":{"rendered":"https:\/\/www.richteronweb.de\/?p=28239"},"modified":"2025-12-06T11:54:54","modified_gmt":"2025-12-06T10:54:54","slug":"adventskalender-2025-5","status":"publish","type":"post","link":"https:\/\/www.richteronweb.de\/?p=28239","title":{"rendered":"Adventskalender 2025"},"content":{"rendered":"\r\n\r\n\r\n<p><a href=\"https:\/\/www.richteronweb.de\/wp-content\/uploads\/2025\/12\/img_20251201_0922251101676941993690207.jpg\"><img loading=\"lazy\" decoding=\"async\" class=\"alignnone size-medium wp-image-28238\" src=\"https:\/\/www.richteronweb.de\/wp-content\/uploads\/2025\/12\/img_20251201_0922251101676941993690207-225x300.jpg\" alt=\"\" width=\"225\" height=\"300\" srcset=\"https:\/\/www.richteronweb.de\/wp-content\/uploads\/2025\/12\/img_20251201_0922251101676941993690207-225x300.jpg 225w, https:\/\/www.richteronweb.de\/wp-content\/uploads\/2025\/12\/img_20251201_0922251101676941993690207-700x933.jpg 700w, https:\/\/www.richteronweb.de\/wp-content\/uploads\/2025\/12\/img_20251201_0922251101676941993690207-768x1024.jpg 768w, https:\/\/www.richteronweb.de\/wp-content\/uploads\/2025\/12\/img_20251201_0922251101676941993690207-1152x1536.jpg 1152w, https:\/\/www.richteronweb.de\/wp-content\/uploads\/2025\/12\/img_20251201_0922251101676941993690207.jpg 1500w\" sizes=\"auto, (max-width: 225px) 100vw, 225px\" \/><\/a><\/p>\r\n<p><span style=\"color: #000000;\"><strong><em>Die Seele<\/em><\/strong><\/span><\/p>\r\n<p><span style=\"color: #000000;\">\r\n\r\n<\/span><\/p>\r\n<p><span style=\"color: #000000;\"><em><strong>Die Seele ist wie ein Wind,<\/strong><\/em><\/span><br \/><span style=\"color: #000000;\"><em><strong>der \u00fcber die Kr\u00e4uter weht,<\/strong><\/em><\/span><br \/><span style=\"color: #000000;\"><em><strong>wie der Tau,<\/strong><\/em><\/span><br \/><span style=\"color: #000000;\"><em><strong>der \u00fcber die Wiesen tr\u00e4ufelt,<\/strong><\/em><\/span><br \/><span style=\"color: #000000;\"><em><strong>wie die Regenluft,<\/strong><\/em><\/span><br \/><span style=\"color: #000000;\"><em><strong>die wachsen macht.<\/strong><\/em><\/span><br \/><span style=\"color: #000000;\"><em><strong>Desgleichen str\u00f6me der Mensch<\/strong><\/em><\/span><br \/><span style=\"color: #000000;\"><em><strong>Wohlwollen aus auf alle,<\/strong><\/em><\/span><br \/><span style=\"color: #000000;\"><em><strong>Adie da Sehnsucht tragen.<\/strong><\/em><\/span><br \/><span style=\"color: #000000;\"><em><strong>Ein Wind sei er,<\/strong><\/em><\/span><br \/><span style=\"color: #000000;\"><em><strong>der den Elenden hilft,<\/strong><\/em><\/span><br \/><span style=\"color: #000000;\"><em><strong>ein Tau,<\/strong><\/em><\/span><br \/><span style=\"color: #000000;\"><em><strong>der die Verlassenen tr\u00f6stet.<\/strong><\/em><\/span><br \/><span style=\"color: #000000;\"><em><strong>Er sei wie Regenluft,<\/strong><\/em><\/span><br \/><span style=\"color: #000000;\"><em><strong>die die Ermatteten aufrichtet<\/strong><\/em><\/span><br \/><span style=\"color: #000000;\"><em><strong>und sie mit Liebe erf\u00fcllt<\/strong><\/em><\/span><br \/><span style=\"color: #000000;\"><em><strong>wie Hungernde.<\/strong><\/em><\/span><\/p>\r\n<p><span style=\"color: #000000;\">\r\n\r\n<\/span><\/p>\r\n<p><span style=\"color: #000000;\"><strong><em>Hildegard von Bingen (1098-1179)<\/em><\/strong><\/span><\/p>\r\n","protected":false},"excerpt":{"rendered":"<p>Die Seele Die Seele ist wie ein Wind,der \u00fcber die Kr\u00e4uter weht,wie der Tau,der \u00fcber die Wiesen tr\u00e4ufelt,wie die Regenluft,die wachsen macht.Desgleichen str\u00f6me der MenschWohlwollen aus auf alle,Adie da Sehnsucht tragen.Ein Wind sei er,der den Elenden hilft,ein Tau,der die Verlassenen &hellip; <a href=\"https:\/\/www.richteronweb.de\/?p=28239\">Weiterlesen <span class=\"meta-nav\">&rarr;<\/span><\/a><\/p>\n","protected":false},"author":1,"featured_media":0,"comment_status":"open","ping_status":"open","sticky":false,"template":"","format":"standard","meta":{"_jetpack_memberships_contains_paid_content":false,"footnotes":""},"categories":[1],"tags":[],"class_list":["post-28239","post","type-post","status-publish","format-standard","hentry","category-lesebuch"],"jetpack_featured_media_url":"","jetpack_sharing_enabled":true,"_links":{"self":[{"href":"https:\/\/www.richteronweb.de\/index.php?rest_route=\/wp\/v2\/posts\/28239","targetHints":{"allow":["GET"]}}],"collection":[{"href":"https:\/\/www.richteronweb.de\/index.php?rest_route=\/wp\/v2\/posts"}],"about":[{"href":"https:\/\/www.richteronweb.de\/index.php?rest_route=\/wp\/v2\/types\/post"}],"author":[{"embeddable":true,"href":"https:\/\/www.richteronweb.de\/index.php?rest_route=\/wp\/v2\/users\/1"}],"replies":[{"embeddable":true,"href":"https:\/\/www.richteronweb.de\/index.php?rest_route=%2Fwp%2Fv2%2Fcomments&post=28239"}],"version-history":[{"count":1,"href":"https:\/\/www.richteronweb.de\/index.php?rest_route=\/wp\/v2\/posts\/28239\/revisions"}],"predecessor-version":[{"id":28240,"href":"https:\/\/www.richteronweb.de\/index.php?rest_route=\/wp\/v2\/posts\/28239\/revisions\/28240"}],"wp:attachment":[{"href":"https:\/\/www.richteronweb.de\/index.php?rest_route=%2Fwp%2Fv2%2Fmedia&parent=28239"}],"wp:term":[{"taxonomy":"category","embeddable":true,"href":"https:\/\/www.richteronweb.de\/index.php?rest_route=%2Fwp%2Fv2%2Fcategories&post=28239"},{"taxonomy":"post_tag","embeddable":true,"href":"https:\/\/www.richteronweb.de\/index.php?rest_route=%2Fwp%2Fv2%2Ftags&post=28239"}],"curies":[{"name":"wp","href":"https:\/\/api.w.org\/{rel}","templated":true}]}}