{"id":28170,"date":"2025-11-19T11:07:55","date_gmt":"2025-11-19T10:07:55","guid":{"rendered":"https:\/\/www.richteronweb.de\/?p=28170"},"modified":"2025-11-20T10:26:33","modified_gmt":"2025-11-20T09:26:33","slug":"meine-liebe-zu-buecher-39","status":"publish","type":"post","link":"https:\/\/www.richteronweb.de\/?p=28170","title":{"rendered":"Meine Liebe zu B\u00fccher!"},"content":{"rendered":"\r\n\r\n\r\n<p><a href=\"https:\/\/www.richteronweb.de\/wp-content\/uploads\/2025\/11\/img_20251119_110049_0523723516779322053552.jpg\"><img loading=\"lazy\" decoding=\"async\" class=\"alignnone size-medium wp-image-28169\" src=\"https:\/\/www.richteronweb.de\/wp-content\/uploads\/2025\/11\/img_20251119_110049_0523723516779322053552-300x225.jpg\" alt=\"\" width=\"300\" height=\"225\" srcset=\"https:\/\/www.richteronweb.de\/wp-content\/uploads\/2025\/11\/img_20251119_110049_0523723516779322053552-300x225.jpg 300w, https:\/\/www.richteronweb.de\/wp-content\/uploads\/2025\/11\/img_20251119_110049_0523723516779322053552-700x525.jpg 700w, https:\/\/www.richteronweb.de\/wp-content\/uploads\/2025\/11\/img_20251119_110049_0523723516779322053552-768x576.jpg 768w, https:\/\/www.richteronweb.de\/wp-content\/uploads\/2025\/11\/img_20251119_110049_0523723516779322053552-1536x1152.jpg 1536w, https:\/\/www.richteronweb.de\/wp-content\/uploads\/2025\/11\/img_20251119_110049_0523723516779322053552-400x300.jpg 400w, https:\/\/www.richteronweb.de\/wp-content\/uploads\/2025\/11\/img_20251119_110049_0523723516779322053552.jpg 2000w\" sizes=\"auto, (max-width: 300px) 100vw, 300px\" \/><\/a><\/p>\r\n<p><span style=\"color: #000000;\"><em><strong>Ich bin heute \u00fcber dieses Zitat gestolpert und fand es irgendwie so passend f\u00fcr uns B\u00fcchermenschen.<\/strong><\/em><\/span><br \/><span style=\"color: #000000;\"><em><strong>Ich w\u00fcnsche allen einen sch\u00f6nen Tag. Bei uns scheint gerade die Sonne und ich werde nun meine Lesezeit beginnen.<\/strong><\/em><\/span><\/p>\r\n","protected":false},"excerpt":{"rendered":"<p>Ich bin heute \u00fcber dieses Zitat gestolpert und fand es irgendwie so passend f\u00fcr uns B\u00fcchermenschen.Ich w\u00fcnsche allen einen sch\u00f6nen Tag. Bei uns scheint gerade die Sonne und ich werde nun meine Lesezeit beginnen.<\/p>\n","protected":false},"author":1,"featured_media":0,"comment_status":"open","ping_status":"open","sticky":false,"template":"","format":"standard","meta":{"_jetpack_memberships_contains_paid_content":false,"footnotes":""},"categories":[1],"tags":[],"class_list":["post-28170","post","type-post","status-publish","format-standard","hentry","category-lesebuch"],"jetpack_featured_media_url":"","jetpack_sharing_enabled":true,"_links":{"self":[{"href":"https:\/\/www.richteronweb.de\/index.php?rest_route=\/wp\/v2\/posts\/28170","targetHints":{"allow":["GET"]}}],"collection":[{"href":"https:\/\/www.richteronweb.de\/index.php?rest_route=\/wp\/v2\/posts"}],"about":[{"href":"https:\/\/www.richteronweb.de\/index.php?rest_route=\/wp\/v2\/types\/post"}],"author":[{"embeddable":true,"href":"https:\/\/www.richteronweb.de\/index.php?rest_route=\/wp\/v2\/users\/1"}],"replies":[{"embeddable":true,"href":"https:\/\/www.richteronweb.de\/index.php?rest_route=%2Fwp%2Fv2%2Fcomments&post=28170"}],"version-history":[{"count":1,"href":"https:\/\/www.richteronweb.de\/index.php?rest_route=\/wp\/v2\/posts\/28170\/revisions"}],"predecessor-version":[{"id":28172,"href":"https:\/\/www.richteronweb.de\/index.php?rest_route=\/wp\/v2\/posts\/28170\/revisions\/28172"}],"wp:attachment":[{"href":"https:\/\/www.richteronweb.de\/index.php?rest_route=%2Fwp%2Fv2%2Fmedia&parent=28170"}],"wp:term":[{"taxonomy":"category","embeddable":true,"href":"https:\/\/www.richteronweb.de\/index.php?rest_route=%2Fwp%2Fv2%2Fcategories&post=28170"},{"taxonomy":"post_tag","embeddable":true,"href":"https:\/\/www.richteronweb.de\/index.php?rest_route=%2Fwp%2Fv2%2Ftags&post=28170"}],"curies":[{"name":"wp","href":"https:\/\/api.w.org\/{rel}","templated":true}]}}