{"id":28002,"date":"2025-10-22T14:41:46","date_gmt":"2025-10-22T12:41:46","guid":{"rendered":"https:\/\/www.richteronweb.de\/?p=28002"},"modified":"2025-10-22T14:44:26","modified_gmt":"2025-10-22T12:44:26","slug":"buch-berlin-2025","status":"publish","type":"post","link":"https:\/\/www.richteronweb.de\/?p=28002","title":{"rendered":"Buch Berlin 2025"},"content":{"rendered":"<p><span style=\"color: #000000;\"><em><strong>\u0e51\u273f\u0e51<\/strong><\/em> <strong><em>Wenn einer eine Reise macht, kann er was erz\u00e4hlen<\/em><\/strong> <em><strong>\u0e51\u273f\u0e51<\/strong><\/em><\/span><\/p>\n<p><span style=\"color: #000000;\"><em><strong>Dieses Jahr habe ich meine erste Buch Berlin (<a style=\"color: #000000;\" href=\"https:\/\/buch-berlin.de\">https:\/\/buch-berlin.de<\/a>) am Samstag, 27.09.25 besucht. Nat\u00fcrlich habe ich dieses Highlight auch als Urlaubsreise mit Lieblingsmann geplant und durchgef\u00fchrt. Aber nicht nur eine Auszeit in der Hauptstadt war die Reise wert, denn ich bekam ein Goldenes Ticket von der H\u00f6rbuchmanufaktur Berlin (<a style=\"color: #000000;\" href=\"https:\/\/hoerbuchmanufaktur-berlin.de\">https:\/\/hoerbuchmanufaktur-berlin.de<\/a>), um auf deren Sommerparty als Bloggerin teilzunehmen. Und ich erz\u00e4hl euch ein bi\u00dfchen, wen ich getroffen, kennen gelernt und was ich \u00fcber die Arbeit in einem Tonstudio erfahren habe.\u00a0<\/strong><\/em><\/span><\/p>\n<p><a href=\"https:\/\/www.richteronweb.de\/wp-content\/uploads\/2025\/09\/img-20250927-wa00004404270373091792980.jpg\"><img loading=\"lazy\" decoding=\"async\" class=\"alignnone size-medium wp-image-27726\" src=\"https:\/\/www.richteronweb.de\/wp-content\/uploads\/2025\/09\/img-20250927-wa00004404270373091792980-240x300.jpg\" alt=\"\" width=\"240\" height=\"300\" srcset=\"https:\/\/www.richteronweb.de\/wp-content\/uploads\/2025\/09\/img-20250927-wa00004404270373091792980-240x300.jpg 240w, https:\/\/www.richteronweb.de\/wp-content\/uploads\/2025\/09\/img-20250927-wa00004404270373091792980-700x876.jpg 700w, https:\/\/www.richteronweb.de\/wp-content\/uploads\/2025\/09\/img-20250927-wa00004404270373091792980-768x961.jpg 768w, https:\/\/www.richteronweb.de\/wp-content\/uploads\/2025\/09\/img-20250927-wa00004404270373091792980-1228x1536.jpg 1228w, https:\/\/www.richteronweb.de\/wp-content\/uploads\/2025\/09\/img-20250927-wa00004404270373091792980.jpg 1279w\" sizes=\"auto, (max-width: 240px) 100vw, 240px\" \/><\/a><\/p>\n<p><span style=\"color: #000000;\"><em><strong>Ganz klar freute ich mich sehr, \u00fcber ein Wiedersehen mit einer meiner Lieblingsautorinnen, und mittlerweile auch schon meine Autorenfreundin, M.L. Busch. Wir kennen uns schon 11 Jahre und sie ist mit ihren B\u00fcchern ein Teil meines Buchblogs geworden. Aber leider ist die Entfernung zu gro\u00df, um sich hin und wieder einfach so zu treffen und zu schnacken. Daher nehmen wir die M\u00f6glichkeiten wahr, uns auf der ein oder anderen Messe zu treffen. Klappt leider nicht immer, aber wenn es machbar ist, sind es sch\u00f6ne Erinnerungen, die ich mit heimnehme. Danke Maike!\u00a0<\/strong><\/em><\/span><\/p>\n<p><a href=\"https:\/\/www.richteronweb.de\/wp-content\/uploads\/2025\/09\/img_20250927_1242315277802038110666265.jpg\"><img loading=\"lazy\" decoding=\"async\" class=\"alignnone size-medium wp-image-27724\" src=\"https:\/\/www.richteronweb.de\/wp-content\/uploads\/2025\/09\/img_20250927_1242315277802038110666265-225x300.jpg\" alt=\"\" width=\"225\" height=\"300\" srcset=\"https:\/\/www.richteronweb.de\/wp-content\/uploads\/2025\/09\/img_20250927_1242315277802038110666265-225x300.jpg 225w, https:\/\/www.richteronweb.de\/wp-content\/uploads\/2025\/09\/img_20250927_1242315277802038110666265-700x933.jpg 700w, https:\/\/www.richteronweb.de\/wp-content\/uploads\/2025\/09\/img_20250927_1242315277802038110666265-768x1024.jpg 768w, https:\/\/www.richteronweb.de\/wp-content\/uploads\/2025\/09\/img_20250927_1242315277802038110666265-1152x1536.jpg 1152w, https:\/\/www.richteronweb.de\/wp-content\/uploads\/2025\/09\/img_20250927_1242315277802038110666265.jpg 1500w\" sizes=\"auto, (max-width: 225px) 100vw, 225px\" \/><\/a><\/p>\n<p><span style=\"color: #000000;\"><em><strong>Als ich so durch die Halle schlenderte, nahm ich diesen Stand von der Autorin Phillippa Penn war. Ich wurde magisch angezogen von ihrem neuen Buch Piper House: Painting Trust. Die Farbe und den dazu passenden Farbschnitt haben mich dazu veranlasst, das Buch, mit Widmung, mit heim zunehmen<\/strong><\/em>.<em><strong> Ich habe auch die Gelegenheit wahrgenommen und sie f\u00fcr ein Interview eingeladen. Dieses wird in K\u00fcrze auf meinem Buchblog erscheinen.\u00a0<\/strong><\/em><\/span><\/p>\n<p><a href=\"https:\/\/www.richteronweb.de\/wp-content\/uploads\/2025\/10\/71slOiDKYWL._AC_UY218_.jpg\"><img loading=\"lazy\" decoding=\"async\" class=\"alignnone size-full wp-image-27993\" src=\"https:\/\/www.richteronweb.de\/wp-content\/uploads\/2025\/10\/71slOiDKYWL._AC_UY218_.jpg\" alt=\"\" width=\"136\" height=\"218\" \/><\/a><\/p>\n<p><span style=\"color: #000000;\"><em><strong>Klappentext zum Buch:<\/strong><\/em><\/span><br \/>\n<span style=\"color: #000000;\"><em><strong>Betty ist eine angehende K\u00fcnstlerin, als sie den superreichen Ewan trifft. Sie verlieben sich Hals \u00fcber Kopf und werden ein Paar. Doch schon ein Jahr nach der Hochzeit ist alles anders: Betty ist nur noch ein Schatten ihres kreativen Selbst. Sie hat sich eingef\u00fcgt in die Rolle der High-Society-Ehefrau. Zwischen dem Wunsch, dazuzugeh\u00f6ren, und der Frustration \u00fcber die oberfl\u00e4chliche Glamour-Welt l\u00f6st sie sich langsam auf. Auch Ewan erkennt seine Frau kaum wieder. Als er von einer Intrige erf\u00e4hrt, in deren Zentrum Betty steht, nimmt er Rei\u00dfaus. Hat er sich wirklich so sehr in ihr get\u00e4uscht? Nach wochenlanger Funkstille landen beide dort, wo sie zuletzt so richtig gl\u00fccklich waren: Nantucket. Ihren Gef\u00fchlen k\u00f6nnen sie auf der Insel nicht mehr aus dem Weg gehen. Irgendwie m\u00fcssen sie sich in ihrem Sommerdomizil Piper House arrangieren \u2026 und herausfinden, ob sie einander \u00fcberhaupt noch vertrauen k\u00f6nnen.<\/strong><\/em><\/span><\/p>\n<p><a href=\"https:\/\/www.richteronweb.de\/wp-content\/uploads\/2025\/09\/img_20250927_143957506372080955806264.jpg\"><img loading=\"lazy\" decoding=\"async\" class=\"alignnone size-medium wp-image-27721\" src=\"https:\/\/www.richteronweb.de\/wp-content\/uploads\/2025\/09\/img_20250927_143957506372080955806264-300x245.jpg\" alt=\"\" width=\"300\" height=\"245\" srcset=\"https:\/\/www.richteronweb.de\/wp-content\/uploads\/2025\/09\/img_20250927_143957506372080955806264-300x245.jpg 300w, https:\/\/www.richteronweb.de\/wp-content\/uploads\/2025\/09\/img_20250927_143957506372080955806264-700x572.jpg 700w, https:\/\/www.richteronweb.de\/wp-content\/uploads\/2025\/09\/img_20250927_143957506372080955806264-768x627.jpg 768w, https:\/\/www.richteronweb.de\/wp-content\/uploads\/2025\/09\/img_20250927_143957506372080955806264-1536x1255.jpg 1536w, https:\/\/www.richteronweb.de\/wp-content\/uploads\/2025\/09\/img_20250927_143957506372080955806264-367x300.jpg 367w, https:\/\/www.richteronweb.de\/wp-content\/uploads\/2025\/09\/img_20250927_143957506372080955806264.jpg 1921w\" sizes=\"auto, (max-width: 300px) 100vw, 300px\" \/><\/a><\/p>\n<p><span style=\"color: #000000;\"><em><strong>Fest auf meinem Plan stand aber, das ich die ein oder andere Autorin besuchen m\u00f6chte, die ich auf den Sozialen Medien schon \u00fcber einen l\u00e4ngeren Zeitraum folge. Darunter z\u00e4hlt die Autorin Janina Venn-Rosky. Ich habe schon ein Buch aus ihrer Hand gelesen, wie auch besprochen und freute mich sie endlich pers\u00f6nlich kennen zu lernen. Sie schreibt Geschichten \u00fcber die Liebe, die Kraft der Freundschaft und eine Welt, in der Tr\u00e4ume wahr werden k\u00f6nnen. Kurz gesagt \u2013 Wohlf\u00fchlromane, einfache Literatur, um aus dem Alltag auszubrechen. Genau meins! Ich habe bei ihr einen Roman am Stand gekauft, der mit dem Buchtitel: \u201cCider, Fudge und Mistelzweig\u201d genau in diese Jahreszeit passt. Bald ist Weihnachten und dann lasse ich mich wieder in der ihrer geschriebenen Geschichte entf\u00fchren. Es ist der erste Band aus der zweiteiligen \u201cWinterzauber in Somerset\u201d Buchreihe. Band zwei wurde von der Autotin Bridget Harker geschrieben.\u00a0<\/strong><\/em><\/span><\/p>\n<p><a href=\"https:\/\/www.richteronweb.de\/wp-content\/uploads\/2025\/10\/91cdhC4L-3L._AC_UY218_.jpg\"><img loading=\"lazy\" decoding=\"async\" class=\"alignnone size-full wp-image-27996\" src=\"https:\/\/www.richteronweb.de\/wp-content\/uploads\/2025\/10\/91cdhC4L-3L._AC_UY218_.jpg\" alt=\"\" width=\"136\" height=\"218\" \/><\/a><\/p>\n<p><span style=\"color: #000000;\"><em><strong>Klappentext zum Buch:<\/strong><\/em><\/span><br \/>\n<span style=\"color: #000000;\"><em><strong>Als Holly ihr Zuhause und ihre Fudge-Manufaktur in London verliert, findet sie Unterschlupf bei ihrer Gro\u00dftante im bezaubernden Bath. Drei Fudge-verr\u00fcckte schottische Schwestern, einige vergn\u00fcgte \u00e4ltere Ladys und eine Handvoll guter Freundinnen unterst\u00fctzen Holly bei ihrem Neuanfang.<\/strong><\/em><\/span><br \/>\n<span style=\"color: #000000;\"><em><strong>Auf dem Weihnachtsmarkt lernt sie den charmanten Ciderbauern Nicholas kennen. Obwohl seine K\u00fcsse nicht nur nach Apfel und Zimt, sondern definitiv nach mehr schmecken, sind die Dinge kompliziert. Nicholas ist alles andere als begeistert von Hollys adeliger Herkunft, und die gegens\u00e4tzlichen famili\u00e4ren Hintergr\u00fcnde machen eine Beziehung schwierig.<\/strong><\/em><\/span><br \/>\n<span style=\"color: #000000;\"><em><strong>Erleben die beiden dennoch ihr ganz pers\u00f6nliches Winterwunder?<\/strong><\/em><\/span><\/p>\n<p><a href=\"https:\/\/www.richteronweb.de\/wp-content\/uploads\/2025\/09\/received_4257990951083261949573305849159088.jpeg\"><img loading=\"lazy\" decoding=\"async\" class=\"alignnone size-medium wp-image-27722\" src=\"https:\/\/www.richteronweb.de\/wp-content\/uploads\/2025\/09\/received_4257990951083261949573305849159088-225x300.jpeg\" alt=\"\" width=\"225\" height=\"300\" srcset=\"https:\/\/www.richteronweb.de\/wp-content\/uploads\/2025\/09\/received_4257990951083261949573305849159088-225x300.jpeg 225w, https:\/\/www.richteronweb.de\/wp-content\/uploads\/2025\/09\/received_4257990951083261949573305849159088-700x933.jpeg 700w, https:\/\/www.richteronweb.de\/wp-content\/uploads\/2025\/09\/received_4257990951083261949573305849159088-768x1024.jpeg 768w, https:\/\/www.richteronweb.de\/wp-content\/uploads\/2025\/09\/received_4257990951083261949573305849159088-1152x1536.jpeg 1152w, https:\/\/www.richteronweb.de\/wp-content\/uploads\/2025\/09\/received_4257990951083261949573305849159088.jpeg 1500w\" sizes=\"auto, (max-width: 225px) 100vw, 225px\" \/><\/a><\/p>\n<p><span style=\"color: #000000;\"><em><strong>Ebenso kannte ich bis eben zu der Buch Berlin die Autorin Maya Sturm nur virtuell. Das habe ich nun auch ge\u00e4ndert. Wir beide haben uns kurz \u00fcber ihre B\u00fccher und das Schreiben allgemein unterhalten. Ebenfalls lernte ich ihre Tochter kennen, die ihre Mutter mit kunstvollen Lesezeichen unterst\u00fctzt. Sympathische Menschen und ich hoffe doch sehr, das wir uns irgendwann nochmal begegnen werden. Ich habe dann auch mal ein Buch gekauft, denn ich muss gestehen, das ich noch nichts aus ihrer Hand gelesen hatte und habe mich f\u00fcr dieses hier \u201cWellness f\u00fcr die Liebe\u201d entschieden. Das Buchcover l\u00e4dt doch schon zum relaxen ein, oder nicht?<\/strong><\/em><\/span><\/p>\n<p><a href=\"https:\/\/www.richteronweb.de\/wp-content\/uploads\/2025\/10\/91kkzWluiJL._AC_UY218_.jpg\"><img loading=\"lazy\" decoding=\"async\" class=\"alignnone size-full wp-image-27998\" src=\"https:\/\/www.richteronweb.de\/wp-content\/uploads\/2025\/10\/91kkzWluiJL._AC_UY218_.jpg\" alt=\"\" width=\"136\" height=\"218\" \/><\/a><\/p>\n<p><span style=\"color: #000000;\"><em><strong>Klappentext zum Buch:<\/strong><\/em><\/span><br \/>\n<span style=\"color: #000000;\"><em><strong>Entspannte Wellnesswoche zu zweit oder langweiliges Golfturnier?<\/strong><\/em><\/span><br \/>\n<span style=\"color: #000000;\"><em><strong>Entt\u00e4uscht muss Julia feststellen, dass sich ihr Freund bereits entschieden hat. Leider nicht f\u00fcr sie und den gemeinsamen Urlaub. Dabei hatte sie alles so sch\u00f6n geplant und wollte ihn mit dieser kleinen Auszeit \u00fcberraschen.<\/strong><\/em><\/span><br \/>\n<span style=\"color: #000000;\"><em><strong>Um die Hotelbuchung jedoch nicht verfallen zu lassen, beschlie\u00dft sie kurzerhand, ihre beste Freundin einzuladen.<\/strong><\/em><\/span><br \/>\n<span style=\"color: #000000;\"><em><strong>Doch schon beim Einchecken wird klar: Dieses Hotel ist anders und bietet mehr als nur Massagen und Moorpackungen. Julia ist entsetzt! Wie konnte ihr das bei der Planung nur entgehen? Als auch noch der charmante und gutaussehende Zimmernachbar Leon auf der Bildfl\u00e4che erscheint, ist es mit der Entspannung vollends vorbei und Julias sonst so ruhige Gef\u00fchlswelt ger\u00e4t komplett durcheinander.<\/strong><\/em><\/span><\/p>\n<p><a href=\"https:\/\/www.richteronweb.de\/wp-content\/uploads\/2025\/10\/img_20250930_2058103036737030319108737.jpg\"><img loading=\"lazy\" decoding=\"async\" class=\"alignnone size-medium wp-image-27730\" src=\"https:\/\/www.richteronweb.de\/wp-content\/uploads\/2025\/10\/img_20250930_2058103036737030319108737-276x300.jpg\" alt=\"\" width=\"276\" height=\"300\" srcset=\"https:\/\/www.richteronweb.de\/wp-content\/uploads\/2025\/10\/img_20250930_2058103036737030319108737-276x300.jpg 276w, https:\/\/www.richteronweb.de\/wp-content\/uploads\/2025\/10\/img_20250930_2058103036737030319108737.jpg 541w\" sizes=\"auto, (max-width: 276px) 100vw, 276px\" \/><\/a><\/p>\n<p><span style=\"color: #000000;\"><em><strong>Dann habe ich noch Jana Thiem oder Frida Luise Sommerkorn an ihrem Buchstand besucht und ebenfalls kennen gelernt. Auch wir beide haben uns kurz unterhalten k\u00f6nnen, vereinbarten ein Interview f\u00fcr meinen Buchblog. Es ist mir immer eine gro\u00dfe Freude und Ehre, wenn ich Rezensions-Exemplare erhalte, obwohl ich sie k\u00e4uflich erwerben wollte. Vielen Dank an dieser Stelle, liebe Jana! Ich habe mir sogar ein Buch ausw\u00e4hlen d\u00fcrfen und entschied mich f\u00fcr den ersten Band aus der Trilogie &#8211; Ostseeliebe.\u00a0<\/strong><\/em><\/span><\/p>\n<p><a href=\"https:\/\/www.richteronweb.de\/wp-content\/uploads\/2025\/10\/51AAHD5SaVL._SY300_.jpg\"><img loading=\"lazy\" decoding=\"async\" class=\"alignnone size-full wp-image-28005\" src=\"https:\/\/www.richteronweb.de\/wp-content\/uploads\/2025\/10\/51AAHD5SaVL._SY300_.jpg\" alt=\"\" width=\"188\" height=\"300\" \/><\/a><\/p>\n<p><span style=\"color: #000000;\"><em><strong>Klappentext zum Buch:Eigentlich sollte Stine die gl\u00fccklichste Frau der Welt sein: Sie hat die besten Freundinnen, die man sich w\u00fcnschen kann. Sie besitzt ein kleines B\u00fcchercaf\u00e9, in dem sie die leckersten Kreationen zaubert. Und sie wird bald den begehrtesten Junggesellen von Ahrenshoop heiraten. W\u00e4ren da nicht Ben, ihre gro\u00dfe Liebe, der vor acht Jahren von einen auf den anderen Tag verschwand und ausgerechnet jetzt wieder auftaucht, und Jennifer, wegen der es keine Vers\u00f6hnung mit Ben geben kann. Und w\u00e4ren da nicht die Schmetterlinge im Bauch, die immer beim falschen Mann zu flattern beginnen &#8230;<\/strong><\/em><\/span><\/p>\n<p><span class=\"a-text-italic\"><span style=\"color: #000000;\"><em><strong>&#8220;Kaffeeduft und Meeresluft&#8221; ist der erste Teil der Ostseetrilogie um die drei Freundinnen Stine, Caro und Anne, die unterschiedlicher nicht sein k\u00f6nnten und die trotzdem nichts und niemand trennen kann.<\/strong><\/em><\/span><br \/>\n<span style=\"color: #000000;\"><em><strong>Sanddornpunsch und Herzenswunsch &#8211; Teil 2<\/strong><\/em><\/span><br \/>\n<span style=\"color: #000000;\"><em><strong>Himbeerschaum und D\u00fcnentraum &#8211; Teil 3<\/strong><\/em><\/span><br \/>\n<\/span><\/p>\n<p><span style=\"color: #000000;\"><em><strong>Nat\u00fcrlich wie es mir immer wieder passiert, wenn ich etwas Neues oder jemand Neues auf einer Buchmesse kennen lerne, vergesse ich nach dem Gespr\u00e4ch das obligatorische Foto. Und es ist mir leider wieder zweimal passiert. Ich habe die Autorin Madeleine Puljic an ihrem Stand kennen gelernt, denn ich wurde wie oben bei Phillippa Penns Roman, auf ihren w<span class=\"a-text-bold\">itzigen Hexen-Boss-Roman mit Herz und Magie<\/span> wortw\u00f6rtlich magisch angezogen. Ich bin vorbeigeschlichen um dann zur\u00fcckzukehren und mir das Buch zu kaufen. Dieser Buchtitel &#8220;Kr\u00f6ten sind Chefsache&#8221; ist einfach nur genial! Es ist der erste Band einer Dilogie. Ich konnte sie aber f\u00fcr ein Interview gewinnen und demn\u00e4chst erfahrt ihr mehr \u00fcber sie<\/strong><\/em><\/span>.<\/p>\n<p><a href=\"https:\/\/www.richteronweb.de\/wp-content\/uploads\/2025\/10\/71beHsMoawL._AC_UY218_.jpg\"><img loading=\"lazy\" decoding=\"async\" class=\"alignnone size-full wp-image-28006\" src=\"https:\/\/www.richteronweb.de\/wp-content\/uploads\/2025\/10\/71beHsMoawL._AC_UY218_.jpg\" alt=\"\" width=\"155\" height=\"218\" \/><\/a><\/p>\n<p><span style=\"color: #000000;\"><em><strong>Klappentext zum Buch:<\/strong><\/em><\/span><br \/>\n<span style=\"color: #000000;\"><em><strong>Hexe Miriam will nur eines: ihr altes Leben in der Hexenwelt hinter sich lassen. Da kommt ihr der Job als Grafikerin gerade recht. Leider hat sie dabei nicht mit den unberechenbaren Launen ihres CEOs gerechnet. Einmal falsch geflucht \u2013 und pl\u00f6tzlich ist Josh Tennet eine Kr\u00f6te. Nur ein Kuss der wahren Liebe k\u00f6nnte Joshs Verw\u00fcnschung aufheben. Aber wer verliebt sich schon in einen arroganten Kr\u00f6terich, der nur seine Arbeit im Kopf hat?\u00a0<\/strong><\/em><\/span><\/p>\n<p><span style=\"color: #000000;\"><em><strong>Und mein anderes Kennen lernen war mit einer Deb\u00fct Roman Autorin am Buchstand ihres Verlags: Auko.Media. Miera Angel hat mich wirklich spannend \u00fcber ihr originelles Buchobjekt informiert. Dazu habe ich schon ein Interview mit ihr f\u00fchren d\u00fcrfen und es hier auf meinem Buchblog online gestellt. Schaut rein und erfahrt mehr \u00fcber die tiefbewegende Geschichte \u00fcber Mara und Sam, die sich zuf\u00e4llig vor einem Caf\u00e9 begegnen und sofort intim miteinander werden.\u00a0<\/strong><\/em><\/span><\/p>\n<p><a href=\"https:\/\/www.richteronweb.de\/wp-content\/uploads\/2025\/10\/frontcover_eine-verfuehrerische-erfuellung_rgb_instagram_766x1080.png\"><img loading=\"lazy\" decoding=\"async\" class=\"alignnone size-medium wp-image-27977\" src=\"https:\/\/www.richteronweb.de\/wp-content\/uploads\/2025\/10\/frontcover_eine-verfuehrerische-erfuellung_rgb_instagram_766x1080-213x300.png\" alt=\"\" width=\"213\" height=\"300\" srcset=\"https:\/\/www.richteronweb.de\/wp-content\/uploads\/2025\/10\/frontcover_eine-verfuehrerische-erfuellung_rgb_instagram_766x1080-213x300.png 213w, https:\/\/www.richteronweb.de\/wp-content\/uploads\/2025\/10\/frontcover_eine-verfuehrerische-erfuellung_rgb_instagram_766x1080-700x987.png 700w, https:\/\/www.richteronweb.de\/wp-content\/uploads\/2025\/10\/frontcover_eine-verfuehrerische-erfuellung_rgb_instagram_766x1080.png 766w\" sizes=\"auto, (max-width: 213px) 100vw, 213px\" \/><\/a>\u00a0 <a href=\"https:\/\/www.richteronweb.de\/wp-content\/uploads\/2025\/10\/rueckcover_eine-verfuehrerische-erfuellung_rgb_instagram_766x1080.png\"><img loading=\"lazy\" decoding=\"async\" class=\"alignnone size-medium wp-image-27978\" src=\"https:\/\/www.richteronweb.de\/wp-content\/uploads\/2025\/10\/rueckcover_eine-verfuehrerische-erfuellung_rgb_instagram_766x1080-213x300.png\" alt=\"\" width=\"213\" height=\"300\" srcset=\"https:\/\/www.richteronweb.de\/wp-content\/uploads\/2025\/10\/rueckcover_eine-verfuehrerische-erfuellung_rgb_instagram_766x1080-213x300.png 213w, https:\/\/www.richteronweb.de\/wp-content\/uploads\/2025\/10\/rueckcover_eine-verfuehrerische-erfuellung_rgb_instagram_766x1080-700x987.png 700w, https:\/\/www.richteronweb.de\/wp-content\/uploads\/2025\/10\/rueckcover_eine-verfuehrerische-erfuellung_rgb_instagram_766x1080.png 766w\" sizes=\"auto, (max-width: 213px) 100vw, 213px\" \/><\/a><\/p>\n<p><span style=\"color: #000000;\"><em><strong>Am Abend war dann die Sommerparty in der H\u00f6rbuchmanufaktur Berlin angesagt. Dort bekamen mein Lieblingsmann und ich einen ersten Eindruck von einem Tonstudio. Die kleine aber feine F\u00fchrung gab uns die Chefin Ines Zimzinski pers\u00f6nlich. Es war spannend und beeindruckend zu erfahren wie ein H\u00f6rbuch entstehen kann. <\/strong><\/em><\/span><br \/>\n<span style=\"color: #000000;\"><em><strong>An diesem Abend bekam ich aber auch die M\u00f6glichkeit andere Blogger\/innen und Sprecher\/innen, wie auch Autoren\/innen kennen zulernen. Beim Zusammensitzen sind\u00a0 wundervolle Gespr\u00e4che entstanden und umrundet wurde es mit Bratwurst und Bier!\u00a0<\/strong><\/em><\/span><\/p>\n<p><a href=\"https:\/\/www.richteronweb.de\/wp-content\/uploads\/2025\/09\/img_20250928_1915305945752722734694126.jpg\"><img loading=\"lazy\" decoding=\"async\" class=\"alignnone size-medium wp-image-27723\" src=\"https:\/\/www.richteronweb.de\/wp-content\/uploads\/2025\/09\/img_20250928_1915305945752722734694126-296x300.jpg\" alt=\"\" width=\"296\" height=\"300\" srcset=\"https:\/\/www.richteronweb.de\/wp-content\/uploads\/2025\/09\/img_20250928_1915305945752722734694126-296x300.jpg 296w, https:\/\/www.richteronweb.de\/wp-content\/uploads\/2025\/09\/img_20250928_1915305945752722734694126-700x708.jpg 700w, https:\/\/www.richteronweb.de\/wp-content\/uploads\/2025\/09\/img_20250928_1915305945752722734694126-768x777.jpg 768w, https:\/\/www.richteronweb.de\/wp-content\/uploads\/2025\/09\/img_20250928_1915305945752722734694126.jpg 1080w\" sizes=\"auto, (max-width: 296px) 100vw, 296px\" \/><\/a>\u00a0 <a href=\"https:\/\/www.richteronweb.de\/wp-content\/uploads\/2025\/09\/img-20250927-wa00011932308880748524802.jpg\"><img loading=\"lazy\" decoding=\"async\" class=\"alignnone size-medium wp-image-27725\" src=\"https:\/\/www.richteronweb.de\/wp-content\/uploads\/2025\/09\/img-20250927-wa00011932308880748524802-225x300.jpg\" alt=\"\" width=\"225\" height=\"300\" srcset=\"https:\/\/www.richteronweb.de\/wp-content\/uploads\/2025\/09\/img-20250927-wa00011932308880748524802-225x300.jpg 225w, https:\/\/www.richteronweb.de\/wp-content\/uploads\/2025\/09\/img-20250927-wa00011932308880748524802-700x933.jpg 700w, https:\/\/www.richteronweb.de\/wp-content\/uploads\/2025\/09\/img-20250927-wa00011932308880748524802-768x1024.jpg 768w, https:\/\/www.richteronweb.de\/wp-content\/uploads\/2025\/09\/img-20250927-wa00011932308880748524802-1152x1536.jpg 1152w, https:\/\/www.richteronweb.de\/wp-content\/uploads\/2025\/09\/img-20250927-wa00011932308880748524802.jpg 1500w\" sizes=\"auto, (max-width: 225px) 100vw, 225px\" \/><\/a><\/p>\n<p><span style=\"color: #000000;\"><em><strong>Am Ende des Berlins Aufenthalt habe ich viele Eindr\u00fccke eingepackt und mit heim genommen. Danke!<\/strong><\/em><\/span><\/p>\n","protected":false},"excerpt":{"rendered":"<p>\u0e51\u273f\u0e51 Wenn einer eine Reise macht, kann er was erz\u00e4hlen \u0e51\u273f\u0e51 Dieses Jahr habe ich meine erste Buch Berlin (https:\/\/buch-berlin.de) am Samstag, 27.09.25 besucht. Nat\u00fcrlich habe ich dieses Highlight auch als Urlaubsreise mit Lieblingsmann geplant und durchgef\u00fchrt. Aber nicht nur &hellip; <a href=\"https:\/\/www.richteronweb.de\/?p=28002\">Weiterlesen <span class=\"meta-nav\">&rarr;<\/span><\/a><\/p>\n","protected":false},"author":1,"featured_media":0,"comment_status":"open","ping_status":"open","sticky":false,"template":"","format":"standard","meta":{"_jetpack_memberships_contains_paid_content":false,"footnotes":""},"categories":[1],"tags":[],"class_list":["post-28002","post","type-post","status-publish","format-standard","hentry","category-lesebuch"],"jetpack_featured_media_url":"","jetpack_sharing_enabled":true,"_links":{"self":[{"href":"https:\/\/www.richteronweb.de\/index.php?rest_route=\/wp\/v2\/posts\/28002","targetHints":{"allow":["GET"]}}],"collection":[{"href":"https:\/\/www.richteronweb.de\/index.php?rest_route=\/wp\/v2\/posts"}],"about":[{"href":"https:\/\/www.richteronweb.de\/index.php?rest_route=\/wp\/v2\/types\/post"}],"author":[{"embeddable":true,"href":"https:\/\/www.richteronweb.de\/index.php?rest_route=\/wp\/v2\/users\/1"}],"replies":[{"embeddable":true,"href":"https:\/\/www.richteronweb.de\/index.php?rest_route=%2Fwp%2Fv2%2Fcomments&post=28002"}],"version-history":[{"count":5,"href":"https:\/\/www.richteronweb.de\/index.php?rest_route=\/wp\/v2\/posts\/28002\/revisions"}],"predecessor-version":[{"id":28010,"href":"https:\/\/www.richteronweb.de\/index.php?rest_route=\/wp\/v2\/posts\/28002\/revisions\/28010"}],"wp:attachment":[{"href":"https:\/\/www.richteronweb.de\/index.php?rest_route=%2Fwp%2Fv2%2Fmedia&parent=28002"}],"wp:term":[{"taxonomy":"category","embeddable":true,"href":"https:\/\/www.richteronweb.de\/index.php?rest_route=%2Fwp%2Fv2%2Fcategories&post=28002"},{"taxonomy":"post_tag","embeddable":true,"href":"https:\/\/www.richteronweb.de\/index.php?rest_route=%2Fwp%2Fv2%2Ftags&post=28002"}],"curies":[{"name":"wp","href":"https:\/\/api.w.org\/{rel}","templated":true}]}}