{"id":27874,"date":"2025-10-22T09:19:24","date_gmt":"2025-10-22T07:19:24","guid":{"rendered":"https:\/\/www.richteronweb.de\/?p=27874"},"modified":"2025-10-22T09:19:24","modified_gmt":"2025-10-22T07:19:24","slug":"interview-mit-miera-angel","status":"publish","type":"post","link":"https:\/\/www.richteronweb.de\/?p=27874","title":{"rendered":"Interview mit Miera Angel"},"content":{"rendered":"<p><span style=\"color: #000000;\"><em><strong><span id=\"fbPhotoSnowliftCaption\" class=\"fbPhotosPhotoCaption\" tabindex=\"0\" data-ft=\"{&quot;tn&quot;:&quot;K&quot;}\"><span class=\"hasCaption\">\u273d\u2022*\u00a8*\u2022\u0e51<\/span><\/span><\/strong><span id=\"fbPhotoSnowliftCaption\" class=\"fbPhotosPhotoCaption\" tabindex=\"0\" data-ft=\"{&quot;tn&quot;:&quot;K&quot;}\"><\/span><\/em><em><strong><span id=\"fbPhotoSnowliftCaption\" tabindex=\"0\" data-ft=\"{&quot;tn&quot;:&quot;K&quot;}\">\u273f\u0e51\u2605 Autoreninterview \u2605\u0e51\u273f\u0e51\u2022*\u00a8*\u2022\u273d<\/span><\/strong><\/em><\/span><\/p>\n<p><span style=\"color: #000000;\"><em><strong>1. Wer ist Miera Angel? Magst du dich mal kurz vorstellen?<\/strong><\/em><\/span><\/p>\n<p><span style=\"color: #000000;\"><em><strong><a style=\"color: #000000;\" href=\"https:\/\/www.richteronweb.de\/wp-content\/uploads\/2025\/10\/20190930-_M3C3168_klein.jpg\"><img loading=\"lazy\" decoding=\"async\" src=\"https:\/\/www.richteronweb.de\/wp-content\/uploads\/2025\/10\/20190930-_M3C3168_klein-300x200.jpg\" alt=\"\" width=\"300\" height=\"200\" \/><\/a><\/strong><\/em><\/span><\/p>\n<p><span style=\"color: #000000;\"><em><strong>Miera Angel ist ein Pseudonym, sogar ein Anagramm aus allen Buchstaben meines richtigen Namens. Ich bin 1987 in der sch\u00f6nen Oberlausitz geboren und wohne seit l\u00e4ngerem in Dresden. Durch B\u00fccher habe ich meine k\u00fcnstlerische Ader entdeckt. Deshalb suchte ich auch einen kreativen Beruf, absolvierte eine Ausbildung zur Mediengestalterin und einige Jahre sp\u00e4ter eine weitere als Dekorateurin. Seitdem arbeite ich in diesem Berufszweig. Die Schriftstellerei mache ich zus\u00e4tzlich.<\/strong><\/em><\/span><\/p>\n<p><span style=\"color: #000000;\"><em><strong>2. Die wohl meistgestellte Frage: Wie bist du zum Schreiben gekommen?<\/strong><\/em><\/span><\/p>\n<p><span style=\"color: #000000;\"><em><strong>Ich habe als Kind schon sehr gerne Geschichten und Gedichte f\u00fcr Karten geschrieben. Das wurde leider immer weniger, bis es mir Ende 2019 gesundheitlich mit einer Angstst\u00f6rung immer schlechter ging. Da habe ich wieder vermehrt angefangen zu schreiben, um meine Gef\u00fchle besser auszudr\u00fccken und das Schreiben wurde zu einem Ventil. Warum ich dann anfing Erotik zu schreiben, kam aus Zufall, obwohl ich nicht davon \u00fcberzeugt war, dass es mir gelingt. Nur durch einen lieben Zuspruch einer Freundin habe ich mich daran gewagt und daraus ist dann tats\u00e4chlich mein Werk entstanden. Es gelang mir doch.<\/strong><\/em><\/span><\/p>\n<p><span style=\"color: #000000;\"><em><strong>3. Nun bist du ja Deb\u00fct Romanautorin mit der Geschichte &#8220;Eine verf\u00fchrerische Erf\u00fcllung&#8221;. Und das ist als ganz au\u00dfergew\u00f6hnliches Buchobjekt beim Verlag auko.media erschienen. Erz\u00e4hl uns doch um was es geht &#8230;\u00a0<\/strong><\/em><\/span><\/p>\n<p><span style=\"color: #000000;\"><em><strong><a style=\"color: #000000;\" href=\"https:\/\/www.richteronweb.de\/wp-content\/uploads\/2025\/10\/IMG_20241030_1546115512-scaled.jpg\"><img loading=\"lazy\" decoding=\"async\" src=\"https:\/\/www.richteronweb.de\/wp-content\/uploads\/2025\/10\/IMG_20241030_1546115512-231x300.jpg\" alt=\"\" width=\"231\" height=\"300\" \/><\/a><\/strong><\/em><\/span><\/p>\n<p><span style=\"color: #000000;\"><em><strong>Es ist wirklich au\u00dfergew\u00f6hnlich, weil es komplett von mir in Reimform geschrieben wurde. Ich liebe einfach diese schwingende Harmonie von Wort zu Wort, die den Zauber der Poesie ausmacht und ich m\u00f6chte diese auch einem breiteren Publikum schmackhaft machen. Au\u00dferdem ist es kein klassisches Buch, sondern in Kartenform in einer hochwertigen Metalldose. Das Werk hat 24 Kapitel auf 24 Karten. Jedes davon wurde mit einer kunstvollen Zeichnung im Tim Burton Style von Dr. Thomas D. Lepich illustriert, der mittlerweile ein guter Freund von mir geworden ist. Es ist die tiefbewegende Geschichte von Mara und Sam, die sich zuf\u00e4llig vor einem Caf\u00e9 begegnen und sofort intim miteinander werden. Der Spice kommt in meinem Werk auf jeden Fall nicht zu kurz. Beide merken schnell, dass da mehr ist, was sie verbindet und verlieben sich ineinander. Das Schicksal legt ihnen aber ein paar Stolpersteine in den Weg. Ob sie dann wirklich zusammen kommen, verrate ich nat\u00fcrlich nicht. Ich m\u00f6chte mit meiner Geschichte ber\u00fchren und verf\u00fchren, aber auch Mut machen, sowie zum Nachdenken anregen, Menschen nicht gleich in Schubladen zu stecken, ohne dass man ihre Geschichte kennt.<\/strong><\/em><\/span><\/p>\n<p><span style=\"color: #000000;\"><em><strong><a style=\"color: #000000;\" href=\"https:\/\/www.richteronweb.de\/wp-content\/uploads\/2025\/10\/frontcover_eine-verfuehrerische-erfuellung_rgb_instagram_766x1080.png\"><img loading=\"lazy\" decoding=\"async\" src=\"https:\/\/www.richteronweb.de\/wp-content\/uploads\/2025\/10\/frontcover_eine-verfuehrerische-erfuellung_rgb_instagram_766x1080-213x300.png\" alt=\"\" width=\"213\" height=\"300\" \/><\/a>\u00a0 <a style=\"color: #000000;\" href=\"https:\/\/www.richteronweb.de\/wp-content\/uploads\/2025\/10\/rueckcover_eine-verfuehrerische-erfuellung_rgb_instagram_766x1080.png\"><img loading=\"lazy\" decoding=\"async\" src=\"https:\/\/www.richteronweb.de\/wp-content\/uploads\/2025\/10\/rueckcover_eine-verfuehrerische-erfuellung_rgb_instagram_766x1080-213x300.png\" alt=\"\" width=\"213\" height=\"300\" \/><\/a><\/strong><\/em><\/span><\/p>\n<p><span style=\"color: #000000;\"><em><strong>4. Wie lange hast du an dem Buchprojekt gearbeitet und wie entstand die Idee eigentlich, es als Adventskalender zu gestalten?<\/strong><\/em><\/span><\/p>\n<p><span style=\"color: #000000;\"><em><strong>Ca. 8 Monate habe ich daran geschrieben. Manchmal wollten einfach keine Worte flie\u00dfen. Deshalb habe ich der Geschichte Zeit gegeben. Ich habe im Juni 2022 damit angefangen und ver\u00f6ffentlicht wurde sie am 24. Oktober 2024. Mit dem Schreiben ist nat\u00fcrlich die Arbeit nicht getan. Ich habe ein Jahr lang nach einem Verlag gesucht, der meine Geschichte rausbringt, so wie ich es m\u00f6chte. Das war gar nicht so einfach, da viele Verlage schon von vorn herein Erotik und Lyrik ausschlie\u00dfen. Dann hat es beim Verlag auko.media nochmal ca. 4 Monate gedauert bis mein Werk durch die verschiedenen Schritte bis zur letzten Korrektur gegangen ist. Also alles zusammen genommen, habe ich mehr als 2 Jahre daran gearbeitet. Die Idee, mein Werk als Adventskalender rauszubringen, entstand beim Schreiben. Ich wusste, dass ich kein Buch f\u00fcllen k\u00f6nnte. Au\u00dferdem wollte ich dem Werk ein besonderes Format geben, damit es nicht komplett auf dem weiten Buchmarkt untergeht. Da fiel mir ziemlich schnell die Idee mit losen Karten in einer Dose ein. So war auch mein Ziel gesetzt, dass ich 24 Kapitel schreiben werde. Man muss es aber nicht zwingend als Adventskalender nutzen. Es ist ein Werk, dass zu jeder Jahreszeit passt. <\/strong><\/em><\/span><\/p>\n<p><span style=\"color: #000000;\"><em><strong>5. Wenn du eine erotische, romantische, witzige oder spannende Szene schreibst, f\u00fchlst du dann mit?<\/strong><\/em><\/span><\/p>\n<p><span style=\"color: #000000;\"><em><strong>Aber nat\u00fcrlich. Das ber\u00fchrendste erste Feedback, welches ich von einer fremden Person zu meiner Geschichte &#8220;Eine verf\u00fchrerische Erf\u00fcllung&#8221; erhalten habe, war, dass es hervorragend geschrieben wurde. Man glaubte, dass ich es selbst so erlebt und quasi meine eigene Lebensgeschichte aufgeschrieben h\u00e4tte. Das ist f\u00fcr mich das gr\u00f6\u00dfte Lob \u00fcberhaupt, weil es bedeutet, dass ich es authentisch geschrieben habe. Zum Teil stimmt es ja auch. Es steckt viel von mir darin. Mein Herzensprojekt enth\u00e4lt eben immens viele Gef\u00fchle, die ich selbst durchlebt habe.<\/strong><\/em><\/span><\/p>\n<p><span style=\"color: #000000;\"><em><strong>6. Welcher deiner Tr\u00e4ume, die du nachts hattest, w\u00fcrdest du gerne im wirklichen Leben erleben? Hast du schon einmal dar\u00fcber nachgedacht, den Traum in einem weiteren Roman einflie\u00dfen zu lassen? <\/strong><\/em><\/span><\/p>\n<p><span style=\"color: #000000;\"><em><strong>Da gibt es \u00fcberhaupt nicht viele, weil ich meistens Albtr\u00e4ume habe oder mich nicht daran erinnern kann. Einen Traum habe ich aber schon Mal in eine kleine Kurzgeschichte ebenfalls in Reimform umgesetzt. Aber in Wirklichkeit w\u00fcrde ich diesen auch nicht gerne erleben, weil ein befreundeter Autor in diesem Traum starb. Vielleicht schreibe ich daran irgendwann weiter. Es ging um eine Schlacht mit Engeln, Geistern und D\u00e4monen.<\/strong><\/em><\/span><\/p>\n<p><span style=\"color: #000000;\"><em><strong>7. Wie sieht dein Alltag aus? Was machst du noch neben dem Schreiben?<\/strong><\/em><\/span><\/p>\n<p><span style=\"color: #000000;\"><em><strong>Ich arbeite in Vollzeit als Dekorateurin und liebe es. Gerade jetzt ist durch das Weihnachtsgesch\u00e4ft viel zu tun, da bleibt am Ende nicht viel Zeit vom Tag \u00fcbrig. Privat, neben dem Schreiben, sind aber meine Leidenschaften das Zeichnen, Malen und auch kunsthandwerkliche Arbeiten, sowie das Fotografieren, besonders in der Natur. Am Wochenende oder im Urlaub wandere ich deshalb gerne oder fahre zum See oder Meer schwimmen. Au\u00dferdem lese ich sehr viele B\u00fccher. Dabei muss ich ein richtiges Buch in der Hand haben. Ich bin Katzen-Mama und abends zum Entspannen liege ich immer mit meinem Freund auf der Couch und wir sehen uns eine Serie oder einen Film an. <\/strong><\/em><\/span><\/p>\n<p><span style=\"color: #000000;\"><em><strong>8. Bist du eher ein spontaner Typ, oder brauchst du eine genaue Planung f\u00fcr Unternehmungen? Und wie wirkt sich das auf dich als Autorin aus?<\/strong><\/em><\/span><\/p>\n<p><span style=\"color: #000000;\"><em><strong>Ich w\u00fcrde mich nicht als spontan einstufen, da ich durch und durch eine Planerin bin. Es kann dabei schon vorkommen, dass es mich nervt, wenn andere unerwartete Dinge passieren oder ich warten muss. Ich brauche auch einen Plan, damit mir nicht langweilig wird. Ich plane auch schon weit im Voraus. Bei wichtigen Ereignissen wie Buchmessen, buche ich mir so zeitig wie m\u00f6glich Hotelzimmer, Fahrttickets und Co.<\/strong><\/em><\/span><\/p>\n<p><span style=\"color: #000000;\"><em><strong>9. Nun werden die Rezensionen der Leser oder Leserinnen f\u00fcr dich wichtig werden? Wie wirst du mit Kritik umgehen?<\/strong><\/em><\/span><\/p>\n<p><span style=\"color: #000000;\"><em><strong>Bis jetzt waren kaum negative Kritiken dabei, um genau zu sein 2, aber ich denke, damit kann ich gut umgehen. Es muss nicht jedem alles gefallen. Die Geschm\u00e4cker sind ja verschieden und das ist auch v\u00f6llig in Ordnung so. Das halte ich mir dann vor Augen. Au\u00dferdem bin ich absolut stolz auf das Ergebnis und dass ich das erreicht habe. Das kann keine Kritik der Welt \u00e4ndern. Eine Kritik hat mich dann aber doch tats\u00e4chlich mehr getroffen, weil sie aus meiner Familie stammt. Da habe ich eine Nacht dr\u00fcber geschlafen und danach war auch alles wieder fein. Bis jetzt kann ich mich sehr gl\u00fccklich sch\u00e4tzen \u00fcber die vielen positiven R\u00fcckmeldungen, die ich zu meinem Werk erhalten habe. Es zeigt mir, dass meine Geschichte insgesamt sehr gut bei den Lesenden ankommt.<\/strong><\/em><\/span><\/p>\n<p><span style=\"color: #000000;\"><em><strong>10. Gibt es bereits ein neues Projekt, das in Arbeit ist und von dem du erz\u00e4hlen m\u00f6chtest bzw. darfst?<\/strong><\/em><\/span><\/p>\n<p><span style=\"color: #000000;\"><em><strong>Nein, gibt es aktuell nicht, aber ein zweiter Teil von &#8220;Eine verf\u00fchrerische Erf\u00fcllung\u201c ist geplant. Am Ende von Teil 1 gibt es dazu auch die M\u00f6glichkeit. Die Geschichte hat zwar f\u00fcr sich ein Ende, kann aber auch weitererz\u00e4hlt werden. Bis jetzt habe ich jedoch leider noch keine Zeit und Mu\u00dfe daf\u00fcr gefunden. Mein Verleger ist offen f\u00fcr eine Fortsetzung. Und auch einige Leser sind schon sehr gespannt darauf.<\/strong><\/em><\/span><\/p>\n","protected":false},"excerpt":{"rendered":"<p>\u273d\u2022*\u00a8*\u2022\u0e51\u273f\u0e51\u2605 Autoreninterview \u2605\u0e51\u273f\u0e51\u2022*\u00a8*\u2022\u273d 1. Wer ist Miera Angel? Magst du dich mal kurz vorstellen? Miera Angel ist ein Pseudonym, sogar ein Anagramm aus allen Buchstaben meines richtigen Namens. Ich bin 1987 in der sch\u00f6nen Oberlausitz geboren und wohne seit l\u00e4ngerem &hellip; <a href=\"https:\/\/www.richteronweb.de\/?p=27874\">Weiterlesen <span class=\"meta-nav\">&rarr;<\/span><\/a><\/p>\n","protected":false},"author":1,"featured_media":0,"comment_status":"open","ping_status":"open","sticky":false,"template":"","format":"standard","meta":{"_jetpack_memberships_contains_paid_content":false,"footnotes":""},"categories":[1],"tags":[],"class_list":["post-27874","post","type-post","status-publish","format-standard","hentry","category-lesebuch"],"jetpack_featured_media_url":"","jetpack_sharing_enabled":true,"_links":{"self":[{"href":"https:\/\/www.richteronweb.de\/index.php?rest_route=\/wp\/v2\/posts\/27874","targetHints":{"allow":["GET"]}}],"collection":[{"href":"https:\/\/www.richteronweb.de\/index.php?rest_route=\/wp\/v2\/posts"}],"about":[{"href":"https:\/\/www.richteronweb.de\/index.php?rest_route=\/wp\/v2\/types\/post"}],"author":[{"embeddable":true,"href":"https:\/\/www.richteronweb.de\/index.php?rest_route=\/wp\/v2\/users\/1"}],"replies":[{"embeddable":true,"href":"https:\/\/www.richteronweb.de\/index.php?rest_route=%2Fwp%2Fv2%2Fcomments&post=27874"}],"version-history":[{"count":4,"href":"https:\/\/www.richteronweb.de\/index.php?rest_route=\/wp\/v2\/posts\/27874\/revisions"}],"predecessor-version":[{"id":27981,"href":"https:\/\/www.richteronweb.de\/index.php?rest_route=\/wp\/v2\/posts\/27874\/revisions\/27981"}],"wp:attachment":[{"href":"https:\/\/www.richteronweb.de\/index.php?rest_route=%2Fwp%2Fv2%2Fmedia&parent=27874"}],"wp:term":[{"taxonomy":"category","embeddable":true,"href":"https:\/\/www.richteronweb.de\/index.php?rest_route=%2Fwp%2Fv2%2Fcategories&post=27874"},{"taxonomy":"post_tag","embeddable":true,"href":"https:\/\/www.richteronweb.de\/index.php?rest_route=%2Fwp%2Fv2%2Ftags&post=27874"}],"curies":[{"name":"wp","href":"https:\/\/api.w.org\/{rel}","templated":true}]}}