{"id":27745,"date":"2025-10-03T17:47:50","date_gmt":"2025-10-03T15:47:50","guid":{"rendered":"https:\/\/www.richteronweb.de\/?p=27745"},"modified":"2025-10-06T17:54:53","modified_gmt":"2025-10-06T15:54:53","slug":"blogger-fuer-homer-2025-rezension-zu-mord-im-stadtpalais-von-beate-maly","status":"publish","type":"post","link":"https:\/\/www.richteronweb.de\/?p=27745","title":{"rendered":"Blogger f\u00fcr HOMER 2025 \u2013 Rezension zu \u201cMord im Stadtpalais\u201d von Beate Maly"},"content":{"rendered":"<p><a href=\"https:\/\/www.richteronweb.de\/wp-content\/uploads\/2025\/10\/bannerhomerrezi8395978010931180906.jpg\"><img loading=\"lazy\" decoding=\"async\" class=\"alignnone size-medium wp-image-27740\" src=\"https:\/\/www.richteronweb.de\/wp-content\/uploads\/2025\/10\/bannerhomerrezi8395978010931180906-240x300.jpg\" alt=\"\" width=\"240\" height=\"300\" srcset=\"https:\/\/www.richteronweb.de\/wp-content\/uploads\/2025\/10\/bannerhomerrezi8395978010931180906-240x300.jpg 240w, https:\/\/www.richteronweb.de\/wp-content\/uploads\/2025\/10\/bannerhomerrezi8395978010931180906.jpg 320w\" sizes=\"auto, (max-width: 240px) 100vw, 240px\" \/><\/a><\/p>\n<p><span style=\"color: #000000;\"><em><span class=\"x193iq5w xeuugli x13faqbe x1vvkbs x1xmvt09 x1lliihq x1s928wv xhkezso x1gmr53x x1cpjm7i x1fgarty x1943h6x xudqn12 x3x7a5m x6prxxf xvq8zen xo1l8bm xzsf02u x1yc453h\" dir=\"auto\"><strong><span style=\"color: #800000;\"><a style=\"color: #800000;\" href=\"https:\/\/www.buecherinmeinerhand.ch\/2025\/10\/krimi-mord-im-stadtpalais-von-beate-maly.html\">Anya<\/a><\/span> hat als Buchpatin f\u00fcr die B<span class=\"html-span xdj266r x14z9mp xat24cr x1lziwak xexx8yu xyri2b x18d9i69 x1c1uobl x1hl2dhg x16tdsg8 x1vvkbs\">logger f\u00fcr Homer 2025<\/span> Aktion nun die Rezension zu &#8220;Mord im Stadt Palais&#8221; von Beate Maly auf ihrem Buchblog ver\u00f6ffentlicht.<\/strong> <\/span><\/em><\/span><\/p>\n<p><span style=\"color: #000000;\"><em><strong>#literaturpreis<\/strong><\/em><\/span><br \/>\n<span style=\"color: #000000;\"><em><strong>#homer2025<br \/>\n#emonsverlag<\/strong><\/em><\/span><\/p>\n","protected":false},"excerpt":{"rendered":"<p>Anya hat als Buchpatin f\u00fcr die Blogger f\u00fcr Homer 2025 Aktion nun die Rezension zu &#8220;Mord im Stadt Palais&#8221; von Beate Maly auf ihrem Buchblog ver\u00f6ffentlicht. #literaturpreis #homer2025 #emonsverlag<\/p>\n","protected":false},"author":1,"featured_media":0,"comment_status":"open","ping_status":"open","sticky":false,"template":"","format":"standard","meta":{"_jetpack_memberships_contains_paid_content":false,"footnotes":""},"categories":[1],"tags":[],"class_list":["post-27745","post","type-post","status-publish","format-standard","hentry","category-lesebuch"],"jetpack_featured_media_url":"","jetpack_sharing_enabled":true,"_links":{"self":[{"href":"https:\/\/www.richteronweb.de\/index.php?rest_route=\/wp\/v2\/posts\/27745","targetHints":{"allow":["GET"]}}],"collection":[{"href":"https:\/\/www.richteronweb.de\/index.php?rest_route=\/wp\/v2\/posts"}],"about":[{"href":"https:\/\/www.richteronweb.de\/index.php?rest_route=\/wp\/v2\/types\/post"}],"author":[{"embeddable":true,"href":"https:\/\/www.richteronweb.de\/index.php?rest_route=\/wp\/v2\/users\/1"}],"replies":[{"embeddable":true,"href":"https:\/\/www.richteronweb.de\/index.php?rest_route=%2Fwp%2Fv2%2Fcomments&post=27745"}],"version-history":[{"count":1,"href":"https:\/\/www.richteronweb.de\/index.php?rest_route=\/wp\/v2\/posts\/27745\/revisions"}],"predecessor-version":[{"id":27746,"href":"https:\/\/www.richteronweb.de\/index.php?rest_route=\/wp\/v2\/posts\/27745\/revisions\/27746"}],"wp:attachment":[{"href":"https:\/\/www.richteronweb.de\/index.php?rest_route=%2Fwp%2Fv2%2Fmedia&parent=27745"}],"wp:term":[{"taxonomy":"category","embeddable":true,"href":"https:\/\/www.richteronweb.de\/index.php?rest_route=%2Fwp%2Fv2%2Fcategories&post=27745"},{"taxonomy":"post_tag","embeddable":true,"href":"https:\/\/www.richteronweb.de\/index.php?rest_route=%2Fwp%2Fv2%2Ftags&post=27745"}],"curies":[{"name":"wp","href":"https:\/\/api.w.org\/{rel}","templated":true}]}}