{"id":26086,"date":"2025-03-06T21:00:22","date_gmt":"2025-03-06T20:00:22","guid":{"rendered":"https:\/\/www.richteronweb.de\/?p=26086"},"modified":"2025-03-06T21:59:35","modified_gmt":"2025-03-06T20:59:35","slug":"2-stuttgarter-buchmesse","status":"publish","type":"post","link":"https:\/\/www.richteronweb.de\/?p=26086","title":{"rendered":"2. Stuttgarter Buchmesse"},"content":{"rendered":"\r\n\r\n\r\n\r\n\r\n<p><a href=\"https:\/\/www.richteronweb.de\/wp-content\/uploads\/2025\/02\/e0fbfb_ced4c589316a41478027691dae70aad17Emv22302395759516582888.jpg\"><img loading=\"lazy\" decoding=\"async\" class=\"alignnone size-medium wp-image-26085\" src=\"https:\/\/www.richteronweb.de\/wp-content\/uploads\/2025\/02\/e0fbfb_ced4c589316a41478027691dae70aad17Emv22302395759516582888-300x300.jpg\" alt=\"\" width=\"300\" height=\"300\" srcset=\"https:\/\/www.richteronweb.de\/wp-content\/uploads\/2025\/02\/e0fbfb_ced4c589316a41478027691dae70aad17Emv22302395759516582888-300x300.jpg 300w, https:\/\/www.richteronweb.de\/wp-content\/uploads\/2025\/02\/e0fbfb_ced4c589316a41478027691dae70aad17Emv22302395759516582888-700x700.jpg 700w, https:\/\/www.richteronweb.de\/wp-content\/uploads\/2025\/02\/e0fbfb_ced4c589316a41478027691dae70aad17Emv22302395759516582888-150x150.jpg 150w, https:\/\/www.richteronweb.de\/wp-content\/uploads\/2025\/02\/e0fbfb_ced4c589316a41478027691dae70aad17Emv22302395759516582888-768x768.jpg 768w, https:\/\/www.richteronweb.de\/wp-content\/uploads\/2025\/02\/e0fbfb_ced4c589316a41478027691dae70aad17Emv22302395759516582888-1536x1536.jpg 1536w, https:\/\/www.richteronweb.de\/wp-content\/uploads\/2025\/02\/e0fbfb_ced4c589316a41478027691dae70aad17Emv22302395759516582888.jpg 1930w\" sizes=\"auto, (max-width: 300px) 100vw, 300px\" \/><\/a><\/p>\r\n<p><span style=\"color: #000000;\"><em><strong>Nach dem vollkommen unerwarteten, aber umso erfreulichen Premieren-Erfolg startete die 2. Stuttgarter-Buchmesse am Samstag, 22.02.25 wieder in der Schwabenlandhalle in Fellbach. Laut Veranstalter, Ann-Kathrin Zellner und Stefan Zeh, soll sie deutlich gr\u00f6\u00dfer sein, damit alle mehr Platz haben und die Warteschlangen kleiner werden k\u00f6nnen. Allerdings waren die Besucherschlangen riesig, egal ob vor der Eingangst\u00fcr oder an den Aussteller Tischen der Autoren\/Autorinnen. Ich war dieses Jahr vor Ort und wurde wirklich von den Menschenmassen geflashed. <br \/><\/strong><\/em><\/span><\/p>\r\n<p><span style=\"color: #000000;\"><em><strong>Der R\u00fcckblick wie alles begann&#8230;<\/strong><\/em><\/span><br \/><span style=\"color: #000000;\"><em><strong>Es war Januar 2023, als eine Idee entstand, die Geschichte schreiben sollte. Ann-Kathrin Zellner und Stefan Zeh hielten eine gemeinsame Lesung in Esslingen, als die spontane Idee aufkam, eine Buchmesse im S\u00fcdwesten auf die Beine zu stellen. Es folgte ein Jahr Planung, Organisation, ein vergr\u00f6\u00dfertes Team und im nu startete die 1. Stuttgarter Buchmesse. <\/strong><\/em><\/span><\/p>\r\n<p><span style=\"color: #000000;\"><em><strong>Die Location&#8230;<\/strong><\/em><\/span><br \/><span style=\"color: #000000;\"><em><strong>Die 2.Stuttgarter Buchmesse erwartete uns Buch- und Lesebegeisterte auf einer Ausstellungsfl\u00e4che von 4500qm mit mehr als 300 Aussteller aus Deutschland und dar\u00fcber hinaus. In der Schwabenlandhalle in Fellbach konnte ich in die Welt der B\u00fccher, egal ob Krimis, Romance, Fantasy, New Adult, Kinderb\u00fccher oder Historische Literatur, eintauchen. Ich lernte neue Autoren\/Autorinnen kennen und einige alte Gesichter durfte ich wieder begegnen. Manchmal f\u00fchle ich mich wie auf einem Klassentreffen mit B\u00fccher- und Leses\u00fcchtigen Mitmenschen.<\/strong> <\/em><\/span><\/p>\r\n<p><span style=\"color: #000000;\"><em><strong>\r\n\r\n<\/strong><\/em><\/span><\/p>\r\n<p><a href=\"https:\/\/www.richteronweb.de\/wp-content\/uploads\/2025\/02\/wp-17406531707638820825511444871034.jpg\"><img loading=\"lazy\" decoding=\"async\" class=\"alignnone size-medium wp-image-26081\" src=\"https:\/\/www.richteronweb.de\/wp-content\/uploads\/2025\/02\/wp-17406531707638820825511444871034-300x225.jpg\" alt=\"\" width=\"300\" height=\"225\" srcset=\"https:\/\/www.richteronweb.de\/wp-content\/uploads\/2025\/02\/wp-17406531707638820825511444871034-300x225.jpg 300w, https:\/\/www.richteronweb.de\/wp-content\/uploads\/2025\/02\/wp-17406531707638820825511444871034-700x525.jpg 700w, https:\/\/www.richteronweb.de\/wp-content\/uploads\/2025\/02\/wp-17406531707638820825511444871034-768x576.jpg 768w, https:\/\/www.richteronweb.de\/wp-content\/uploads\/2025\/02\/wp-17406531707638820825511444871034-1536x1152.jpg 1536w, https:\/\/www.richteronweb.de\/wp-content\/uploads\/2025\/02\/wp-17406531707638820825511444871034-400x300.jpg 400w, https:\/\/www.richteronweb.de\/wp-content\/uploads\/2025\/02\/wp-17406531707638820825511444871034.jpg 2000w\" sizes=\"auto, (max-width: 300px) 100vw, 300px\" \/><\/a><\/p>\r\n<p><span style=\"color: #000000;\"><em><strong>Ein wundervolles Wiedersehen hatte ich mit der Autorin Pia Guttenson. Pia Guttenson wurde 1974 in Backnang im Rems-Murr-Kreis geboren und wuchs in den D\u00f6rfern Hohnweiler und Unterweissach auf. In ihrer Schule, dem Bildungszentrum Weissach im Tal, sah man Pia Guttenson in jeder freien Minute in der Bibliothek.<\/strong><\/em><\/span><br \/><span style=\"color: #000000;\"><em><strong>B\u00fccher und Schreiben war ihre gro\u00dfe Leidenschaft. Daher ist es eigentlich seltsam, dass die Autorin eine Lehre zur Friseurin machte, gefolgt von einer Ausbildung im Einzelhandel. Jedoch h\u00f6rte sie nie auf zu schreiben und bis heute liest sie noch immer pro Woche zwei B\u00fccher. Die Romanschriftstellerin bekommt Anregungen f\u00fcr ihre Werke aus ihrem Umfeld. Inspiration erf\u00e4hrt die Autorin aber auch beim Nordic-Walking in den idyllischen Weinbergen der Umgebung, beim Tanzen oder beim Bogenschiessen. Pia Guttenson liebt die keltische Kultur und hat auf Reisen ihr Herz in Schottland verloren.<\/strong><\/em><\/span><br \/><span style=\"color: #000000;\"><em><strong>So wird es den Leser nicht \u00fcberraschen, dass Schottland und die schottische Kultur in allen ihren B\u00fcchern eine Rolle spielen. Ferner ist Pia Guttenson auf Messen, Lesungen und Veranstaltungen anhand ihrer Tartankleider gut zu erkennen. Ihre Geschichten um den Mann im Kilt kann ich absolut empfehlen!<\/strong><\/em><\/span><\/p>\r\n<p><a href=\"https:\/\/www.richteronweb.de\/wp-content\/uploads\/2025\/02\/wp-17406548685845781050724782327918.jpg\"><img loading=\"lazy\" decoding=\"async\" class=\"alignnone size-medium wp-image-26088\" src=\"https:\/\/www.richteronweb.de\/wp-content\/uploads\/2025\/02\/wp-17406548685845781050724782327918-169x300.jpg\" alt=\"\" width=\"169\" height=\"300\" srcset=\"https:\/\/www.richteronweb.de\/wp-content\/uploads\/2025\/02\/wp-17406548685845781050724782327918-169x300.jpg 169w, https:\/\/www.richteronweb.de\/wp-content\/uploads\/2025\/02\/wp-17406548685845781050724782327918.jpg 326w\" sizes=\"auto, (max-width: 169px) 100vw, 169px\" \/><\/a><\/p>\r\n<p><span style=\"color: #000000;\"><em><strong>Die Autorin Susanne Arnold habe ich endlich pers\u00f6nlich kennen lernen d\u00fcrfen. Ich bin auf ihre wundervollen Buchcover gestolpert und dann noch im Buchgenre Krimi. Was will man mehr&#8230; Ihre Krimis sind aus Kent mit den betagten Protagonisten Elisabeth und Margret. <\/strong><\/em><\/span><br \/><span style=\"color: #000000;\"><em><strong><span class=\"wixui-rich-text__text\"> Susanne Arnold, ist Autorin und lebt<\/span><span class=\"wixui-rich-text__text\"> mit ihrer Familie in einem H\u00f6henstadtteil von Koblenz. Sie liebt nicht nur das Schreiben, sondern dar\u00fcber hinaus ist sie auch ein gro\u00dfer Fan von Gro\u00dfbritannien. Ihre Geschichten bieten ihr selbst die wundervolle M\u00f6glichkeit, diese beiden Leidenschaften miteinander zu kombinieren. Also mach es dir gerne mit einer Tasse Tee gem\u00fctlich und lass dich f\u00fcr ein paar Stunden in das wundersch\u00f6ne \u00d6rtchen Rosefield entf\u00fchren, um gemeinsam mit den Freundinnen Margret und Elisabeth ein spannendes Abenteuer in good old England zu erleben. Ich habe mir das erste Buch auf der Stuttgarter Buchmesse gekauft und werde euch irgendwann davon berichten.<\/span><\/strong><\/em><\/span><\/p>\r\n<p><a href=\"https:\/\/www.richteronweb.de\/wp-content\/uploads\/2025\/02\/wp-17406531705816770497511350639223.jpg\"><img loading=\"lazy\" decoding=\"async\" class=\"alignnone size-medium wp-image-26080\" src=\"https:\/\/www.richteronweb.de\/wp-content\/uploads\/2025\/02\/wp-17406531705816770497511350639223-300x225.jpg\" alt=\"\" width=\"300\" height=\"225\" srcset=\"https:\/\/www.richteronweb.de\/wp-content\/uploads\/2025\/02\/wp-17406531705816770497511350639223-300x225.jpg 300w, https:\/\/www.richteronweb.de\/wp-content\/uploads\/2025\/02\/wp-17406531705816770497511350639223-700x525.jpg 700w, https:\/\/www.richteronweb.de\/wp-content\/uploads\/2025\/02\/wp-17406531705816770497511350639223-768x576.jpg 768w, https:\/\/www.richteronweb.de\/wp-content\/uploads\/2025\/02\/wp-17406531705816770497511350639223-1536x1152.jpg 1536w, https:\/\/www.richteronweb.de\/wp-content\/uploads\/2025\/02\/wp-17406531705816770497511350639223-400x300.jpg 400w, https:\/\/www.richteronweb.de\/wp-content\/uploads\/2025\/02\/wp-17406531705816770497511350639223.jpg 2000w\" sizes=\"auto, (max-width: 300px) 100vw, 300px\" \/><\/a><\/p>\r\n<p><span style=\"color: #000000;\"><em><strong>An einem Stand weiter durfte ich die Krimiautorin Amalia Green kennen lernen. Ihre Buchcover luden mich ein, sie auf der Buchmesse zu besuchen. Es war schwer mich f\u00fcr eines zu entscheiden, allerdings bekam ich von ihr eine sehr nette und kleine Erl\u00e4uterung beider Geschichten in Kurzform. Und ich habe mich f\u00fcr ein Buch entschieden. Am liebsten h\u00e4tte ich beide gekauft. Ich musste an mich halten. Ihre beiden Krimis zeichnen den Whodunit Stil aus. Darunter versteht man m\u00f6rderische Fangspiele, die dann gerne im Kaminzimmer enden. Hier wird jener Teil der Krimiliteratur bezeichnet, in der die Entlarvung des T\u00e4ters, der T\u00e4terin oder einer ganzen T\u00e4tergruppe andere Themenbereichen \u00fcberlagern.<\/strong><\/em><\/span><\/p>\r\n<p><a href=\"https:\/\/www.richteronweb.de\/wp-content\/uploads\/2025\/02\/wp-17406531703768955114727635576243.jpg\"><img loading=\"lazy\" decoding=\"async\" class=\"alignnone size-medium wp-image-26076\" src=\"https:\/\/www.richteronweb.de\/wp-content\/uploads\/2025\/02\/wp-17406531703768955114727635576243-300x225.jpg\" alt=\"\" width=\"300\" height=\"225\" srcset=\"https:\/\/www.richteronweb.de\/wp-content\/uploads\/2025\/02\/wp-17406531703768955114727635576243-300x225.jpg 300w, https:\/\/www.richteronweb.de\/wp-content\/uploads\/2025\/02\/wp-17406531703768955114727635576243-700x525.jpg 700w, https:\/\/www.richteronweb.de\/wp-content\/uploads\/2025\/02\/wp-17406531703768955114727635576243-768x576.jpg 768w, https:\/\/www.richteronweb.de\/wp-content\/uploads\/2025\/02\/wp-17406531703768955114727635576243-1536x1152.jpg 1536w, https:\/\/www.richteronweb.de\/wp-content\/uploads\/2025\/02\/wp-17406531703768955114727635576243-400x300.jpg 400w, https:\/\/www.richteronweb.de\/wp-content\/uploads\/2025\/02\/wp-17406531703768955114727635576243.jpg 2000w\" sizes=\"auto, (max-width: 300px) 100vw, 300px\" \/><\/a><\/p>\r\n<p><span style=\"color: #000000;\"><em><strong>Ein Wiedersehen mit Charlotte Blum &#8211; Autorenduo Dorothea B\u00f6hme und Regine Bott stand auf meiner Agenda ganz weit oben. Ich traf beide am M\u00f6derischen Schwestern Stand und es war so sch\u00f6n und gleichzeitig spannend von neuen Projekten zu erfahren.<\/strong><\/em><\/span><br \/><span style=\"color: #000000;\"><em><strong>Das Foto von ihrer mit Kopfh\u00f6rern vor einem Schaltschrank sitzenden Gro\u00dfmutter hatte es Regine Bott schon als Kind angetan. Dem Begriff des \u00bbFr\u00e4ulein vom Amt\u00ab begegnete sie damals zum ersten Mal, und der Beruf der Telefonistin lie\u00df sie nicht mehr los. Dorothea B\u00f6hme begegnete Regine Bott hingegen erst Jahrzehnte sp\u00e4ter. Und siehe da: Auch das Leben von Dorotheas Gro\u00dfmutter bot so einiges an Romanstoff, stellte sie doch die damaligen Geschlechterrollen auf den Kopf. Die Idee, gemeinsam als Charlotte Blum eine Serie um das Fr\u00e4ulein vom Amt Alma T\u00e4uber und ihre unkonventionelle Freundin Emmi zu schreiben, war geboren. Die beiden Autorinnen sind gemeinsam nicht nur schreibend unterwegs (auch unter dem Pseudonym Anna T\u00e4uber im Genre des Cosy Crime), sondern treten auch regelm\u00e4\u00dfig im Rahmen einer Leseb\u00fchne zusammen auf. Sie leben mit ihren Familien in Stuttgart und Kornwestheim.<\/strong><\/em><\/span><\/p>\r\n<p><span style=\"color: #000000;\"><em><strong><span id=\"productTitle\" class=\"a-size-large celwidget\" data-csa-c-id=\"4hhdzh-rydxfx-khrjhc-4mcf0q\" data-cel-widget=\"productTitle\">Schr\u00e4ge V\u00f6gel \u2013 SOKO Neunt\u00f6ter: Kriminalroman\/Cosy Crime <\/span>erscheint unter dem Pseudonym Anna T\u00e4uber am 01.03.25 im Buchhandel.<\/strong><\/em><\/span><\/p>\r\n<p><a href=\"https:\/\/www.richteronweb.de\/wp-content\/uploads\/2025\/02\/wp-17406531701596985115711974092698.jpg\"><img loading=\"lazy\" decoding=\"async\" class=\"alignnone size-medium wp-image-26078\" src=\"https:\/\/www.richteronweb.de\/wp-content\/uploads\/2025\/02\/wp-17406531701596985115711974092698-300x225.jpg\" alt=\"\" width=\"300\" height=\"225\" srcset=\"https:\/\/www.richteronweb.de\/wp-content\/uploads\/2025\/02\/wp-17406531701596985115711974092698-300x225.jpg 300w, https:\/\/www.richteronweb.de\/wp-content\/uploads\/2025\/02\/wp-17406531701596985115711974092698-700x525.jpg 700w, https:\/\/www.richteronweb.de\/wp-content\/uploads\/2025\/02\/wp-17406531701596985115711974092698-768x576.jpg 768w, https:\/\/www.richteronweb.de\/wp-content\/uploads\/2025\/02\/wp-17406531701596985115711974092698-1536x1152.jpg 1536w, https:\/\/www.richteronweb.de\/wp-content\/uploads\/2025\/02\/wp-17406531701596985115711974092698-400x300.jpg 400w, https:\/\/www.richteronweb.de\/wp-content\/uploads\/2025\/02\/wp-17406531701596985115711974092698.jpg 2000w\" sizes=\"auto, (max-width: 300px) 100vw, 300px\" \/><\/a><\/p>\r\n<p><span style=\"color: #000000;\"><em><strong>Am Buchstand von Michaela Metzner, oder andere kennen sie vielleicht unter dem Pseudonym Mia M. Hope, bin ich auf das Buchcover &#8220;Mitsommercamp zum Verlieben&#8221; aufmerksam gemacht worden. Ich liebe Handlungsorte aus dem Ausland, wie USA, Kanada oder Schweden. In Geschichten zu entfliehen, ist f\u00fcr mich mit unbekannten Handlungsorten immer eine Reise wert. Aber an bekannten Orten bin ich ebenfalls gerne, denn dann kann man mit der Virtuellen Wegbeschreibung wortw\u00f6rtlich live dabei sein. Danke f\u00fcr deine Zeit!<\/strong><\/em><\/span><\/p>\r\n<p><a href=\"https:\/\/www.richteronweb.de\/wp-content\/uploads\/2025\/02\/wp-17406531699637193977172580660582.jpg\"><img loading=\"lazy\" decoding=\"async\" class=\"alignnone size-medium wp-image-26077\" src=\"https:\/\/www.richteronweb.de\/wp-content\/uploads\/2025\/02\/wp-17406531699637193977172580660582-225x300.jpg\" alt=\"\" width=\"225\" height=\"300\" srcset=\"https:\/\/www.richteronweb.de\/wp-content\/uploads\/2025\/02\/wp-17406531699637193977172580660582-225x300.jpg 225w, https:\/\/www.richteronweb.de\/wp-content\/uploads\/2025\/02\/wp-17406531699637193977172580660582-700x933.jpg 700w, https:\/\/www.richteronweb.de\/wp-content\/uploads\/2025\/02\/wp-17406531699637193977172580660582-768x1024.jpg 768w, https:\/\/www.richteronweb.de\/wp-content\/uploads\/2025\/02\/wp-17406531699637193977172580660582-1152x1536.jpg 1152w, https:\/\/www.richteronweb.de\/wp-content\/uploads\/2025\/02\/wp-17406531699637193977172580660582.jpg 1500w\" sizes=\"auto, (max-width: 225px) 100vw, 225px\" \/><\/a><\/p>\r\n<p><span style=\"color: #000000;\"><em><strong>Endlich bekam ich die M\u00f6glichkeit Julia K. Rodeit auf einer der Messen pers\u00f6nlich kennen zu lernen. Eine sympathische Schriftstellerin, dessen Buchreihe Inseltr\u00e4ume auf Amrum ich nun fast vollst\u00e4ndig besitze. Ich kaufte Buch Nummer zwei und habe alle vier B\u00fccher signieren lassen. Weihnachten im kleinen Inselhotel hinterm Deich (Inseltr\u00e4ume auf Amrum 5) werde ich hoffentlich dieses Jahr zu Weihnachten erwerben.<\/strong><\/em><\/span><br \/><span style=\"color: #000000;\"><em><strong>Julia K. Rodeit ist eigentlich das Pseudonym der Krimi-Autorin Katrin Rodeit, die mit ihrer Familie am Rande der Schw\u00e4bischen Alb wohnt. Weil das Ermorden von Menschen auf Dauer recht anstrengend und mitunter auch langweilig wurde, hat sie beschlossen, als Julia K. Rodeit ihre romantische Seite zum Vorschein zu bringen. Dabei entf\u00fchrt sie uns Leserinnen und Leser mittlerweile haupts\u00e4chlich in ihre liebste Region &#8211; an die deutsche K\u00fcste.<\/strong><\/em><\/span><br \/><span style=\"color: #000000;\"><em><strong>Ihre feinsinnigen Liebesromane mit einer guten Prise Humor und tiefen Gef\u00fchlen st\u00fcrmen dabei regelm\u00e4\u00dfig die Bestsellerlisten.<\/strong><\/em><\/span><\/p>\r\n<p><span style=\"color: #000000;\"><em><strong>Und neben ihr am Ausstellerstand war auch eine wundervolle Autorin, dessen Pers\u00f6nlichkeit ich sehr sch\u00e4tze. Jana Lukas oder Ella Thompson!\u00a0<\/strong><\/em><\/span><br \/><span style=\"color: #000000;\"><em><strong>Was tun, wenn man zwei Traumberufe hat? Jana Lukas entschied sich nach dem Abitur, zun\u00e4chst den bodenst\u00e4ndigeren ihrer beiden Tr\u00e4ume zu verwirklichen und Polizistin zu werden. Nach \u00fcber zehn Jahren bei der Kriminalpolizei wagte sie sich an ihren ersten Roman und erz\u00e4hlt seitdem von gro\u00dfen Gef\u00fchlen und temperamentvollen Charakteren. Das gilt auch f\u00fcr die Romane, die sie unter dem Pseudonym Ella Thompson ver\u00f6ffentlicht, und in denen sie uns mitnimmt an die malerische Ostk\u00fcste der USA. Ihr Motto lautet: Es gibt nicht viele Garantien im Leben \u2026 aber zumindest in ihren Romanen ist ein Happy End garantiert. Immer!<\/strong><\/em><\/span><br \/><span style=\"color: #000000;\"><em><strong>Und wir kennen uns jetzt schon einige Jahre durch die Veranstaltungen auf der lit.Love in M\u00fcnchen und unsere kleinen Wiedersehen sind immer wundersch\u00f6n. Und es besch\u00e4mt mich immer wieder, das meine gekauften Exemplare von ihr immer noch im Regal ungelesener B\u00fccher wandelt.<\/strong> <\/em><\/span><\/p>\r\n<p><a href=\"https:\/\/www.richteronweb.de\/wp-content\/uploads\/2025\/02\/wp-17406531697122591589063799325838.jpg\"><img loading=\"lazy\" decoding=\"async\" class=\"alignnone size-medium wp-image-26079\" src=\"https:\/\/www.richteronweb.de\/wp-content\/uploads\/2025\/02\/wp-17406531697122591589063799325838-225x300.jpg\" alt=\"\" width=\"225\" height=\"300\" srcset=\"https:\/\/www.richteronweb.de\/wp-content\/uploads\/2025\/02\/wp-17406531697122591589063799325838-225x300.jpg 225w, https:\/\/www.richteronweb.de\/wp-content\/uploads\/2025\/02\/wp-17406531697122591589063799325838-700x933.jpg 700w, https:\/\/www.richteronweb.de\/wp-content\/uploads\/2025\/02\/wp-17406531697122591589063799325838-768x1024.jpg 768w, https:\/\/www.richteronweb.de\/wp-content\/uploads\/2025\/02\/wp-17406531697122591589063799325838-1152x1536.jpg 1152w, https:\/\/www.richteronweb.de\/wp-content\/uploads\/2025\/02\/wp-17406531697122591589063799325838.jpg 1500w\" sizes=\"auto, (max-width: 225px) 100vw, 225px\" \/><\/a><\/p>\r\n<p><span style=\"color: #000000;\"><em><strong>Endlich lernte ich die Liebesroman Autorin Ann Christine Larsen kennen. Ich durfte schon das ein oder andere Buch \u00fcber Australien von ihr lesen. Wenn man Autoren\/innen endlich live trifft, bekommt man irgendwie einen ganz anderen Einblick in die geschriebenen Geschichten, die man gelesen hat. Unter dem Pseudonym versteckt sich eine in den 70zigern geborene Baden-W\u00fcrttembergerin. Sie ist in ihrem Brotjob als Sachbearbeiterin t\u00e4tig, aber an den Wochenenden ist sie mit Leib und Seele Schriftstellerin. Ihre Ideen findet sie nat\u00fcrlich im t\u00e4glichen Leben oder auf ihren Reisen. Sie ist ein Riesenfan von Finnland, USA und auf jeden Fall noch von Australien.<\/strong><\/em><\/span><\/p>\r\n<p><a href=\"https:\/\/www.richteronweb.de\/wp-content\/uploads\/2025\/02\/wp-17406531695248296459029464654638.jpg\"><img loading=\"lazy\" decoding=\"async\" class=\"alignnone size-medium wp-image-26071\" src=\"https:\/\/www.richteronweb.de\/wp-content\/uploads\/2025\/02\/wp-17406531695248296459029464654638-225x300.jpg\" alt=\"\" width=\"225\" height=\"300\" srcset=\"https:\/\/www.richteronweb.de\/wp-content\/uploads\/2025\/02\/wp-17406531695248296459029464654638-225x300.jpg 225w, https:\/\/www.richteronweb.de\/wp-content\/uploads\/2025\/02\/wp-17406531695248296459029464654638-700x933.jpg 700w, https:\/\/www.richteronweb.de\/wp-content\/uploads\/2025\/02\/wp-17406531695248296459029464654638-768x1024.jpg 768w, https:\/\/www.richteronweb.de\/wp-content\/uploads\/2025\/02\/wp-17406531695248296459029464654638-1152x1536.jpg 1152w, https:\/\/www.richteronweb.de\/wp-content\/uploads\/2025\/02\/wp-17406531695248296459029464654638.jpg 1500w\" sizes=\"auto, (max-width: 225px) 100vw, 225px\" \/><\/a><\/p>\r\n<p><span style=\"color: #000000;\"><em><strong>Regina Wall ist eine Rastatter Selfpublishing Buchautorin und sie liebte es schon von klein auf, sich in der Welt der B\u00fccher zu verlieren. Deshalb machte sie ihr Hobby zum Beruf und studierte Bibliothekswesen. Ihre B\u00fccher kann man auch in der Wortwerke Buchhandlung in Rastatt erwerben. Mittlerweile haben ihre B\u00fccher auch neue Buchcover erhalten. Ich durfte sie und ihre warmherzigen Liebeskom\u00f6dien schon live auf einer Lesung in der besagten Buchhandlung kennen lernen.\u00a0<\/strong><\/em><\/span><\/p>\r\n<p><a href=\"https:\/\/www.richteronweb.de\/wp-content\/uploads\/2025\/02\/wp-17406531693185265627119490931478.jpg\"><img loading=\"lazy\" decoding=\"async\" class=\"alignnone size-medium wp-image-26074\" src=\"https:\/\/www.richteronweb.de\/wp-content\/uploads\/2025\/02\/wp-17406531693185265627119490931478-300x225.jpg\" alt=\"\" width=\"300\" height=\"225\" srcset=\"https:\/\/www.richteronweb.de\/wp-content\/uploads\/2025\/02\/wp-17406531693185265627119490931478-300x225.jpg 300w, https:\/\/www.richteronweb.de\/wp-content\/uploads\/2025\/02\/wp-17406531693185265627119490931478-700x525.jpg 700w, https:\/\/www.richteronweb.de\/wp-content\/uploads\/2025\/02\/wp-17406531693185265627119490931478-768x576.jpg 768w, https:\/\/www.richteronweb.de\/wp-content\/uploads\/2025\/02\/wp-17406531693185265627119490931478-1536x1152.jpg 1536w, https:\/\/www.richteronweb.de\/wp-content\/uploads\/2025\/02\/wp-17406531693185265627119490931478-400x300.jpg 400w, https:\/\/www.richteronweb.de\/wp-content\/uploads\/2025\/02\/wp-17406531693185265627119490931478.jpg 2000w\" sizes=\"auto, (max-width: 300px) 100vw, 300px\" \/><\/a><\/p>\r\n<p><span style=\"color: #000000;\"><em><strong>Ebenso war die Forbacher Fantasy Romanautorin Manuela Maer (plus Ehemann) mit ihrer Ilya Duvent Reihe auf der Buchmesse anzutreffen. Auch hier kann ich wieder nur berichten, sie und ihren Fantasyroman auf einer Lesung in der Rastatter Wortwerke Buchhandlung kennen gelernt zu haben. Ihre Buchvorstellung wurde damals mit Leinwand Feeling vorgestellt. Ich wurde in ihre Badische Revolution Recherche von Rastatt in die Kasematten mitgenommen. Es war echt gruselig, den ausgew\u00e4hlten Textabschitten und mit der Leinwand dargestellten Bilder einzutauchen. Im Gespr\u00e4ch erfuhr ich, das sie sich auf ein neues Terrain getraut hat. Wir werden hoffentlich bald etwas Neues von ihr lesen.<\/strong><\/em><\/span><\/p>\r\n<p><a href=\"https:\/\/www.richteronweb.de\/wp-content\/uploads\/2025\/02\/wp-17406531688551448875765151161834.jpg\"><img loading=\"lazy\" decoding=\"async\" class=\"alignnone size-medium wp-image-26073\" src=\"https:\/\/www.richteronweb.de\/wp-content\/uploads\/2025\/02\/wp-17406531688551448875765151161834-287x300.jpg\" alt=\"\" width=\"287\" height=\"300\" srcset=\"https:\/\/www.richteronweb.de\/wp-content\/uploads\/2025\/02\/wp-17406531688551448875765151161834-287x300.jpg 287w, https:\/\/www.richteronweb.de\/wp-content\/uploads\/2025\/02\/wp-17406531688551448875765151161834-700x733.jpg 700w, https:\/\/www.richteronweb.de\/wp-content\/uploads\/2025\/02\/wp-17406531688551448875765151161834-768x804.jpg 768w, https:\/\/www.richteronweb.de\/wp-content\/uploads\/2025\/02\/wp-17406531688551448875765151161834-1467x1536.jpg 1467w, https:\/\/www.richteronweb.de\/wp-content\/uploads\/2025\/02\/wp-17406531688551448875765151161834.jpg 1910w\" sizes=\"auto, (max-width: 287px) 100vw, 287px\" \/><\/a><\/p>\r\n<p><span style=\"color: #000000;\"><em><strong>Und nat\u00fcrlich wollte ich einen Abstecher am DELIA Stand machen. Dort traf ich dann NicoleWellemin\/Julie Larsen, die Deb\u00fctromanautorin Vera Conny Jack und was mich sehr freute die Historische Autorin Kristin Maciver.\u00a0<\/strong><\/em><\/span><\/p>\r\n<p><span style=\"color: #000000;\"><em><strong>Nicole Wellemin hat vor einigen Tagen ihren neuen Roman &#8220;Das Echo der Moore&#8221;, der im PIPER Verlag verlegt wurde, ver\u00f6ffentlicht. Ihre lebenslange Faszination f\u00fcr Schaupl\u00e4tze von vielschichtigen Orten, f\u00fchrte sie diesmal an ein Moor. Moore sind unverzichtbar f\u00fcr Klimaschutz und Artenvielfalt. Dazu die Schwesterngeschichte \u00fcber die vielen Schattierungen von Wahrheit wurden zu einem einf\u00fchlsamen Roman zusammengefasst.<\/strong><\/em><\/span><\/p>\r\n<p><span style=\"color: #000000;\"><em><strong>Vera Conny Jack ist eine Buch- und Travel Bloggerin. Nun durfte sie ein Teil einer neuen Buchreihe, ihre schriftstellerischen F\u00e4higkeiten als Deb\u00fct-Romanautorin verwirklichen. Die Buchserie soll aus 13 B\u00fcchern bestehen. Ihr Buch &#8220;Acht (un)geplante Tage mit dir&#8221; soll am 13.3.25 im Buchhandel erscheinen und wird vom Flamingo Tales (Nova MD) verlegt werden.\u00a0<\/strong><\/em><\/span><\/p>\r\n<p><span style=\"color: #000000;\"><em><strong>Die Knaur Autorin Kristin Maciver durfte ich durch ein Weihnachts Gewinnspiel auf Instagram virtuell kennen lernen. Deshalb freute ich mich sehr \u00fcber das spontane pers\u00f6nliche kurze Treffen. Durch ihre Faszination f\u00fcr alles Keltische, ihre Leidenschaft f\u00fcr eine bewegende Vergangenheiten und durch die Natur inspiriet, brachte sie nach ihrem Management Studium nun ihren Deb\u00fctroman &#8220;Der Traum der Lady Flower&#8221; in den Buchhandel. Das Buch ist der Auftakt einer historischen New Adult Trilogie in den schottischen Highlands.\u00a0<\/strong><\/em><\/span><\/p>\r\n<p><a href=\"https:\/\/www.richteronweb.de\/wp-content\/uploads\/2025\/02\/wp-17406531691082987082349496859690.jpg\"><img loading=\"lazy\" decoding=\"async\" class=\"alignnone size-medium wp-image-26075\" src=\"https:\/\/www.richteronweb.de\/wp-content\/uploads\/2025\/02\/wp-17406531691082987082349496859690-225x300.jpg\" alt=\"\" width=\"225\" height=\"300\" srcset=\"https:\/\/www.richteronweb.de\/wp-content\/uploads\/2025\/02\/wp-17406531691082987082349496859690-225x300.jpg 225w, https:\/\/www.richteronweb.de\/wp-content\/uploads\/2025\/02\/wp-17406531691082987082349496859690-700x933.jpg 700w, https:\/\/www.richteronweb.de\/wp-content\/uploads\/2025\/02\/wp-17406531691082987082349496859690-768x1024.jpg 768w, https:\/\/www.richteronweb.de\/wp-content\/uploads\/2025\/02\/wp-17406531691082987082349496859690-1152x1536.jpg 1152w, https:\/\/www.richteronweb.de\/wp-content\/uploads\/2025\/02\/wp-17406531691082987082349496859690.jpg 1500w\" sizes=\"auto, (max-width: 225px) 100vw, 225px\" \/><\/a><\/p>\r\n<p><span style=\"color: #000000;\"><em><strong>Die M\u00f6glichkeit neue Autorinnen oder Autoren kennenzulernen, ist f\u00fcr mich immer ein Highlight. So habe ich Marianne Carrera an ihrem Buchstand auf der Stuttgarter Messe besucht. Sie lebt mittlerweile im Elsass, wo sie einen kleinen Bauernhof bewirtschaftet und viele Jahre eine Ziegenzucht betrieben hatte. Das Schreiben war immer schon ein wesentlicher Bestandteil ihres Lebens. Ihre Buchcover sind auch total sch\u00f6n und luden mich ein mehr \u00fcber sie und ihre B\u00fccher zu erfahren. Mittlerweile gibt es die dreiteilige Schleusenhausreihe mit einer zus\u00e4tzlichen Weihnachtsgeschichte. Au\u00dferdem gibt es seit Oktober 2024 den ersten Band der Gl\u00fccksreihe Mauchen Chapelle und der zweite ist f\u00fcr dieses Jahr geplant. Ich freue mich schon auf das eine Buch, Band 1 der Schleusenhausreihe.\u00a0<\/strong><\/em><\/span><\/p>\r\n<p><a href=\"https:\/\/www.richteronweb.de\/wp-content\/uploads\/2025\/02\/wp-17406531685772662279543705131387.jpg\"><img loading=\"lazy\" decoding=\"async\" class=\"alignnone size-medium wp-image-26072\" src=\"https:\/\/www.richteronweb.de\/wp-content\/uploads\/2025\/02\/wp-17406531685772662279543705131387-300x225.jpg\" alt=\"\" width=\"300\" height=\"225\" srcset=\"https:\/\/www.richteronweb.de\/wp-content\/uploads\/2025\/02\/wp-17406531685772662279543705131387-300x225.jpg 300w, https:\/\/www.richteronweb.de\/wp-content\/uploads\/2025\/02\/wp-17406531685772662279543705131387-700x525.jpg 700w, https:\/\/www.richteronweb.de\/wp-content\/uploads\/2025\/02\/wp-17406531685772662279543705131387-768x576.jpg 768w, https:\/\/www.richteronweb.de\/wp-content\/uploads\/2025\/02\/wp-17406531685772662279543705131387-1536x1152.jpg 1536w, https:\/\/www.richteronweb.de\/wp-content\/uploads\/2025\/02\/wp-17406531685772662279543705131387-400x300.jpg 400w, https:\/\/www.richteronweb.de\/wp-content\/uploads\/2025\/02\/wp-17406531685772662279543705131387.jpg 2000w\" sizes=\"auto, (max-width: 300px) 100vw, 300px\" \/><\/a><\/p>\r\n<p><span style=\"color: #000000;\"><em><strong>Die Schriftstellerin Kirsten Storm hat seit jeher eine bl\u00fchende Fantasie und liebt es Geschichten zu schreiben. Seit ihrer Studienzeit und Ausbildung zur Lehrerin ist sie als Selfpublisherin t\u00e4tig und schaffte 2018 mit ihrem Deb\u00fctroman &#8220;W\u00fcnsch dir was&#8221; einen Durchbruch in der Buchszene. Mittlerweile begeisterte sie tausende Leser\/innen mit ihren Geschichten in der Fantasiewelt. Es war sch\u00f6n sie zu treffen und kurz mit ihr zu plaudern.<\/strong><\/em><\/span><\/p>\r\n<p><span style=\"color: #000000;\"><em><strong>In den kommenden Wochen werde ich mit einigen Autoren\/Autorinnen noch Interviews f\u00fchren, dann lernt ihr mehr \u00fcber sie noch kennen. Au\u00dferdem m\u00f6chte ich mich f\u00fcr die kurzen Gespr\u00e4che bei Mika Blum und bei der Sandra Andres bedanken. Irgendwie verga\u00df ich mit Ihnen ein Foto zu machen.\u00a0<\/strong><\/em><\/span><\/p>\r\n","protected":false},"excerpt":{"rendered":"<p>Nach dem vollkommen unerwarteten, aber umso erfreulichen Premieren-Erfolg startete die 2. Stuttgarter-Buchmesse am Samstag, 22.02.25 wieder in der Schwabenlandhalle in Fellbach. Laut Veranstalter, Ann-Kathrin Zellner und Stefan Zeh, soll sie deutlich gr\u00f6\u00dfer sein, damit alle mehr Platz haben und die &hellip; <a href=\"https:\/\/www.richteronweb.de\/?p=26086\">Weiterlesen <span class=\"meta-nav\">&rarr;<\/span><\/a><\/p>\n","protected":false},"author":1,"featured_media":0,"comment_status":"open","ping_status":"open","sticky":false,"template":"","format":"standard","meta":{"_jetpack_memberships_contains_paid_content":false,"footnotes":""},"categories":[1],"tags":[],"class_list":["post-26086","post","type-post","status-publish","format-standard","hentry","category-lesebuch"],"jetpack_featured_media_url":"","jetpack_sharing_enabled":true,"_links":{"self":[{"href":"https:\/\/www.richteronweb.de\/index.php?rest_route=\/wp\/v2\/posts\/26086","targetHints":{"allow":["GET"]}}],"collection":[{"href":"https:\/\/www.richteronweb.de\/index.php?rest_route=\/wp\/v2\/posts"}],"about":[{"href":"https:\/\/www.richteronweb.de\/index.php?rest_route=\/wp\/v2\/types\/post"}],"author":[{"embeddable":true,"href":"https:\/\/www.richteronweb.de\/index.php?rest_route=\/wp\/v2\/users\/1"}],"replies":[{"embeddable":true,"href":"https:\/\/www.richteronweb.de\/index.php?rest_route=%2Fwp%2Fv2%2Fcomments&post=26086"}],"version-history":[{"count":27,"href":"https:\/\/www.richteronweb.de\/index.php?rest_route=\/wp\/v2\/posts\/26086\/revisions"}],"predecessor-version":[{"id":26152,"href":"https:\/\/www.richteronweb.de\/index.php?rest_route=\/wp\/v2\/posts\/26086\/revisions\/26152"}],"wp:attachment":[{"href":"https:\/\/www.richteronweb.de\/index.php?rest_route=%2Fwp%2Fv2%2Fmedia&parent=26086"}],"wp:term":[{"taxonomy":"category","embeddable":true,"href":"https:\/\/www.richteronweb.de\/index.php?rest_route=%2Fwp%2Fv2%2Fcategories&post=26086"},{"taxonomy":"post_tag","embeddable":true,"href":"https:\/\/www.richteronweb.de\/index.php?rest_route=%2Fwp%2Fv2%2Ftags&post=26086"}],"curies":[{"name":"wp","href":"https:\/\/api.w.org\/{rel}","templated":true}]}}