{"id":25776,"date":"2024-12-26T15:09:16","date_gmt":"2024-12-26T14:09:16","guid":{"rendered":"https:\/\/www.richteronweb.de\/?p=25776"},"modified":"2024-12-26T15:09:16","modified_gmt":"2024-12-26T14:09:16","slug":"interview-mit-sandra-altmann","status":"publish","type":"post","link":"https:\/\/www.richteronweb.de\/?p=25776","title":{"rendered":"Interview mit Sandra Altmann"},"content":{"rendered":"<p><span style=\"color: #000000;\"><em><strong><span id=\"fbPhotoSnowliftCaption\" class=\"fbPhotosPhotoCaption\" tabindex=\"0\" data-ft=\"{&quot;tn&quot;:&quot;K&quot;}\"><span class=\"hasCaption\">\u273d\u2022*\u00a8*\u2022\u0e51\u273f\u0e51\u2605 Autoreninterview \u2605\u0e51\u273f\u0e51\u2022*\u00a8*\u2022\u273d<\/span><\/span><\/strong><\/em><\/span><\/p>\n<p><span style=\"color: #000000;\"><em><strong>1. Wer ist Sandra Altmann? Magst du dich mal kurz vorstellen?<br \/>\n<\/strong><\/em><\/span><\/p>\n<p><a href=\"https:\/\/www.richteronweb.de\/wp-content\/uploads\/2024\/12\/2022-05-01-10.13.46-scaled.jpeg\"><img loading=\"lazy\" decoding=\"async\" class=\"alignnone size-medium wp-image-25864\" src=\"https:\/\/www.richteronweb.de\/wp-content\/uploads\/2024\/12\/2022-05-01-10.13.46-300x200.jpeg\" alt=\"\" width=\"300\" height=\"200\" srcset=\"https:\/\/www.richteronweb.de\/wp-content\/uploads\/2024\/12\/2022-05-01-10.13.46-300x200.jpeg 300w, https:\/\/www.richteronweb.de\/wp-content\/uploads\/2024\/12\/2022-05-01-10.13.46-700x467.jpeg 700w, https:\/\/www.richteronweb.de\/wp-content\/uploads\/2024\/12\/2022-05-01-10.13.46-768x512.jpeg 768w, https:\/\/www.richteronweb.de\/wp-content\/uploads\/2024\/12\/2022-05-01-10.13.46-1536x1024.jpeg 1536w, https:\/\/www.richteronweb.de\/wp-content\/uploads\/2024\/12\/2022-05-01-10.13.46-2048x1365.jpeg 2048w, https:\/\/www.richteronweb.de\/wp-content\/uploads\/2024\/12\/2022-05-01-10.13.46-450x300.jpeg 450w\" sizes=\"auto, (max-width: 300px) 100vw, 300px\" \/><\/a><\/p>\n<p><span style=\"color: #000000;\"><em><strong>Geboren in Landshut bin ich eine waschechte Niederbayerin, hab dann in<\/strong><\/em><\/span><br \/>\n<span style=\"color: #000000;\"><em><strong>Regensburg studiert. Hauptberuflich arbeite nun ich am Gymnasium<\/strong><\/em><\/span><br \/>\n<span style=\"color: #000000;\"><em><strong>Marquartstein als Lehrerin f\u00fcr die F\u00e4cher Deutsch und Latein. In<\/strong><\/em><\/span><br \/>\n<span style=\"color: #000000;\"><em><strong>Marquartstein lebe ich auch mit meinem Mann, unserer Tochter und den<\/strong><\/em><\/span><br \/>\n<span style=\"color: #000000;\"><em><strong>Katzen. Ideen habe ich viele im Kopf, aber nicht immer Zeit, alles<\/strong><\/em><\/span><br \/>\n<span style=\"color: #000000;\"><em><strong>aufzuschreiben. Umso mehr freut es mich, dass ich in den letzten Jahren<\/strong><\/em><\/span><br \/>\n<span style=\"color: #000000;\"><em><strong>drei Romane zu einem Abschluss bringen konnte, n\u00e4mlich mein Erstling<\/strong><\/em><\/span><br \/>\n<span style=\"color: #000000;\"><em><strong>&#8220;Unter Eulen&#8221; (im Selbstverlag erschienen), &#8220;Talsommer&#8221; und<\/strong><\/em><\/span><br \/>\n<span style=\"color: #000000;\"><em><strong>&#8220;Triebwasser&#8221; im Volk Verlag erschienen.<\/strong><\/em><\/span><\/p>\n<p><a href=\"https:\/\/www.richteronweb.de\/wp-content\/uploads\/2024\/12\/shared-image-6.jpg\"><img loading=\"lazy\" decoding=\"async\" class=\"alignnone size-medium wp-image-25865\" src=\"https:\/\/www.richteronweb.de\/wp-content\/uploads\/2024\/12\/shared-image-6-169x300.jpg\" alt=\"\" width=\"169\" height=\"300\" srcset=\"https:\/\/www.richteronweb.de\/wp-content\/uploads\/2024\/12\/shared-image-6-169x300.jpg 169w, https:\/\/www.richteronweb.de\/wp-content\/uploads\/2024\/12\/shared-image-6-700x1244.jpg 700w, https:\/\/www.richteronweb.de\/wp-content\/uploads\/2024\/12\/shared-image-6-768x1365.jpg 768w, https:\/\/www.richteronweb.de\/wp-content\/uploads\/2024\/12\/shared-image-6-864x1536.jpg 864w, https:\/\/www.richteronweb.de\/wp-content\/uploads\/2024\/12\/shared-image-6.jpg 1134w\" sizes=\"auto, (max-width: 169px) 100vw, 169px\" \/><\/a><\/p>\n<p><span style=\"color: #000000;\"><em><strong>2. Die wohl meist gestellte Frage: Wie bist du zum Schreiben gekommen?<\/strong><\/em><\/span><\/p>\n<p><span style=\"color: #000000;\"><em><strong>Ich schreibe schon seit meiner eigenen Schulzeit, war aber lange Zeit<\/strong><\/em><\/span><br \/>\n<span style=\"color: #000000;\"><em><strong>nicht konsequent genug, meine Projekte zu beenden.<\/strong><\/em><\/span><\/p>\n<p><span style=\"color: #000000;\"><em><strong>3. Hast du einen festen Schreibtisch\/Arbeitsplatz zum Schreiben?<\/strong><strong><br \/>\n<\/strong><\/em><\/span><\/p>\n<p><span style=\"color: #000000;\"><em><strong>Einen festen Schreibtisch, der nur f\u00fcr meine Roman-Pojekte reserviert<\/strong><\/em><\/span><br \/>\n<span style=\"color: #000000;\"><em><strong>ist, habe ich nicht. Tats\u00e4chlich schreibe ich \u00fcberall und ganz viel auch<\/strong><\/em><\/span><br \/>\n<span style=\"color: #000000;\"><em><strong>drau\u00dfen. Wenn ich auf Recherche gehe, dann an die Orte, an denen die<\/strong><\/em><\/span><br \/>\n<span style=\"color: #000000;\"><em><strong>Handlung meiner Romane angesiedelt ist. Zuletzt in Bucina, ehemals<\/strong><\/em><\/span><br \/>\n<span style=\"color: #000000;\"><em><strong>Buchwald, ein sudetendeutsches Dorf im heutigen Tschechien &#8211; damit ist<\/strong><\/em><\/span><br \/>\n<span style=\"color: #000000;\"><em><strong>auch das Thema meines neuesten Projektes verraten, an dem ich gerade<\/strong><\/em><\/span><br \/>\n<span style=\"color: #000000;\"><em><strong>arbeite.<\/strong><\/em><\/span><\/p>\n<p><span style=\"color: #000000;\"><em><strong>4. Wo holst du dir die Inspirationen f\u00fcr deine historischen Werke?<\/strong><\/em><\/span><\/p>\n<p><span style=\"color: #000000;\"><em><strong>Eigentlich sind die Themen, \u00fcber die ich schreibe, immer dem Zufall<\/strong><\/em><\/span><br \/>\n<span style=\"color: #000000;\"><em><strong>geschuldet. Als ich in der S\u00fcddeutschen einen Artikel \u00fcber den Bau des<\/strong><\/em><\/span><br \/>\n<span style=\"color: #000000;\"><em><strong>Walchensee-Kraftwerkes gelesen habe, hat das Thema mich sofort gepackt.<\/strong><\/em><\/span><br \/>\n<span style=\"color: #000000;\"><em><strong>Also habe ich angefangen zu recherchieren, daraus ist &#8220;Triebwasser&#8221;<\/strong><\/em><\/span><br \/>\n<span style=\"color: #000000;\"><em><strong>geworden. Wenn ich mich f\u00fcr ein Thema entschieden habe, beginnt die<\/strong><\/em><\/span><br \/>\n<span style=\"color: #000000;\"><em><strong>Recherche-Arbeit. Erst lese ich, dann versuche ich m\u00f6glichst viel vor<\/strong><\/em><\/span><br \/>\n<span style=\"color: #000000;\"><em><strong>Ort zu sein und auch die entsprechenden Museen zu besuchen. F\u00fcr<\/strong><\/em><\/span><br \/>\n<span style=\"color: #000000;\"><em><strong>&#8220;Triebwasser&#8221; hab ich mit meiner Familie am Kochel- und Walchensee<\/strong><\/em><\/span><br \/>\n<span style=\"color: #000000;\"><em><strong>Urlaub gemacht. Wir waren tagelang in den Ausstellungsr\u00e4umen des<\/strong><\/em><\/span><br \/>\n<span style=\"color: #000000;\"><em><strong>Walchenseekraftwerks &#8211; eine wirklich gro\u00dfartige Ausstellung der Firma<\/strong><\/em><\/span><br \/>\n<span style=\"color: #000000;\"><em><strong>uniper. Auch im Freilichtmuseum Glentleiten war ich \u00f6fter, um das Leben<\/strong><\/em><\/span><br \/>\n<span style=\"color: #000000;\"><em><strong>um 1900 wirklich nachf\u00fchlen zu k\u00f6nnen.<\/strong><\/em><\/span><\/p>\n<p><span style=\"color: #000000;\"><em><strong>5. Wann und Warum hast du dich entschlossen deine Erste Geschichte zu ver\u00f6ffentlichen?<\/strong><\/em><\/span><\/p>\n<p><span style=\"color: #000000;\"><em><strong>Vor drei Jahren habe ich mich erstmals an Anthologien beteiligt, zum<\/strong><\/em><\/span><br \/>\n<span style=\"color: #000000;\"><em><strong>Beispiel an &#8220;Sommersch\u00e4tze&#8221; (Herausgeber Hari Patz) oder<\/strong><\/em><\/span><br \/>\n<span style=\"color: #000000;\"><em><strong>&#8220;Friedensfreunde&#8221; (Herausgeberin Romy Gorischek), danach hab ich mich<\/strong><\/em><\/span><br \/>\n<span style=\"color: #000000;\"><em><strong>getraut, im Selbstverlag mein Deb\u00fct &#8220;Unter Eulen&#8221; zu ver\u00f6ffentlichen.<\/strong><\/em><\/span><br \/>\n<span style=\"color: #000000;\"><em><strong>2022 habe ich beim Volk Verlag den Vertrag zu &#8220;Talsommer&#8221; und ein Jahr<\/strong><\/em><\/span><br \/>\n<span style=\"color: #000000;\"><em><strong>sp\u00e4ter zu &#8220;Triebwasser&#8221; unterschrieben. Im Grunde wollte ich immer<\/strong><\/em><\/span><br \/>\n<span style=\"color: #000000;\"><em><strong>schriftstellerisch arbeiten, hab aber wirklich lange gebraucht, den Mut<\/strong><\/em><\/span><br \/>\n<span style=\"color: #000000;\"><em><strong>aufzubringen, an einen Verlag heranzutreten bzw. ein Projekt f\u00fcr<\/strong><\/em><\/span><br \/>\n<span style=\"color: #000000;\"><em><strong>abgeschlossen zu erkl\u00e4ren. Ich t\u00fcftle und \u00e4ndere gerne, aber irgendwann<\/strong><\/em><\/span><br \/>\n<span style=\"color: #000000;\"><em><strong>muss man einen Schlusstrich ziehen und den Text belassen, wie er ist.<\/strong><\/em><\/span><\/p>\n<p><span style=\"color: #000000;\"><strong><em><span class=\"null\">6. Was ist bis jetzt der Sch\u00f6nste Moment in deiner bisherigen Zeit als Autorin gewesen?<\/span><\/em><\/strong><\/span><\/p>\n<p><span style=\"color: #000000;\"><em><strong>Es freut mich besonders, wenn ich eine R\u00fcckmeldung von meinen<\/strong><\/em><\/span><br \/>\n<span style=\"color: #000000;\"><em><strong>Leserinnen und Lesern bekomme, egal ob schriftlich oder im Anschluss an<\/strong><\/em><\/span><br \/>\n<span style=\"color: #000000;\"><em><strong>eine Lesung. Es ist sehr bereichernd, zu sehen, wie die Texte<\/strong><\/em><\/span><br \/>\n<span style=\"color: #000000;\"><em><strong>aufgenommen werden. Und manchmal gehen die Meinungen auch sehr<\/strong><\/em><\/span><br \/>\n<span style=\"color: #000000;\"><em><strong>auseinander. Extrem aufgefallen ist mir das bei der R\u00fcckmeldung zur<\/strong><\/em><\/span><br \/>\n<span style=\"color: #000000;\"><em><strong>Figur der Mutter in &#8220;Talsommer&#8221;. Eine H\u00e4lfte der Leserinnen und Leser<\/strong><\/em><\/span><br \/>\n<span style=\"color: #000000;\"><em><strong>nimmt die Mutter als distanzierte und ausgesprochen strenge Person wahr,<\/strong><\/em><\/span><br \/>\n<span style=\"color: #000000;\"><em><strong>andere wiederum beschreiben sie als warmherzig und betonen die enge<\/strong><\/em><\/span><br \/>\n<span style=\"color: #000000;\"><em><strong>Verbindung zu ihrer Tochter. Beide Positionen kann ich nachvollziehen.<\/strong><\/em><\/span><br \/>\n<span style=\"color: #000000;\"><em><strong>Und genau solche Momente sind f\u00fcr mich ausgesprochen spannend und<\/strong><\/em><\/span><br \/>\n<span style=\"color: #000000;\"><em><strong>interessant.<\/strong><\/em><\/span><\/p>\n<p><span style=\"color: #000000;\"><em><strong>7. Du schreibst vorraussichtlich in der Freizeit deine Geschichten, denn dein Brotjob ist was ganz anderes. W\u00fcrdest du uns erz\u00e4hlen was du beruflich machst?<br \/>\n<\/strong><\/em><\/span><\/p>\n<p><span style=\"color: #000000;\"><em><strong>Ich unterrichte am Gymnasium Marquartstein. Neben den F\u00e4chern Latein<\/strong><\/em><\/span><br \/>\n<span style=\"color: #000000;\"><em><strong>und Deutsch darf ich auch die Theatergruppe leiten und einen Wahlkurs<\/strong><\/em><\/span><br \/>\n<span style=\"color: #000000;\"><em><strong>&#8220;Kreatives Schreiben&#8221; anbieten, in dem ich dabei mit sehr engagierten<\/strong><\/em><\/span><br \/>\n<span style=\"color: #000000;\"><em><strong>und schlauen Sch\u00fclerinnen und Sch\u00fclern zusammenarbeiten kann. Aber es<\/strong><\/em><\/span><br \/>\n<span style=\"color: #000000;\"><em><strong>geh\u00f6ren auch eher organisatorische Dinge zu meinen Aufgaben, etwa den<\/strong><\/em><\/span><br \/>\n<span style=\"color: #000000;\"><em><strong>Studenplan zu erstellen, die Schul-Homepage zu verwalten oder den<\/strong><\/em><\/span><br \/>\n<span style=\"color: #000000;\"><em><strong>Jahresbericht zu verfassen. Ich w\u00fcrde meine Arbeit an der Schule nicht<\/strong><\/em><\/span><br \/>\n<span style=\"color: #000000;\"><em><strong>als &#8220;Brotjob&#8221; bezeichnen, den ich nur mache, um Geld zu verdienen. Es<\/strong><\/em><\/span><br \/>\n<span style=\"color: #000000;\"><em><strong>ist wirklich eine Bereicherung, mit jungen Leuten zu arbeiten und \u00fcber<\/strong><\/em><\/span><br \/>\n<span style=\"color: #000000;\"><em><strong>Literatur zu diskutieren, au\u00dferdem hab ich eine sehr liebenswerte Chefin<\/strong><\/em><\/span><br \/>\n<span style=\"color: #000000;\"><em><strong>und zudem nette Kolleginnen und Kollegen, insofern macht mir meine<\/strong><\/em><\/span><br \/>\n<span style=\"color: #000000;\"><em><strong>Arbeit am Gymnasium Marquartstein wirklich Spa\u00df.<\/strong><\/em><\/span><\/p>\n<p><span style=\"color: #000000;\"><em><strong>8. Was liest du eigentlich selber gerne? Sind es historische Romane oder gar Krimis? Oder sogar ganz was anderes?<br \/>\n<\/strong><\/em><\/span><\/p>\n<p><span style=\"color: #000000;\"><em><strong>Ich lese zum einen wahnsinnig viel, zum anderen in erster Linie<\/strong><\/em><\/span><br \/>\n<span style=\"color: #000000;\"><em><strong>historische Romane, die meist in der Zeit handeln, \u00fcber die ich selbst<\/strong><\/em><\/span><br \/>\n<span style=\"color: #000000;\"><em><strong>gerade schreibe. Damit wird die vergangene Zeit lebendiger und<\/strong><\/em><\/span><br \/>\n<span style=\"color: #000000;\"><em><strong>vorstellbarer. Zu meinen Lieblingsautoren geh\u00f6ren Arno Geiger, Annette<\/strong><\/em><\/span><br \/>\n<span style=\"color: #000000;\"><em><strong>von Droste-H\u00fclshoff oder Jennifer Saint und Madeleine Miller, die eher<\/strong><\/em><\/span><br \/>\n<span style=\"color: #000000;\"><em><strong>mythologische Stoffe bearbeiten. Aktuell lese ich Kathleen Freitag &#8220;Wo<\/strong><\/em><\/span><br \/>\n<span style=\"color: #000000;\"><em><strong>Himmel und Meer sich ber\u00fchren&#8221; und Peter H\u00e4rtling &#8220;Gro\u00dfe, kleine<\/strong><\/em><\/span><br \/>\n<span style=\"color: #000000;\"><em><strong>Schwester&#8221;. Ein Geheimtipp sind meiner Meinung nach die B\u00fccher von Helga<\/strong><\/em><\/span><br \/>\n<span style=\"color: #000000;\"><em><strong>Harter, die unglaublich gut recherchiert sind. Krimi, Thriller und<\/strong><\/em><\/span><br \/>\n<span style=\"color: #000000;\"><em><strong>Fantasy interessieren mich weniger.<\/strong><\/em><\/span><\/p>\n<p><span style=\"color: #000000;\"><em><strong>9. Wie wichtig sind f\u00fcr dich die sozialen Netzwerke? Denn <\/strong><\/em><em><strong>Kritik von deinen Lesern ist wichtig und wie gehst du damit um?<\/strong><\/em><\/span><\/p>\n<p><span style=\"color: #000000;\"><em><strong>Ich bin \u00fcber Instagram, Facebook, LovelyBooks und nat\u00fcrlich auch<\/strong><\/em><\/span><br \/>\n<span style=\"color: #000000;\"><em><strong>\u00fcber den Verlag erreichbar und freue mich immer \u00fcber Post. Genauso freue<\/strong><\/em><\/span><br \/>\n<span style=\"color: #000000;\"><em><strong>ich mich auch \u00fcber Rezensionen zu meinen B\u00fcchern. Ich habe auch<\/strong><\/em><\/span><br \/>\n<span style=\"color: #000000;\"><em><strong>\u00fcberhaupt kein Problem damit, wenn jemand ein Thema oder ein Buch<\/strong><\/em><\/span><br \/>\n<span style=\"color: #000000;\"><em><strong>kritisch bewertet. Schlie\u00dflich sind Geschm\u00e4cker verschieden.<\/strong><\/em><\/span><\/p>\n<p><span style=\"color: #000000;\"><em><strong>10. Weihnachten r\u00fcckt n\u00e4her&#8230; Wirst du dein Zuhause weihnachtlich herrichten? Gehst du vielleicht auch auf die Weihnachtsm\u00e4rkte?<\/strong><\/em><\/span><\/p>\n<p><span style=\"color: #000000;\"><em><strong>Unser Haus ist tats\u00e4chlich schon seit Ende November weihnachtlich<\/strong><\/em><\/span><br \/>\n<span style=\"color: #000000;\"><em><strong>dekoriert. Meine Tochter ist ganz hei\u00df darauf. Und nat\u00fcrlich darf auch<\/strong><\/em><\/span><br \/>\n<span style=\"color: #000000;\"><em><strong>der Christkindlmarkt nicht fehlen. Ausgesprochen stimmungsvoll finde ich<\/strong><\/em><\/span><br \/>\n<span style=\"color: #000000;\"><em><strong>den Adventsgarten in Marquartstein und den Christkindlmarkt auf<\/strong><\/em><\/span><br \/>\n<span style=\"color: #000000;\"><em><strong>Frauenchiemsee.<\/strong><\/em><\/span><\/p>\n<p>&nbsp;<\/p>\n","protected":false},"excerpt":{"rendered":"<p>\u273d\u2022*\u00a8*\u2022\u0e51\u273f\u0e51\u2605 Autoreninterview \u2605\u0e51\u273f\u0e51\u2022*\u00a8*\u2022\u273d 1. Wer ist Sandra Altmann? Magst du dich mal kurz vorstellen? Geboren in Landshut bin ich eine waschechte Niederbayerin, hab dann in Regensburg studiert. Hauptberuflich arbeite nun ich am Gymnasium Marquartstein als Lehrerin f\u00fcr die F\u00e4cher Deutsch &hellip; <a href=\"https:\/\/www.richteronweb.de\/?p=25776\">Weiterlesen <span class=\"meta-nav\">&rarr;<\/span><\/a><\/p>\n","protected":false},"author":1,"featured_media":0,"comment_status":"open","ping_status":"open","sticky":false,"template":"","format":"standard","meta":{"_jetpack_memberships_contains_paid_content":false,"footnotes":""},"categories":[1],"tags":[],"class_list":["post-25776","post","type-post","status-publish","format-standard","hentry","category-lesebuch"],"jetpack_featured_media_url":"","jetpack_sharing_enabled":true,"_links":{"self":[{"href":"https:\/\/www.richteronweb.de\/index.php?rest_route=\/wp\/v2\/posts\/25776","targetHints":{"allow":["GET"]}}],"collection":[{"href":"https:\/\/www.richteronweb.de\/index.php?rest_route=\/wp\/v2\/posts"}],"about":[{"href":"https:\/\/www.richteronweb.de\/index.php?rest_route=\/wp\/v2\/types\/post"}],"author":[{"embeddable":true,"href":"https:\/\/www.richteronweb.de\/index.php?rest_route=\/wp\/v2\/users\/1"}],"replies":[{"embeddable":true,"href":"https:\/\/www.richteronweb.de\/index.php?rest_route=%2Fwp%2Fv2%2Fcomments&post=25776"}],"version-history":[{"count":2,"href":"https:\/\/www.richteronweb.de\/index.php?rest_route=\/wp\/v2\/posts\/25776\/revisions"}],"predecessor-version":[{"id":25866,"href":"https:\/\/www.richteronweb.de\/index.php?rest_route=\/wp\/v2\/posts\/25776\/revisions\/25866"}],"wp:attachment":[{"href":"https:\/\/www.richteronweb.de\/index.php?rest_route=%2Fwp%2Fv2%2Fmedia&parent=25776"}],"wp:term":[{"taxonomy":"category","embeddable":true,"href":"https:\/\/www.richteronweb.de\/index.php?rest_route=%2Fwp%2Fv2%2Fcategories&post=25776"},{"taxonomy":"post_tag","embeddable":true,"href":"https:\/\/www.richteronweb.de\/index.php?rest_route=%2Fwp%2Fv2%2Ftags&post=25776"}],"curies":[{"name":"wp","href":"https:\/\/api.w.org\/{rel}","templated":true}]}}