{"id":25578,"date":"2022-05-21T06:15:47","date_gmt":"2022-05-21T04:15:47","guid":{"rendered":"https:\/\/www.richteronweb.de\/?p=25578"},"modified":"2024-10-24T10:16:07","modified_gmt":"2024-10-24T08:16:07","slug":"die-totenaerztin-goldene-rache-historischer-wien-krimi-die-totenaerztin-reihe-band-2-von-rene-anour","status":"publish","type":"post","link":"https:\/\/www.richteronweb.de\/?p=25578","title":{"rendered":"Die Toten\u00e4rztin: Goldene Rache: Historischer Wien-Krimi (Die Toten\u00e4rztin-Reihe, Band 2) von Rene Anour"},"content":{"rendered":"<p><a href=\"https:\/\/www.richteronweb.de\/wp-content\/uploads\/2022\/04\/preisverleihung-goldener-homer-2021-8.png\"><img loading=\"lazy\" decoding=\"async\" class=\"alignnone wp-image-19071\" src=\"https:\/\/www.richteronweb.de\/wp-content\/uploads\/2022\/04\/preisverleihung-goldener-homer-2021-8.png\" alt=\"\" width=\"374\" height=\"315\" \/><\/a><\/p>\n<p><span style=\"color: #000000;\"><em><strong>Buchvorstellung<\/strong><\/em><\/span><\/p>\n<p><span style=\"color: #000000;\"><em><span id=\"productTitle\"><strong>Die Toten\u00e4rztin: Goldene Rache: Historischer Wien-Krimi (Die Toten\u00e4rztin-Reihe, Band 2)<\/strong> <\/span><\/em><\/span><\/p>\n<p><a href=\"https:\/\/www.richteronweb.de\/wp-content\/uploads\/2022\/05\/fb_blogtour202212.png\"><img loading=\"lazy\" decoding=\"async\" class=\"alignnone size-medium wp-image-19265\" src=\"https:\/\/www.richteronweb.de\/wp-content\/uploads\/2022\/05\/fb_blogtour202212-300x251.png\" alt=\"\" width=\"300\" height=\"251\" srcset=\"https:\/\/www.richteronweb.de\/wp-content\/uploads\/2022\/05\/fb_blogtour202212-300x251.png 300w, https:\/\/www.richteronweb.de\/wp-content\/uploads\/2022\/05\/fb_blogtour202212-700x587.png 700w, https:\/\/www.richteronweb.de\/wp-content\/uploads\/2022\/05\/fb_blogtour202212-768x644.png 768w, https:\/\/www.richteronweb.de\/wp-content\/uploads\/2022\/05\/fb_blogtour202212-900x754.png 900w, https:\/\/www.richteronweb.de\/wp-content\/uploads\/2022\/05\/fb_blogtour202212.png 940w\" sizes=\"auto, (max-width: 300px) 100vw, 300px\" \/><\/a><\/p>\n<ul>\n<li><span style=\"color: #000000;\"><em><strong><span class=\"a-list-item\"> <span class=\"a-text-bold\">Herausgeber \u200f : \u200e <\/span> Rowohlt Taschenbuch; 1. Edition (19. Oktober 2021) <\/span><\/strong><\/em><\/span><\/li>\n<li><span style=\"color: #000000;\"><em><strong><span class=\"a-list-item\"> <span class=\"a-text-bold\">Sprache \u200f : \u200e <\/span> Deutsch <\/span><\/strong><\/em><\/span><\/li>\n<li><span style=\"color: #000000;\"><em><strong><span class=\"a-list-item\"> <span class=\"a-text-bold\">Taschenbuch \u200f : \u200e <\/span> 400 Seiten <\/span><\/strong><\/em><\/span><\/li>\n<li><span style=\"color: #000000;\"><em><strong><span class=\"a-list-item\"> <span class=\"a-text-bold\">ISBN-10 \u200f : \u200e <\/span> 349900559X <\/span><\/strong><\/em><\/span><\/li>\n<li><span style=\"color: #000000;\"><em><span class=\"a-list-item\"><strong> <span class=\"a-text-bold\">ISBN-13 \u200f : \u200e <\/span> 978-3499005596<\/strong> <\/span><\/em><\/span><\/li>\n<\/ul>\n<p><span style=\"color: #000000;\"><em><strong>Die Geheimnisse der Toten &#8230;<\/strong><\/em><\/span><br \/>\n<span style=\"color: #000000;\"><em><strong>Ein neuer Fall f\u00fcr Toten\u00e4rztin Fanny Goldmann.<\/strong><\/em><\/span><\/p>\n<p><span style=\"color: #000000;\"><em><strong>Wien, 1908. Die junge Gerichtsmedizinerin Fanny Goldmann liebt ihren Beruf. Auch wenn die Vorstellung, tote Menschen aufzuschneiden \u2013 oder die Tatsache, dass sie als Frau \u00fcberhaupt arbeitet \u2013, f\u00fcr viele ein Graus ist, f\u00fchlt sie sich nirgends so wohl wie am gerichtsmedizinischen Institut. Doch ihr neuester Fall gibt ihr ein R\u00e4tsel auf. Sie findet eine geheime Botschaft an der Leiche. Ist die f\u00fcr sie bestimmt? Stammt sie vom M\u00f6rder? Fanny ahnt noch nicht, dass dieser Mord der Auftakt zu einem Machtkampf zwischen zwei sehr gef\u00e4hrlichen M\u00e4nnern ist. Dass nicht nur sie selbst, sondern auch ein K\u00fcnstler namens Gustav Klimt hineingezogen wird. Und dass sie unm\u00f6gliche Entscheidungen treffen muss, um die Menschen, die sie liebt, zu besch\u00fctzen \u2026<\/strong><\/em><\/span><\/p>\n<p><span style=\"color: #000000;\"><em><strong>Medizin, Geschichte, Mord und eines der ber\u00fchmtesten Gem\u00e4lde der Welt: Gustav Klimts \u00abDer Kuss\u00bb. Hochspannung vor historischer Kulisse. <\/strong><\/em><\/span><\/p>\n<div>\n<p><span style=\"color: #000000;\"><em><strong>\u00dcber den Autor:<\/strong><\/em><\/span><\/p>\n<p><span style=\"color: #000000;\"><em><strong>Ren\u00e9 Anour lebt in Wien. Dort studierte er auch Veterin\u00e4rmedizin, wobei ihn ein Forschungsaufenthalt bis an die Harvard Medical School f\u00fchrte. Er arbeitet inzwischen bei der \u00f6sterreichischen Agentur f\u00fcr Gesundheit und Ern\u00e4hrungssicherheit und ist als Experte f\u00fcr neu entwickelte Medikamente f\u00fcr die European Medicines Agency t\u00e4tig. Sein historischer Roman &#8220;Im Schatten des Turms&#8221; beleuchtet einen faszinierenden Aspekt der Medizingeschichte: den Narrenturm, die erste psychiatrische Heilanstalt der Welt. Sein zweiter Roman bei Rowohlt ist der Auftakt zu einer Reihe um eine junge Pathologin in Wien zu Beginn des 20. Jahrhunderts: &#8220;Die Toten\u00e4rztin&#8221;.<\/strong><\/em><\/span><\/p>\n<\/div>\n<p><span style=\"color: #000000;\"><em><strong>Hintergrund Gustav Klimt Maler\/K\u00fcnstler<\/strong><\/em><\/span><\/p>\n<p><a href=\"https:\/\/www.richteronweb.de\/wp-content\/uploads\/2022\/05\/k459399a.jpg\"><img loading=\"lazy\" decoding=\"async\" class=\"alignnone size-medium wp-image-19461\" src=\"https:\/\/www.richteronweb.de\/wp-content\/uploads\/2022\/05\/k459399a-221x300.jpg\" alt=\"\" width=\"221\" height=\"300\" srcset=\"https:\/\/www.richteronweb.de\/wp-content\/uploads\/2022\/05\/k459399a-221x300.jpg 221w, https:\/\/www.richteronweb.de\/wp-content\/uploads\/2022\/05\/k459399a.jpg 283w\" sizes=\"auto, (max-width: 221px) 100vw, 221px\" \/><\/a><\/p>\n<div aria-expanded=\"true\"><span style=\"color: #000000;\"><em><strong>1907\u20131908 entstand Klimts ber\u00fchmtestes Gem\u00e4lde \u2013 Der Kuss. Das Bild wurde in der Kunstschau Wien 1908 gezeigt und vom k.u.k. Ministerium f\u00fcr Kultus und Unterricht sofort angekauft. Die Kunstschau wurde von der aus der Secession ausgetretenen K\u00fcnstlergruppe um Klimt und von Josef Hoffmann in einem tempor\u00e4ren Ausstellungsgeb\u00e4ude veranstaltet, das Hoffmann auf dem Grundst\u00fcck des sp\u00e4ter gebauten Wiener Konzerthauses errichtete. 1912 wurde er Pr\u00e4sident des Bundes \u00d6sterreichischer K\u00fcnstler. <\/strong><\/em><\/span><br \/>\n<span style=\"color: #000000;\"><em><strong>Von 1900 bis 1916 war Gustav Klimt vorwiegend am Attersee in Ober\u00f6sterreich auf Sommerfrische, vor allem zu Besuch in der Villa des Hoftischlermeisters Friedrich Paulick. Hier entstand der gr\u00f6\u00dfte Teil seiner Landschaftsgem\u00e4lde. In Unterach am Attersee erinnert daran ein Klimt-Denkmal am Seeufer. <\/strong><\/em><\/span><\/div>\n<div aria-expanded=\"true\"><span style=\"color: #000000;\"><em><strong>Der K\u00fcnstler pflegte enge Beziehungen zu einigen seiner Auftraggeber, die vornehmlich aus dem assimilierten j\u00fcdischen Wiener Gro\u00dfb\u00fcrgertum stammten. Intime Beziehungen pflegte er insbesondere zu seinen Modellen aus gro\u00dfb\u00fcrgerlichen Kreisen. Er galt als f\u00fcr seine Zeit progressiv, weil er in der Sexualit\u00e4t den Frauen eine aktive Rolle zugestand.<\/strong><\/em><\/span><\/div>\n<div aria-expanded=\"true\"><span style=\"color: #000000;\"><em><strong>Klimt war nie verheiratet, hatte aber zu mehreren Frauen intime Beziehungen und zeugte sieben Kinder. Wie weit die Beziehungen mit den von ihm portr\u00e4tierten Frauen seiner Auftraggeber gingen, etwa mit Serena Lederer, der Gattin August Lederers, oder mit Adele Bloch-Bauer, der Gattin des Zuckerindustriellen Ferdinand Bloch-Bauer, liegt im Dunkeln. Enge, aber nicht notwendigerweise sexuelle Beziehungen bestanden auch zu Alma Mahler-Werfel. Emilie Fl\u00f6ge, f\u00fcr deren Modesalon Klimt Entw\u00fcrfe zu Reformkleidern anfertigte, wird als seine Lebensgef\u00e4hrtin bezeichnet.<\/strong><\/em><\/span><\/div>\n<p><span style=\"color: #000000;\"><em><strong>H\u00f6rprobe<\/strong><\/em><\/span><\/p>\n<p><a href=\"https:\/\/www.richteronweb.de\/wp-content\/uploads\/2022\/05\/fb_img_16531231956131922275329690970660.jpg\"><img loading=\"lazy\" decoding=\"async\" class=\"alignnone size-medium wp-image-19471\" src=\"https:\/\/www.richteronweb.de\/wp-content\/uploads\/2022\/05\/fb_img_16531231956131922275329690970660-300x251.jpg\" alt=\"\" width=\"300\" height=\"251\" srcset=\"https:\/\/www.richteronweb.de\/wp-content\/uploads\/2022\/05\/fb_img_16531231956131922275329690970660-300x251.jpg 300w, https:\/\/www.richteronweb.de\/wp-content\/uploads\/2022\/05\/fb_img_16531231956131922275329690970660-700x587.jpg 700w, https:\/\/www.richteronweb.de\/wp-content\/uploads\/2022\/05\/fb_img_16531231956131922275329690970660-768x644.jpg 768w, https:\/\/www.richteronweb.de\/wp-content\/uploads\/2022\/05\/fb_img_16531231956131922275329690970660-900x754.jpg 900w, https:\/\/www.richteronweb.de\/wp-content\/uploads\/2022\/05\/fb_img_16531231956131922275329690970660.jpg 940w\" sizes=\"auto, (max-width: 300px) 100vw, 300px\" \/><\/a><\/p>\n<audio class=\"wp-audio-shortcode\" id=\"audio-25578-1\" preload=\"none\" style=\"width: 100%;\" controls=\"controls\"><source type=\"audio\/mpeg\" src=\"https:\/\/www.richteronweb.de\/wp-content\/uploads\/2022\/05\/DieTotenaerztin-Goldene-Rache.mp3?_=1\" \/><a href=\"https:\/\/www.richteronweb.de\/wp-content\/uploads\/2022\/05\/DieTotenaerztin-Goldene-Rache.mp3\">https:\/\/www.richteronweb.de\/wp-content\/uploads\/2022\/05\/DieTotenaerztin-Goldene-Rache.mp3<\/a><\/audio>\n<p><span style=\"color: #000000;\"><em><strong>Quelle: Die Toten\u00e4rztin &#8211; Goldene Rache von Ren\u00e9 Anour, gelesen von Alexandra Richter.<\/strong><\/em><\/span><\/p>\n<p><span style=\"color: #000000;\"><em><strong>Bildtextschnipsel<\/strong><\/em><\/span><\/p>\n<p><a href=\"https:\/\/www.richteronweb.de\/wp-content\/uploads\/2022\/05\/W1siZiIsIjIxMDUwNCJdLFsicCIsImNvbnZlcnQiLCItcXVhbGl0eSA5MCAtcmVzaXplIDIwMDB4MjAwMFx1MDAzZSJdXQ.jpg\"><img loading=\"lazy\" decoding=\"async\" class=\"alignnone size-medium wp-image-19439\" src=\"https:\/\/www.richteronweb.de\/wp-content\/uploads\/2022\/05\/W1siZiIsIjIxMDUwNCJdLFsicCIsImNvbnZlcnQiLCItcXVhbGl0eSA5MCAtcmVzaXplIDIwMDB4MjAwMFx1MDAzZSJdXQ-300x220.jpg\" alt=\"\" width=\"300\" height=\"220\" srcset=\"https:\/\/www.richteronweb.de\/wp-content\/uploads\/2022\/05\/W1siZiIsIjIxMDUwNCJdLFsicCIsImNvbnZlcnQiLCItcXVhbGl0eSA5MCAtcmVzaXplIDIwMDB4MjAwMFx1MDAzZSJdXQ-300x220.jpg 300w, https:\/\/www.richteronweb.de\/wp-content\/uploads\/2022\/05\/W1siZiIsIjIxMDUwNCJdLFsicCIsImNvbnZlcnQiLCItcXVhbGl0eSA5MCAtcmVzaXplIDIwMDB4MjAwMFx1MDAzZSJdXQ-700x514.jpg 700w, https:\/\/www.richteronweb.de\/wp-content\/uploads\/2022\/05\/W1siZiIsIjIxMDUwNCJdLFsicCIsImNvbnZlcnQiLCItcXVhbGl0eSA5MCAtcmVzaXplIDIwMDB4MjAwMFx1MDAzZSJdXQ-768x564.jpg 768w, https:\/\/www.richteronweb.de\/wp-content\/uploads\/2022\/05\/W1siZiIsIjIxMDUwNCJdLFsicCIsImNvbnZlcnQiLCItcXVhbGl0eSA5MCAtcmVzaXplIDIwMDB4MjAwMFx1MDAzZSJdXQ-1536x1127.jpg 1536w, https:\/\/www.richteronweb.de\/wp-content\/uploads\/2022\/05\/W1siZiIsIjIxMDUwNCJdLFsicCIsImNvbnZlcnQiLCItcXVhbGl0eSA5MCAtcmVzaXplIDIwMDB4MjAwMFx1MDAzZSJdXQ-900x661.jpg 900w, https:\/\/www.richteronweb.de\/wp-content\/uploads\/2022\/05\/W1siZiIsIjIxMDUwNCJdLFsicCIsImNvbnZlcnQiLCItcXVhbGl0eSA5MCAtcmVzaXplIDIwMDB4MjAwMFx1MDAzZSJdXQ-1280x940.jpg 1280w, https:\/\/www.richteronweb.de\/wp-content\/uploads\/2022\/05\/W1siZiIsIjIxMDUwNCJdLFsicCIsImNvbnZlcnQiLCItcXVhbGl0eSA5MCAtcmVzaXplIDIwMDB4MjAwMFx1MDAzZSJdXQ.jpg 2000w\" sizes=\"auto, (max-width: 300px) 100vw, 300px\" \/><\/a><\/p>\n<p><a href=\"https:\/\/www.richteronweb.de\/wp-content\/uploads\/2022\/05\/704x396.jpeg\"><img loading=\"lazy\" decoding=\"async\" class=\"alignnone size-medium wp-image-19466\" src=\"https:\/\/www.richteronweb.de\/wp-content\/uploads\/2022\/05\/704x396-300x169.jpeg\" alt=\"\" width=\"300\" height=\"169\" srcset=\"https:\/\/www.richteronweb.de\/wp-content\/uploads\/2022\/05\/704x396-300x169.jpeg 300w, https:\/\/www.richteronweb.de\/wp-content\/uploads\/2022\/05\/704x396-700x394.jpeg 700w, https:\/\/www.richteronweb.de\/wp-content\/uploads\/2022\/05\/704x396.jpeg 704w\" sizes=\"auto, (max-width: 300px) 100vw, 300px\" \/><\/a><\/p>\n<p><a href=\"https:\/\/www.richteronweb.de\/wp-content\/uploads\/2022\/05\/The_Kiss_-_Gustav_Klimt_-_Google_Cultural_Institute.jpg\"><img loading=\"lazy\" decoding=\"async\" class=\"size-medium wp-image-19437\" src=\"https:\/\/www.richteronweb.de\/wp-content\/uploads\/2022\/05\/The_Kiss_-_Gustav_Klimt_-_Google_Cultural_Institute-300x300.jpg\" alt=\"\" width=\"300\" height=\"300\" srcset=\"https:\/\/www.richteronweb.de\/wp-content\/uploads\/2022\/05\/The_Kiss_-_Gustav_Klimt_-_Google_Cultural_Institute-300x300.jpg 300w, https:\/\/www.richteronweb.de\/wp-content\/uploads\/2022\/05\/The_Kiss_-_Gustav_Klimt_-_Google_Cultural_Institute-700x702.jpg 700w, https:\/\/www.richteronweb.de\/wp-content\/uploads\/2022\/05\/The_Kiss_-_Gustav_Klimt_-_Google_Cultural_Institute-150x150.jpg 150w, https:\/\/www.richteronweb.de\/wp-content\/uploads\/2022\/05\/The_Kiss_-_Gustav_Klimt_-_Google_Cultural_Institute-768x770.jpg 768w, https:\/\/www.richteronweb.de\/wp-content\/uploads\/2022\/05\/The_Kiss_-_Gustav_Klimt_-_Google_Cultural_Institute-88x88.jpg 88w, https:\/\/www.richteronweb.de\/wp-content\/uploads\/2022\/05\/The_Kiss_-_Gustav_Klimt_-_Google_Cultural_Institute-900x903.jpg 900w, https:\/\/www.richteronweb.de\/wp-content\/uploads\/2022\/05\/The_Kiss_-_Gustav_Klimt_-_Google_Cultural_Institute.jpg 1024w\" sizes=\"auto, (max-width: 300px) 100vw, 300px\" \/><\/a><\/p>\n<p><span style=\"color: #000000;\"><em><strong>Buchbesprechung<\/strong><\/em><\/span><\/p>\n<p><a href=\"https:\/\/www.richteronweb.de\/wp-content\/uploads\/2022\/05\/IMG_20220412_085342.jpg\"><img loading=\"lazy\" decoding=\"async\" class=\"alignnone size-medium wp-image-19290\" src=\"https:\/\/www.richteronweb.de\/wp-content\/uploads\/2022\/05\/IMG_20220412_085342-225x300.jpg\" alt=\"\" width=\"225\" height=\"300\" srcset=\"https:\/\/www.richteronweb.de\/wp-content\/uploads\/2022\/05\/IMG_20220412_085342-225x300.jpg 225w, https:\/\/www.richteronweb.de\/wp-content\/uploads\/2022\/05\/IMG_20220412_085342-700x933.jpg 700w, https:\/\/www.richteronweb.de\/wp-content\/uploads\/2022\/05\/IMG_20220412_085342-768x1024.jpg 768w, https:\/\/www.richteronweb.de\/wp-content\/uploads\/2022\/05\/IMG_20220412_085342-1152x1536.jpg 1152w, https:\/\/www.richteronweb.de\/wp-content\/uploads\/2022\/05\/IMG_20220412_085342-900x1200.jpg 900w, https:\/\/www.richteronweb.de\/wp-content\/uploads\/2022\/05\/IMG_20220412_085342.jpg 1200w\" sizes=\"auto, (max-width: 225px) 100vw, 225px\" \/><\/a><\/p>\n<p><em><strong>Nachdem f\u00fcr mich heftigen Cliffhanger vom ersten Band, war ich so froh, das ich gleich die Geschichte \u00fcber Fanny Goldmann und ihre Mitmenschen weiterlesen konnte. Es gibt nichts schlimmeres, als ein Cliffhanger eines Buches und das man auf eine Fortsetzung warten muss. Der Schriftsteller Rene Anour hat mit dem zweiten Buch genau da weitergemacht, wie er das erste Buch beendet hatte. Geniale Recherche in der Kriminalistik und Gerichtsmedizin, spannende Effekte, etwas Humor und eine wahnsinns fesselnde Art den Leser zu packen und nicht mehr los zu lassen. Ich wurde in eine Zeit um 1908 nach Wien ein weiteres Mal entf\u00fchrt und konnte und wollte diese nicht verlassen. Es ist nicht nur ein historischer Krimi, sondern die Liebe kommt hier auch vor und was ich noch sehr sch\u00e4tzte,war \u2013 das ich in die Welt der K\u00fcnstler\/Maler mitgenommen wurde. Ich habe etwas \u00fcber Gustav Klimt erfahren, der leider mit in die Handlung hineingezogen wurde. Wie seine Werke nach und nach bekannt wurden. Also es ist immer wieder sch\u00f6n, nicht nur \u00fcber Mord und Liebe zulesen, sondern das auch hin und wieder in solchen B\u00fcchern einen oder auch mehrere Hintergr\u00fcnde enthalten sind. Die geschichtlich auch aufgetreten sind. Diese Buchreihe hat was, das mich faszinierte und gefesselt hatte. Ich bin so neugierig auf den dritten Band, der bald, also im September erscheinen wird. Absolute Leseempfehlung!<\/strong><\/em><\/p>\n<p><span style=\"color: #000000;\"><em><strong>H\u00f6rbuchbesprechung<\/strong><\/em><\/span><\/p>\n<p><a href=\"https:\/\/www.richteronweb.de\/wp-content\/uploads\/2022\/05\/IMG-20220517-WA0003.jpg\"><img loading=\"lazy\" decoding=\"async\" class=\"alignnone size-medium wp-image-19429\" src=\"https:\/\/www.richteronweb.de\/wp-content\/uploads\/2022\/05\/IMG-20220517-WA0003-225x300.jpg\" alt=\"\" width=\"225\" height=\"300\" srcset=\"https:\/\/www.richteronweb.de\/wp-content\/uploads\/2022\/05\/IMG-20220517-WA0003-225x300.jpg 225w, https:\/\/www.richteronweb.de\/wp-content\/uploads\/2022\/05\/IMG-20220517-WA0003-700x933.jpg 700w, https:\/\/www.richteronweb.de\/wp-content\/uploads\/2022\/05\/IMG-20220517-WA0003-768x1024.jpg 768w, https:\/\/www.richteronweb.de\/wp-content\/uploads\/2022\/05\/IMG-20220517-WA0003-1152x1536.jpg 1152w, https:\/\/www.richteronweb.de\/wp-content\/uploads\/2022\/05\/IMG-20220517-WA0003-900x1200.jpg 900w, https:\/\/www.richteronweb.de\/wp-content\/uploads\/2022\/05\/IMG-20220517-WA0003-1280x1707.jpg 1280w, https:\/\/www.richteronweb.de\/wp-content\/uploads\/2022\/05\/IMG-20220517-WA0003.jpg 1500w\" sizes=\"auto, (max-width: 225px) 100vw, 225px\" \/><\/a><\/p>\n<p><span style=\"color: #000000;\"><em><strong>Man ist richtig s\u00fcchtig geworden, nach der Protagonistin Fanny Goldmann und nach ihrem Umfeld. Sie ist nun eine akzeptiere Gerichtsmedizinerin. Es war kein leichter Weg. Und auch sie lernt mit gewissen Handlungsmethoden ihr Recht einzufordern oder ihren Weg mit kleinen L\u00fcgen zu meistern. Als die 9 Stunden und 45 min vor\u00fcber waren, war ich etwas geknickt. Ich war so im Jahre 1908 mit Fanny und den anderen Protas unterwegs, das ich mehr \u00fcber sie geh\u00f6rt h\u00e4tte. Manchmal ist es so, das man sich in einer Geschichte so wohl f\u00fchlt und sie einfach nicht mehr verlassen m\u00f6chte. Und das hat der Autor hier mit den beiden B\u00e4nde so perfekt hinbekommen. <\/strong><\/em><\/span><br \/>\n<span style=\"color: #000000;\"><em><strong>Die Sprecherin <\/strong><\/em><span class=\"author notFaded\" data-width=\"176\"><em><strong>Catharina Ballan hat mich zus\u00e4tzlich in die Gschichte eingefangen, weil sie die Dialoge im Wiener Dialekt gesprochen hatte. So war ich wirklich virtuell in Wien dabei. <\/strong><\/em><span class=\"contribution\"><span class=\"a-color-secondary\"><em><strong>Das H\u00f6rbuch ist im <\/strong><\/em><\/span><\/span><\/span><span class=\"author notFaded\" data-width=\"200\"><em><strong>Audiobuch Verlag (Audible) vertont worden.<\/strong><\/em><\/span><\/span><\/p>\n<p><span style=\"color: #000000;\"><em><strong>Quelle: Amazon, Google und Wikipedia.<\/strong><\/em><\/span><\/p>\n<p><span style=\"color: #000000;\"><em><strong>Blogtour Fahrplan<\/strong><\/em><\/span><\/p>\n<p><span style=\"color: #000000;\"><em><strong>Hier habt ihr die M\u00f6glichkeit nochmals alle Beitr\u00e4ge auf den teilnehmenden Blogs nachzulesen.<\/strong><\/em><\/span><\/p>\n<div>\n<div dir=\"auto\">\n<ul>\n<li><span style=\"color: #000000;\"><em><strong>Verrat in Colonia von Maria W. Peter bei <a style=\"color: #000000;\" href=\"https:\/\/angeliquesleseecke.blogspot.com\/2022\/04\/rezension-zu-verrat-in-colonia-von.html\" target=\"_blank\" rel=\"noreferrer noopener\">Angelique\u2019s Leseecke<\/a><\/strong><\/em><\/span><\/li>\n<li><span style=\"color: #000000;\"><em><strong>Sie nannten ihn Cid von Mac P. Lorne bei <a style=\"color: #000000;\" href=\"https:\/\/carmensbuecherkabinett.de\/2022\/04\/28\/wenn-der-tod-unsterblich-macht-die-geschichte-einer-spanischen-legende\/\" target=\"_blank\" rel=\"noreferrer noopener\">Carmens B\u00fccherkabinett<\/a><\/strong><\/em><\/span><\/li>\n<li><span style=\"color: #000000;\"><em><strong>Die Mission des Kreuzritters von Ulf Schiewe bei <a style=\"color: #000000;\" href=\"https:\/\/kunterbuntebuecherreisen.wordpress.com\/?p=1464\" target=\"_blank\" rel=\"noreferrer noopener\">Kunterbunte B\u00fccherreisen<\/a><\/strong><\/em><\/span><\/li>\n<li><span style=\"color: #000000;\"><em><strong>Krone des Himmels von Juliane Stadler bei <a style=\"color: #000000;\" href=\"https:\/\/svanvithe.blogspot.com\/2022\/05\/blogtour-homer-historische-literatur.html\" target=\"_blank\" rel=\"noreferrer noopener\">Svanvithe<\/a><\/strong><\/em><\/span><\/li>\n<li><span style=\"color: #000000;\"><em><strong>In den Klauen der Macht von Ana Pawlik bei <a style=\"color: #000000;\" href=\"https:\/\/nichtohnebuch.blogspot.com\/2022\/05\/in-den-klauen-der-macht.html\" target=\"_blank\" rel=\"noreferrer noopener\">Nicht ohne Buch<\/a><\/strong><\/em><\/span><\/li>\n<li><span style=\"color: #000000;\"><em><strong>Die Rache des Lombarden von Petra Schier bei <a style=\"color: #000000;\" href=\"https:\/\/ullasleseecke.blog\/2022\/05\/07\/die-rache-des-lombarden\/\" target=\"_blank\" rel=\"noopener\">Ullas Leseecke<\/a><\/strong><\/em><\/span><\/li>\n<li><span style=\"color: #000000;\"><em><strong>Der Pfeiler der Gerechtigkeit von Johanna von Wild bei <a style=\"color: #000000;\" href=\"https:\/\/fraugoetheliest.wordpress.com\/2022\/05\/10\/suesse-brote-und-bittere-pillen-rezension-pfeiler-gerechtigkeit\/\" target=\"_blank\" rel=\"noopener\">Frau Goethe liest<\/a><\/strong><\/em><\/span><\/li>\n<li><span style=\"color: #000000;\"><em><strong>Die Aschenbrennerin von Birgit Hermann bei <a style=\"color: #000000;\" href=\"https:\/\/www.buecherheike.de\/rezension-die-aschenbrennerin-von-birgit-hermann\/?unapproved=1552&amp;moderation-hash=0fd5ca5bd467e8f265a00107dabceefb#comment-1552\" target=\"_blank\" rel=\"noreferrer noopener\">B\u00fccherheike<\/a><\/strong><\/em><\/span><\/li>\n<li><span style=\"color: #000000;\"><em><strong>Eisflut 1784 von Marco Hasenkopf bei <a style=\"color: #000000;\" href=\"https:\/\/lesenswertesausdembuecherhaus.blogspot.com\/2022\/05\/eisflut-1784-von-marco-hasenkopf.html\" target=\"_blank\" rel=\"noreferrer noopener\">Lesenswertes aus dem B\u00fccherhaus<\/a><\/strong><\/em><\/span><\/li>\n<li><span style=\"color: #000000;\"><em><strong>Tr\u00e4ume von Freiheit \u2013 Ferner Horizont von Silke B\u00f6schen bei <a style=\"color: #000000;\" href=\"http:\/\/www.buchtempel.net\/\" target=\"_blank\" rel=\"noopener\">Buchtempel<\/a><\/strong><\/em><\/span><\/li>\n<li><span style=\"color: #000000;\"><em><strong>Die Toten\u00e4rztin \u2013 Wiener Blut von Ren\u00e9 Anour bei Lesebuch<\/strong><\/em><\/span><\/li>\n<li><span style=\"color: #000000;\"><em><strong>Die Toten\u00e4rztin \u2013 Goldene Rache von Ren\u00e9 Anour bei Lesebuch<\/strong><\/em><\/span><\/li>\n<\/ul>\n<p><span style=\"color: #000000;\"><em><strong>Dranbleiben lohnt sich, denn bis zur Preisverleihung am 1. Oktober im Ingolst\u00e4dter Altstadttheater werdet ihr noch einiges \u00fcber die B\u00fccher und Autoren auf Facebook, Youtube und verschiedenen Buchblogs zu sehen und h\u00f6ren bekommen.<\/strong><\/em><\/span><\/p>\n<\/div>\n<\/div>\n","protected":false},"excerpt":{"rendered":"<p>Buchvorstellung Die Toten\u00e4rztin: Goldene Rache: Historischer Wien-Krimi (Die Toten\u00e4rztin-Reihe, Band 2) Herausgeber \u200f : \u200e Rowohlt Taschenbuch; 1. Edition (19. Oktober 2021) Sprache \u200f : \u200e Deutsch Taschenbuch \u200f : \u200e 400 Seiten ISBN-10 \u200f : \u200e 349900559X ISBN-13 \u200f &hellip; <a href=\"https:\/\/www.richteronweb.de\/?p=25578\">Weiterlesen <span class=\"meta-nav\">&rarr;<\/span><\/a><\/p>\n","protected":false},"author":1,"featured_media":0,"comment_status":"open","ping_status":"open","sticky":false,"template":"","format":"standard","meta":{"_jetpack_memberships_contains_paid_content":false,"footnotes":""},"categories":[1],"tags":[],"class_list":["post-25578","post","type-post","status-publish","format-standard","hentry","category-lesebuch"],"jetpack_featured_media_url":"","jetpack_sharing_enabled":true,"_links":{"self":[{"href":"https:\/\/www.richteronweb.de\/index.php?rest_route=\/wp\/v2\/posts\/25578","targetHints":{"allow":["GET"]}}],"collection":[{"href":"https:\/\/www.richteronweb.de\/index.php?rest_route=\/wp\/v2\/posts"}],"about":[{"href":"https:\/\/www.richteronweb.de\/index.php?rest_route=\/wp\/v2\/types\/post"}],"author":[{"embeddable":true,"href":"https:\/\/www.richteronweb.de\/index.php?rest_route=\/wp\/v2\/users\/1"}],"replies":[{"embeddable":true,"href":"https:\/\/www.richteronweb.de\/index.php?rest_route=%2Fwp%2Fv2%2Fcomments&post=25578"}],"version-history":[{"count":2,"href":"https:\/\/www.richteronweb.de\/index.php?rest_route=\/wp\/v2\/posts\/25578\/revisions"}],"predecessor-version":[{"id":25580,"href":"https:\/\/www.richteronweb.de\/index.php?rest_route=\/wp\/v2\/posts\/25578\/revisions\/25580"}],"wp:attachment":[{"href":"https:\/\/www.richteronweb.de\/index.php?rest_route=%2Fwp%2Fv2%2Fmedia&parent=25578"}],"wp:term":[{"taxonomy":"category","embeddable":true,"href":"https:\/\/www.richteronweb.de\/index.php?rest_route=%2Fwp%2Fv2%2Fcategories&post=25578"},{"taxonomy":"post_tag","embeddable":true,"href":"https:\/\/www.richteronweb.de\/index.php?rest_route=%2Fwp%2Fv2%2Ftags&post=25578"}],"curies":[{"name":"wp","href":"https:\/\/api.w.org\/{rel}","templated":true}]}}