{"id":25535,"date":"2024-10-19T19:23:26","date_gmt":"2024-10-19T17:23:26","guid":{"rendered":"https:\/\/www.richteronweb.de\/?p=25535"},"modified":"2024-10-19T19:40:23","modified_gmt":"2024-10-19T17:40:23","slug":"messebericht-fbm-2024","status":"publish","type":"post","link":"https:\/\/www.richteronweb.de\/?p=25535","title":{"rendered":"Messebericht FBM 2024"},"content":{"rendered":"<p><span style=\"color: #000000;\"><em><strong>\u0e51\u273f\u0e51<\/strong><\/em> <strong><em>Wenn einer eine Reise macht, kann er was erz\u00e4hlen<\/em><\/strong> <em><strong>\u0e51\u273f\u0e51<\/strong><\/em><\/span><\/p>\n<p><span style=\"color: #000000;\"><em><strong>Alle Jahre wieder durfte ich meine befreundete Buchh\u00e4ndlerin Claudia Neud\u00f6rfer von der <a href=\"https:\/\/www.facebook.com\/wortwerkerastatt\"><span style=\"color: #000000;\">Wortwerke Buchhandlung<\/span><\/a> aus Rastatt auf die FBM begleiten. Unsere Bahn fuhr in Baden Baden um ca. 8 Uhr 30 los und ist so gegen 10 Uhr im HBF Frankfurt angekommen. Der Einlass funktionierte dieses Jahr reibungslos, ohne langes Anstehen oder kontrollieren. Angekommen in der Halle 3.0 und dann in 1.2 haben wir uns erstmal umgeschaut. Denn dieses Jahr gab es einige Ver\u00e4nderungen auf dem Messegel\u00e4nde.<\/strong><\/em><\/span><\/p>\n<p><a href=\"https:\/\/www.richteronweb.de\/wp-content\/uploads\/2024\/10\/img_20241016_1108476132100162097836860.jpg\"><img loading=\"lazy\" decoding=\"async\" class=\"alignnone size-medium wp-image-25515\" src=\"https:\/\/www.richteronweb.de\/wp-content\/uploads\/2024\/10\/img_20241016_1108476132100162097836860-95x300.jpg\" alt=\"\" width=\"95\" height=\"300\" srcset=\"https:\/\/www.richteronweb.de\/wp-content\/uploads\/2024\/10\/img_20241016_1108476132100162097836860-95x300.jpg 95w, https:\/\/www.richteronweb.de\/wp-content\/uploads\/2024\/10\/img_20241016_1108476132100162097836860-485x1536.jpg 485w, https:\/\/www.richteronweb.de\/wp-content\/uploads\/2024\/10\/img_20241016_1108476132100162097836860.jpg 631w\" sizes=\"auto, (max-width: 95px) 100vw, 95px\" \/>\u00a0\u00a0 <\/a><a href=\"https:\/\/www.richteronweb.de\/wp-content\/uploads\/2024\/10\/img-20241016-wa00098794125854943671704.jpg\"><img loading=\"lazy\" decoding=\"async\" class=\"alignnone size-medium wp-image-25529\" src=\"https:\/\/www.richteronweb.de\/wp-content\/uploads\/2024\/10\/img-20241016-wa00098794125854943671704-300x225.jpg\" alt=\"\" width=\"300\" height=\"225\" srcset=\"https:\/\/www.richteronweb.de\/wp-content\/uploads\/2024\/10\/img-20241016-wa00098794125854943671704-300x225.jpg 300w, https:\/\/www.richteronweb.de\/wp-content\/uploads\/2024\/10\/img-20241016-wa00098794125854943671704-700x525.jpg 700w, https:\/\/www.richteronweb.de\/wp-content\/uploads\/2024\/10\/img-20241016-wa00098794125854943671704-768x576.jpg 768w, https:\/\/www.richteronweb.de\/wp-content\/uploads\/2024\/10\/img-20241016-wa00098794125854943671704-1536x1152.jpg 1536w, https:\/\/www.richteronweb.de\/wp-content\/uploads\/2024\/10\/img-20241016-wa00098794125854943671704-400x300.jpg 400w, https:\/\/www.richteronweb.de\/wp-content\/uploads\/2024\/10\/img-20241016-wa00098794125854943671704.jpg 2000w\" sizes=\"auto, (max-width: 300px) 100vw, 300px\" \/><\/a><\/p>\n<p><a href=\"https:\/\/www.richteronweb.de\/wp-content\/uploads\/2024\/10\/463395560_551287847588264_1652704718265413163_n.jpg\"><img loading=\"lazy\" decoding=\"async\" class=\"alignnone size-medium wp-image-25536\" src=\"https:\/\/www.richteronweb.de\/wp-content\/uploads\/2024\/10\/463395560_551287847588264_1652704718265413163_n-300x225.jpg\" alt=\"\" width=\"300\" height=\"225\" srcset=\"https:\/\/www.richteronweb.de\/wp-content\/uploads\/2024\/10\/463395560_551287847588264_1652704718265413163_n-300x225.jpg 300w, https:\/\/www.richteronweb.de\/wp-content\/uploads\/2024\/10\/463395560_551287847588264_1652704718265413163_n-700x525.jpg 700w, https:\/\/www.richteronweb.de\/wp-content\/uploads\/2024\/10\/463395560_551287847588264_1652704718265413163_n-768x576.jpg 768w, https:\/\/www.richteronweb.de\/wp-content\/uploads\/2024\/10\/463395560_551287847588264_1652704718265413163_n-1536x1152.jpg 1536w, https:\/\/www.richteronweb.de\/wp-content\/uploads\/2024\/10\/463395560_551287847588264_1652704718265413163_n-400x300.jpg 400w, https:\/\/www.richteronweb.de\/wp-content\/uploads\/2024\/10\/463395560_551287847588264_1652704718265413163_n.jpg 2048w\" sizes=\"auto, (max-width: 300px) 100vw, 300px\" \/><\/a><\/p>\n<p><span style=\"color: #000000;\"><em><strong>Beim Schlendern haben wir den J\u00fcngsten Autor Mika Bluhm auf der Buchmesse entdeckt und kennen gelernt. Seine zwei selbstverlegten B\u00fccher sind teilweise Erinnerungen aus seinem Leben. Nat\u00fcrlich wie es sein soll haben wir unsere Kontaktdaten ausgetauscht und Bilder gemacht.<\/strong><\/em><\/span><\/p>\n<p><a href=\"https:\/\/www.richteronweb.de\/wp-content\/uploads\/2024\/10\/img_20241016_1134597583860432388233524.jpg\"><img loading=\"lazy\" decoding=\"async\" class=\"alignnone size-medium wp-image-25516\" src=\"https:\/\/www.richteronweb.de\/wp-content\/uploads\/2024\/10\/img_20241016_1134597583860432388233524-225x300.jpg\" alt=\"\" width=\"225\" height=\"300\" srcset=\"https:\/\/www.richteronweb.de\/wp-content\/uploads\/2024\/10\/img_20241016_1134597583860432388233524-225x300.jpg 225w, https:\/\/www.richteronweb.de\/wp-content\/uploads\/2024\/10\/img_20241016_1134597583860432388233524-700x933.jpg 700w, https:\/\/www.richteronweb.de\/wp-content\/uploads\/2024\/10\/img_20241016_1134597583860432388233524-768x1024.jpg 768w, https:\/\/www.richteronweb.de\/wp-content\/uploads\/2024\/10\/img_20241016_1134597583860432388233524-1152x1536.jpg 1152w, https:\/\/www.richteronweb.de\/wp-content\/uploads\/2024\/10\/img_20241016_1134597583860432388233524.jpg 1500w\" sizes=\"auto, (max-width: 225px) 100vw, 225px\" \/><\/a><\/p>\n<p><em><strong>Ein geplanter Weg, war es beim Selfpublisher Stand vorbeizuschauen. Dort bekam ich die M\u00f6glichkeit S<\/strong><\/em><span class=\"x193iq5w xeuugli x13faqbe x1vvkbs x1xmvt09 x1lliihq x1s928wv xhkezso x1gmr53x x1cpjm7i x1fgarty x1943h6x xudqn12 x676frb x1lkfr7t x1lbecb7 x1s688f xzsf02u x1yc453h\" dir=\"auto\"><span class=\"x1lliihq x6ikm8r x10wlt62 x1n2onr6 x1kgmq87 xmgb6t1 x8182xy xwrv7xz x1nn3v0j x1120s5i x1h0ha7o xg83lxy\"><span class=\"xt0psk2\"><em><strong>issi Steuerwald &#8211; Autorin mit Herz &amp; Shelties (2. Vorsitzende) kennen zu lernen. Unterdessen traf ich auch zum wiederholten Male Tamara Leonhardt (1. Vorsitzende) vom Selfpublishing. Aber auch ein Date mit der Autorin <span class=\"x193iq5w xeuugli x13faqbe x1vvkbs x1xmvt09 x1lliihq x1s928wv xhkezso x1gmr53x x1cpjm7i x1fgarty x1943h6x xudqn12 x3x7a5m x6prxxf xvq8zen xo1l8bm xzsf02u\" dir=\"auto\">Angela Lund\/Grit Landau<\/span> habe ich diesmal planen k\u00f6nnen, wie auch ein Treffen mit Gitta Edelmann. Es waren eindrucksvolle und tolle Begegnungen.<\/strong><\/em><br \/>\n<\/span><\/span><\/span><\/p>\n<p><a href=\"https:\/\/www.richteronweb.de\/wp-content\/uploads\/2024\/10\/img_20241016_1256082083316947657679483.jpg\"><img loading=\"lazy\" decoding=\"async\" class=\"alignnone size-medium wp-image-25519\" src=\"https:\/\/www.richteronweb.de\/wp-content\/uploads\/2024\/10\/img_20241016_1256082083316947657679483-300x225.jpg\" alt=\"\" width=\"300\" height=\"225\" srcset=\"https:\/\/www.richteronweb.de\/wp-content\/uploads\/2024\/10\/img_20241016_1256082083316947657679483-300x225.jpg 300w, https:\/\/www.richteronweb.de\/wp-content\/uploads\/2024\/10\/img_20241016_1256082083316947657679483-700x525.jpg 700w, https:\/\/www.richteronweb.de\/wp-content\/uploads\/2024\/10\/img_20241016_1256082083316947657679483-768x576.jpg 768w, https:\/\/www.richteronweb.de\/wp-content\/uploads\/2024\/10\/img_20241016_1256082083316947657679483-1536x1152.jpg 1536w, https:\/\/www.richteronweb.de\/wp-content\/uploads\/2024\/10\/img_20241016_1256082083316947657679483-400x300.jpg 400w, https:\/\/www.richteronweb.de\/wp-content\/uploads\/2024\/10\/img_20241016_1256082083316947657679483.jpg 2000w\" sizes=\"auto, (max-width: 300px) 100vw, 300px\" \/><\/a> \u00a0 <a href=\"https:\/\/www.richteronweb.de\/wp-content\/uploads\/2024\/10\/img_20241016_1406453273793657012034026.jpg\"><img loading=\"lazy\" decoding=\"async\" class=\"alignnone size-medium wp-image-25522\" src=\"https:\/\/www.richteronweb.de\/wp-content\/uploads\/2024\/10\/img_20241016_1406453273793657012034026-300x225.jpg\" alt=\"\" width=\"300\" height=\"225\" srcset=\"https:\/\/www.richteronweb.de\/wp-content\/uploads\/2024\/10\/img_20241016_1406453273793657012034026-300x225.jpg 300w, https:\/\/www.richteronweb.de\/wp-content\/uploads\/2024\/10\/img_20241016_1406453273793657012034026-700x525.jpg 700w, https:\/\/www.richteronweb.de\/wp-content\/uploads\/2024\/10\/img_20241016_1406453273793657012034026-768x576.jpg 768w, https:\/\/www.richteronweb.de\/wp-content\/uploads\/2024\/10\/img_20241016_1406453273793657012034026-1536x1152.jpg 1536w, https:\/\/www.richteronweb.de\/wp-content\/uploads\/2024\/10\/img_20241016_1406453273793657012034026-400x300.jpg 400w, https:\/\/www.richteronweb.de\/wp-content\/uploads\/2024\/10\/img_20241016_1406453273793657012034026.jpg 2000w\" sizes=\"auto, (max-width: 300px) 100vw, 300px\" \/><\/a><\/p>\n<p><span style=\"color: #000000;\"><em><strong>Der Treffpunkt beim BoD Stand war f\u00fcr mich auch ein Highlight. Ich lernte Christine Wayand und ihren Deb\u00fct Roman &#8220;Star Falling&#8221; kennen. In diesem Roman geht es um einen gefeierten Popstar Ben und um die sehr zur\u00fcckgezogene Louisa. <span class=\"font-size-16 m-font-size-13\">Kann eine Liebe zwischen zwei so unterschiedlichen Welten \u00fcberhaupt bestehen?<\/span> <\/strong><\/em><\/span><\/p>\n<p><a href=\"https:\/\/www.richteronweb.de\/wp-content\/uploads\/2024\/10\/img_20241016_1225543031935485476783976.jpg\"><img loading=\"lazy\" decoding=\"async\" class=\"alignnone size-medium wp-image-25518\" src=\"https:\/\/www.richteronweb.de\/wp-content\/uploads\/2024\/10\/img_20241016_1225543031935485476783976-300x225.jpg\" alt=\"\" width=\"300\" height=\"225\" srcset=\"https:\/\/www.richteronweb.de\/wp-content\/uploads\/2024\/10\/img_20241016_1225543031935485476783976-300x225.jpg 300w, https:\/\/www.richteronweb.de\/wp-content\/uploads\/2024\/10\/img_20241016_1225543031935485476783976-700x525.jpg 700w, https:\/\/www.richteronweb.de\/wp-content\/uploads\/2024\/10\/img_20241016_1225543031935485476783976-768x576.jpg 768w, https:\/\/www.richteronweb.de\/wp-content\/uploads\/2024\/10\/img_20241016_1225543031935485476783976-1536x1152.jpg 1536w, https:\/\/www.richteronweb.de\/wp-content\/uploads\/2024\/10\/img_20241016_1225543031935485476783976-400x300.jpg 400w, https:\/\/www.richteronweb.de\/wp-content\/uploads\/2024\/10\/img_20241016_1225543031935485476783976.jpg 2000w\" sizes=\"auto, (max-width: 300px) 100vw, 300px\" \/><\/a><\/p>\n<p><span style=\"color: #000000;\"><em><strong>Nat\u00fcrlich trifft man drei Autorinnen beim Mittagessen und kommt ganz locker ins Gespr\u00e4ch. Karin Seemayer (schreibt f\u00fcr den atb Verlag haupts\u00e4chlich historische Geschichten) &#8211; Petra Bunte (Buchh\u00e4ndlerin bei Thalia und schreibt Geschichten f\u00fcr den Niemeyer Verlag) und die dritte im Bunde war die <span class=\"x193iq5w xeuugli x13faqbe x1vvkbs x1xmvt09 x1lliihq x1s928wv xhkezso x1gmr53x x1cpjm7i x1fgarty x1943h6x xudqn12 x3x7a5m x6prxxf xvq8zen xo1l8bm xzsf02u\" dir=\"auto\">Weltumseglerin &amp; Autorin<\/span> <span class=\"x193iq5w xeuugli x13faqbe x1vvkbs x1xmvt09 x1lliihq x1s928wv xhkezso x1gmr53x x1cpjm7i x1fgarty x1943h6x xudqn12 x3x7a5m x6prxxf xvq8zen xo1l8bm xzsf02u\" dir=\"auto\">U.T. Bareiss\/Helen Paris (Abtauchen in fremde Welten lautet ihr Motto).<\/span><\/strong><\/em><\/span><\/p>\n<p><a href=\"https:\/\/www.richteronweb.de\/wp-content\/uploads\/2024\/10\/img_20241016_1236489128848823230853472.jpg\"><img loading=\"lazy\" decoding=\"async\" class=\"alignnone size-medium wp-image-25517\" src=\"https:\/\/www.richteronweb.de\/wp-content\/uploads\/2024\/10\/img_20241016_1236489128848823230853472-300x225.jpg\" alt=\"\" width=\"300\" height=\"225\" srcset=\"https:\/\/www.richteronweb.de\/wp-content\/uploads\/2024\/10\/img_20241016_1236489128848823230853472-300x225.jpg 300w, https:\/\/www.richteronweb.de\/wp-content\/uploads\/2024\/10\/img_20241016_1236489128848823230853472-700x525.jpg 700w, https:\/\/www.richteronweb.de\/wp-content\/uploads\/2024\/10\/img_20241016_1236489128848823230853472-768x576.jpg 768w, https:\/\/www.richteronweb.de\/wp-content\/uploads\/2024\/10\/img_20241016_1236489128848823230853472-1536x1152.jpg 1536w, https:\/\/www.richteronweb.de\/wp-content\/uploads\/2024\/10\/img_20241016_1236489128848823230853472-400x300.jpg 400w, https:\/\/www.richteronweb.de\/wp-content\/uploads\/2024\/10\/img_20241016_1236489128848823230853472.jpg 2000w\" sizes=\"auto, (max-width: 300px) 100vw, 300px\" \/><\/a><\/p>\n<p><span style=\"color: #000000;\"><em><strong>Ein weiterer und f\u00fcr mich sehr wichtiger Besuch war beim Syndikat Messestand. Dort trafen Claudia und ich den Krimibuch Autor Edi Graf. Aber ich habe einige weitere tolle kriminelle Schriftsteller\/in kennen lernen d\u00fcrfen. Ich f\u00fchlte mich so wohl in dieser Runde. Ich bin gespannt auf die Criminale vom 9. bis 12. April 2025 in Schwetzingen!<\/strong><\/em><\/span><br \/>\n<span style=\"color: #000000;\"><em><strong>(Elias Mateo, Klaus Maria Dechant, Christian Hofbauer &amp; Edi Graf)<\/strong><\/em><\/span><\/p>\n<p><a href=\"https:\/\/www.richteronweb.de\/wp-content\/uploads\/2024\/10\/img_20241016_132625179474309857411568.jpg\"><img loading=\"lazy\" decoding=\"async\" class=\"alignnone size-medium wp-image-25520\" src=\"https:\/\/www.richteronweb.de\/wp-content\/uploads\/2024\/10\/img_20241016_132625179474309857411568-300x225.jpg\" alt=\"\" width=\"300\" height=\"225\" srcset=\"https:\/\/www.richteronweb.de\/wp-content\/uploads\/2024\/10\/img_20241016_132625179474309857411568-300x225.jpg 300w, https:\/\/www.richteronweb.de\/wp-content\/uploads\/2024\/10\/img_20241016_132625179474309857411568-700x525.jpg 700w, https:\/\/www.richteronweb.de\/wp-content\/uploads\/2024\/10\/img_20241016_132625179474309857411568-768x576.jpg 768w, https:\/\/www.richteronweb.de\/wp-content\/uploads\/2024\/10\/img_20241016_132625179474309857411568-1536x1152.jpg 1536w, https:\/\/www.richteronweb.de\/wp-content\/uploads\/2024\/10\/img_20241016_132625179474309857411568-400x300.jpg 400w, https:\/\/www.richteronweb.de\/wp-content\/uploads\/2024\/10\/img_20241016_132625179474309857411568.jpg 2000w\" sizes=\"auto, (max-width: 300px) 100vw, 300px\" \/><\/a><\/p>\n<p><a href=\"https:\/\/www.richteronweb.de\/wp-content\/uploads\/2024\/10\/img_20241016_134357328230490982763740.jpg\"><img loading=\"lazy\" decoding=\"async\" class=\"alignnone size-medium wp-image-25521\" src=\"https:\/\/www.richteronweb.de\/wp-content\/uploads\/2024\/10\/img_20241016_134357328230490982763740-300x225.jpg\" alt=\"\" width=\"300\" height=\"225\" srcset=\"https:\/\/www.richteronweb.de\/wp-content\/uploads\/2024\/10\/img_20241016_134357328230490982763740-300x225.jpg 300w, https:\/\/www.richteronweb.de\/wp-content\/uploads\/2024\/10\/img_20241016_134357328230490982763740-700x525.jpg 700w, https:\/\/www.richteronweb.de\/wp-content\/uploads\/2024\/10\/img_20241016_134357328230490982763740-768x576.jpg 768w, https:\/\/www.richteronweb.de\/wp-content\/uploads\/2024\/10\/img_20241016_134357328230490982763740-1536x1152.jpg 1536w, https:\/\/www.richteronweb.de\/wp-content\/uploads\/2024\/10\/img_20241016_134357328230490982763740-400x300.jpg 400w, https:\/\/www.richteronweb.de\/wp-content\/uploads\/2024\/10\/img_20241016_134357328230490982763740.jpg 2000w\" sizes=\"auto, (max-width: 300px) 100vw, 300px\" \/><\/a><\/p>\n<p><span style=\"color: #000000;\"><em><strong>Ach ja, mein Wannenbuch Stand beim Jens Korch. Dort wurde ich positiv \u00fcberrascht, denn er kannte mich noch von 2022. Lange ist es her, aber ein so sch\u00f6nes Gef\u00fchl so willkommen zu werden. Danke f\u00fcr deine kurze Zeit um zu plaudern.<\/strong> <\/em><\/span><\/p>\n<p><a href=\"https:\/\/www.richteronweb.de\/wp-content\/uploads\/2024\/10\/img_20241016_145026552047732732040256.jpg\"><img loading=\"lazy\" decoding=\"async\" class=\"alignnone size-medium wp-image-25524\" src=\"https:\/\/www.richteronweb.de\/wp-content\/uploads\/2024\/10\/img_20241016_145026552047732732040256-300x225.jpg\" alt=\"\" width=\"300\" height=\"225\" srcset=\"https:\/\/www.richteronweb.de\/wp-content\/uploads\/2024\/10\/img_20241016_145026552047732732040256-300x225.jpg 300w, https:\/\/www.richteronweb.de\/wp-content\/uploads\/2024\/10\/img_20241016_145026552047732732040256-700x525.jpg 700w, https:\/\/www.richteronweb.de\/wp-content\/uploads\/2024\/10\/img_20241016_145026552047732732040256-768x576.jpg 768w, https:\/\/www.richteronweb.de\/wp-content\/uploads\/2024\/10\/img_20241016_145026552047732732040256-1536x1152.jpg 1536w, https:\/\/www.richteronweb.de\/wp-content\/uploads\/2024\/10\/img_20241016_145026552047732732040256-400x300.jpg 400w, https:\/\/www.richteronweb.de\/wp-content\/uploads\/2024\/10\/img_20241016_145026552047732732040256.jpg 2000w\" sizes=\"auto, (max-width: 300px) 100vw, 300px\" \/><\/a><\/p>\n<p><span style=\"color: #000000;\"><em><strong>W\u00e4hrend ich auf die Schriftstellerin Miriam Covi beim Penguin Random House Messestand wartete, lauschte ich in der 30 min WG Karla Paul und Katrin Burseg. Die Autorin erz\u00e4hlte etwas \u00fcber ihren neuen Roman &#8220;Tage mit Milena&#8221;. Es ist ein eindringliches Buch, das \u00fcber die entscheidende Abzweigung, die die Protagonisten damals genommen haben, und die Ausfl\u00fcchte, die sie uns solange erz\u00e4hlen, bis wir sie selber glauben, beschreibt&#8230;<\/strong><\/em><\/span><\/p>\n<p><a href=\"https:\/\/www.richteronweb.de\/wp-content\/uploads\/2024\/10\/img_20241016_1423288344774280077694401.jpg\"><img loading=\"lazy\" decoding=\"async\" class=\"alignnone size-medium wp-image-25523\" src=\"https:\/\/www.richteronweb.de\/wp-content\/uploads\/2024\/10\/img_20241016_1423288344774280077694401-300x225.jpg\" alt=\"\" width=\"300\" height=\"225\" srcset=\"https:\/\/www.richteronweb.de\/wp-content\/uploads\/2024\/10\/img_20241016_1423288344774280077694401-300x225.jpg 300w, https:\/\/www.richteronweb.de\/wp-content\/uploads\/2024\/10\/img_20241016_1423288344774280077694401-700x525.jpg 700w, https:\/\/www.richteronweb.de\/wp-content\/uploads\/2024\/10\/img_20241016_1423288344774280077694401-768x576.jpg 768w, https:\/\/www.richteronweb.de\/wp-content\/uploads\/2024\/10\/img_20241016_1423288344774280077694401-1536x1152.jpg 1536w, https:\/\/www.richteronweb.de\/wp-content\/uploads\/2024\/10\/img_20241016_1423288344774280077694401-400x300.jpg 400w, https:\/\/www.richteronweb.de\/wp-content\/uploads\/2024\/10\/img_20241016_1423288344774280077694401.jpg 2000w\" sizes=\"auto, (max-width: 300px) 100vw, 300px\" \/><\/a><\/p>\n<p><em><strong>Dann endlich habe ich sehr kurz, aber mit Freude Miriam Covi, auf vier S\u00e4tze getroffen und auch Jana Lukas\/<\/strong><span class=\"x193iq5w xeuugli x13faqbe x1vvkbs x1xmvt09 x1lliihq x1s928wv xhkezso x1gmr53x x1cpjm7i x1fgarty x1943h6x xudqn12 x3x7a5m x6prxxf xvq8zen xo1l8bm xzsf02u x1yc453h\" dir=\"auto\"><span class=\"x1lliihq x6ikm8r x10wlt62 x1n2onr6\"><strong>Ella Thompson, sowie Leonie Lastella. Beweis Erinnerungs Selfie gemacht.<\/strong> <\/span><\/span><\/em><\/p>\n<p><a href=\"https:\/\/www.richteronweb.de\/wp-content\/uploads\/2024\/10\/img_20241017_132522_8427266225589000306647.jpg\"><img loading=\"lazy\" decoding=\"async\" class=\"alignnone size-medium wp-image-25542\" src=\"https:\/\/www.richteronweb.de\/wp-content\/uploads\/2024\/10\/img_20241017_132522_8427266225589000306647-169x300.jpg\" alt=\"\" width=\"169\" height=\"300\" srcset=\"https:\/\/www.richteronweb.de\/wp-content\/uploads\/2024\/10\/img_20241017_132522_8427266225589000306647-169x300.jpg 169w, https:\/\/www.richteronweb.de\/wp-content\/uploads\/2024\/10\/img_20241017_132522_8427266225589000306647.jpg 584w\" sizes=\"auto, (max-width: 169px) 100vw, 169px\" \/><\/a><\/p>\n<p><span style=\"color: #000000;\"><em><strong>Unser Rundgang lies uns auf den pinguletta Verlag aus Keltern, n\u00e4he Pforzheim sto\u00dfen. Mit der Inhaberin Silke Bogner und der Autorin Christine Rh\u00f6mer hatte ich ein \u00fcberaus interessantes Gespr\u00e4ch gef\u00fchrt. Den kleinen Buchverlag gibt es schon bald 10 Jahre und den ersten historischen Roman von der Autorin war &#8220;Das Mu\u0308ndel der Meda von Trier\u201c und gleichzeitig ihr Debu\u0308t beim pinguletta Verlag (bald erscheint Band 2 der \u201eMeda von Trier\u201c- Saga \u201eVerm\u00e4chtnis\u201c).<\/strong><\/em><\/span><\/p>\n<p><a href=\"https:\/\/www.richteronweb.de\/wp-content\/uploads\/2024\/10\/img_20241016_1549404535416885326568593.jpg\"><img loading=\"lazy\" decoding=\"async\" class=\"alignnone size-medium wp-image-25526\" src=\"https:\/\/www.richteronweb.de\/wp-content\/uploads\/2024\/10\/img_20241016_1549404535416885326568593-300x225.jpg\" alt=\"\" width=\"300\" height=\"225\" srcset=\"https:\/\/www.richteronweb.de\/wp-content\/uploads\/2024\/10\/img_20241016_1549404535416885326568593-300x225.jpg 300w, https:\/\/www.richteronweb.de\/wp-content\/uploads\/2024\/10\/img_20241016_1549404535416885326568593-700x525.jpg 700w, https:\/\/www.richteronweb.de\/wp-content\/uploads\/2024\/10\/img_20241016_1549404535416885326568593-768x576.jpg 768w, https:\/\/www.richteronweb.de\/wp-content\/uploads\/2024\/10\/img_20241016_1549404535416885326568593-1536x1152.jpg 1536w, https:\/\/www.richteronweb.de\/wp-content\/uploads\/2024\/10\/img_20241016_1549404535416885326568593-400x300.jpg 400w, https:\/\/www.richteronweb.de\/wp-content\/uploads\/2024\/10\/img_20241016_1549404535416885326568593.jpg 2000w\" sizes=\"auto, (max-width: 300px) 100vw, 300px\" \/><\/a><\/p>\n<p><span style=\"color: #000000;\"><em><strong>Bei Was ist Was hat uns der Dino fasziniert und wir h\u00e4tten ihn fast mit heim genommen!<\/strong><\/em><\/span><\/p>\n<p><a href=\"https:\/\/www.richteronweb.de\/wp-content\/uploads\/2024\/10\/img-20241016-wa00014831531387799981875.jpg\"><img loading=\"lazy\" decoding=\"async\" class=\"alignnone size-medium wp-image-25530\" src=\"https:\/\/www.richteronweb.de\/wp-content\/uploads\/2024\/10\/img-20241016-wa00014831531387799981875-225x300.jpg\" alt=\"\" width=\"225\" height=\"300\" srcset=\"https:\/\/www.richteronweb.de\/wp-content\/uploads\/2024\/10\/img-20241016-wa00014831531387799981875-225x300.jpg 225w, https:\/\/www.richteronweb.de\/wp-content\/uploads\/2024\/10\/img-20241016-wa00014831531387799981875-700x933.jpg 700w, https:\/\/www.richteronweb.de\/wp-content\/uploads\/2024\/10\/img-20241016-wa00014831531387799981875-768x1024.jpg 768w, https:\/\/www.richteronweb.de\/wp-content\/uploads\/2024\/10\/img-20241016-wa00014831531387799981875-1152x1536.jpg 1152w, https:\/\/www.richteronweb.de\/wp-content\/uploads\/2024\/10\/img-20241016-wa00014831531387799981875.jpg 1500w\" sizes=\"auto, (max-width: 225px) 100vw, 225px\" \/>\u00a0\u00a0 <\/a><a href=\"https:\/\/www.richteronweb.de\/wp-content\/uploads\/2024\/10\/462572566_551288004254915_2106150066104004850_n.jpg\"><img loading=\"lazy\" decoding=\"async\" class=\"alignnone size-medium wp-image-25537\" src=\"https:\/\/www.richteronweb.de\/wp-content\/uploads\/2024\/10\/462572566_551288004254915_2106150066104004850_n-225x300.jpg\" alt=\"\" width=\"225\" height=\"300\" srcset=\"https:\/\/www.richteronweb.de\/wp-content\/uploads\/2024\/10\/462572566_551288004254915_2106150066104004850_n-225x300.jpg 225w, https:\/\/www.richteronweb.de\/wp-content\/uploads\/2024\/10\/462572566_551288004254915_2106150066104004850_n-700x933.jpg 700w, https:\/\/www.richteronweb.de\/wp-content\/uploads\/2024\/10\/462572566_551288004254915_2106150066104004850_n-768x1024.jpg 768w, https:\/\/www.richteronweb.de\/wp-content\/uploads\/2024\/10\/462572566_551288004254915_2106150066104004850_n-1152x1536.jpg 1152w, https:\/\/www.richteronweb.de\/wp-content\/uploads\/2024\/10\/462572566_551288004254915_2106150066104004850_n.jpg 1536w\" sizes=\"auto, (max-width: 225px) 100vw, 225px\" \/><\/a><\/p>\n<p><span style=\"color: #000000;\"><em><strong>Nette Idee mit der &#8220;It\u00b4s a Lovestory&#8221; Auszeit Ecke. Es lud zum etwas verweilen ein&#8230;<\/strong><\/em><\/span><\/p>\n<p><a href=\"https:\/\/www.richteronweb.de\/wp-content\/uploads\/2024\/10\/img-20241016-wa00051519279792476842865.jpg\"><img loading=\"lazy\" decoding=\"async\" class=\"alignnone size-medium wp-image-25527\" src=\"https:\/\/www.richteronweb.de\/wp-content\/uploads\/2024\/10\/img-20241016-wa00051519279792476842865-225x300.jpg\" alt=\"\" width=\"225\" height=\"300\" srcset=\"https:\/\/www.richteronweb.de\/wp-content\/uploads\/2024\/10\/img-20241016-wa00051519279792476842865-225x300.jpg 225w, https:\/\/www.richteronweb.de\/wp-content\/uploads\/2024\/10\/img-20241016-wa00051519279792476842865-700x933.jpg 700w, https:\/\/www.richteronweb.de\/wp-content\/uploads\/2024\/10\/img-20241016-wa00051519279792476842865-768x1024.jpg 768w, https:\/\/www.richteronweb.de\/wp-content\/uploads\/2024\/10\/img-20241016-wa00051519279792476842865-1152x1536.jpg 1152w, https:\/\/www.richteronweb.de\/wp-content\/uploads\/2024\/10\/img-20241016-wa00051519279792476842865.jpg 1500w\" sizes=\"auto, (max-width: 225px) 100vw, 225px\" \/><\/a><\/p>\n<p><span style=\"color: #000000;\"><em><strong>Ja&#8230; und mein Highlight war und ist immer wieder ein Treffen mit dem gesch\u00e4tzten Autor Rene Anour, Schriftsteller aus Wien. Er hat eine historische Krimibuchreihe &#8220;Die Toten\u00e4rztin&#8221; geschrieben und daf\u00fcr den ein oder anderen Preis gewonnen.<\/strong> <\/em><\/span><\/p>\n<p><a href=\"https:\/\/www.richteronweb.de\/wp-content\/uploads\/2024\/10\/img-20241016-wa00072598756026704160086.jpg\"><img loading=\"lazy\" decoding=\"async\" class=\"alignnone size-medium wp-image-25528\" src=\"https:\/\/www.richteronweb.de\/wp-content\/uploads\/2024\/10\/img-20241016-wa00072598756026704160086-225x300.jpg\" alt=\"\" width=\"225\" height=\"300\" srcset=\"https:\/\/www.richteronweb.de\/wp-content\/uploads\/2024\/10\/img-20241016-wa00072598756026704160086-225x300.jpg 225w, https:\/\/www.richteronweb.de\/wp-content\/uploads\/2024\/10\/img-20241016-wa00072598756026704160086-700x933.jpg 700w, https:\/\/www.richteronweb.de\/wp-content\/uploads\/2024\/10\/img-20241016-wa00072598756026704160086-768x1024.jpg 768w, https:\/\/www.richteronweb.de\/wp-content\/uploads\/2024\/10\/img-20241016-wa00072598756026704160086-1152x1536.jpg 1152w, https:\/\/www.richteronweb.de\/wp-content\/uploads\/2024\/10\/img-20241016-wa00072598756026704160086.jpg 1500w\" sizes=\"auto, (max-width: 225px) 100vw, 225px\" \/><\/a><\/p>\n<p><span style=\"color: #000000;\"><em><strong>Ganz spontan wurde ich von der Susanne B\u00fchler aus der Werbung vom Diogones Verlag zu einem Bloggergespr\u00e4ch dazu gebeten. Ich wurde \u00fcber das Herbstprogramm informiert und es waren tolle Schriftsteller\/Innen mit ihren tollen Geschichten dabei. Lasst euch \u00fcberraschen!<\/strong><\/em><\/span><\/p>\n<p><a href=\"https:\/\/www.richteronweb.de\/wp-content\/uploads\/2024\/10\/img_20241016_1453578817041002067631313.jpg\"><img loading=\"lazy\" decoding=\"async\" class=\"alignnone size-medium wp-image-25525\" src=\"https:\/\/www.richteronweb.de\/wp-content\/uploads\/2024\/10\/img_20241016_1453578817041002067631313-300x225.jpg\" alt=\"\" width=\"300\" height=\"225\" srcset=\"https:\/\/www.richteronweb.de\/wp-content\/uploads\/2024\/10\/img_20241016_1453578817041002067631313-300x225.jpg 300w, https:\/\/www.richteronweb.de\/wp-content\/uploads\/2024\/10\/img_20241016_1453578817041002067631313-700x525.jpg 700w, https:\/\/www.richteronweb.de\/wp-content\/uploads\/2024\/10\/img_20241016_1453578817041002067631313-768x576.jpg 768w, https:\/\/www.richteronweb.de\/wp-content\/uploads\/2024\/10\/img_20241016_1453578817041002067631313-1536x1152.jpg 1536w, https:\/\/www.richteronweb.de\/wp-content\/uploads\/2024\/10\/img_20241016_1453578817041002067631313-400x300.jpg 400w, https:\/\/www.richteronweb.de\/wp-content\/uploads\/2024\/10\/img_20241016_1453578817041002067631313.jpg 2000w\" sizes=\"auto, (max-width: 300px) 100vw, 300px\" \/><\/a><\/p>\n<p><span style=\"color: #000000;\"><em><strong>Und ich mu\u00dfte zum Ende hin, mich unbedingt auf diese tolle Buchbank am Kiwi Verlag Messeastand setzen. Eine reizvolle Idee, die man, wenn gen\u00fcgend Platz vorhanden, gut selber umsetzen kann.<\/strong><\/em><\/span><\/p>\n<p><a href=\"https:\/\/www.richteronweb.de\/wp-content\/uploads\/2024\/10\/img-20241016-wa00064314903195442071422.jpg\"><img loading=\"lazy\" decoding=\"async\" class=\"alignnone size-medium wp-image-25531\" src=\"https:\/\/www.richteronweb.de\/wp-content\/uploads\/2024\/10\/img-20241016-wa00064314903195442071422-300x225.jpg\" alt=\"\" width=\"300\" height=\"225\" srcset=\"https:\/\/www.richteronweb.de\/wp-content\/uploads\/2024\/10\/img-20241016-wa00064314903195442071422-300x225.jpg 300w, https:\/\/www.richteronweb.de\/wp-content\/uploads\/2024\/10\/img-20241016-wa00064314903195442071422-700x525.jpg 700w, https:\/\/www.richteronweb.de\/wp-content\/uploads\/2024\/10\/img-20241016-wa00064314903195442071422-768x576.jpg 768w, https:\/\/www.richteronweb.de\/wp-content\/uploads\/2024\/10\/img-20241016-wa00064314903195442071422-1536x1152.jpg 1536w, https:\/\/www.richteronweb.de\/wp-content\/uploads\/2024\/10\/img-20241016-wa00064314903195442071422-400x300.jpg 400w, https:\/\/www.richteronweb.de\/wp-content\/uploads\/2024\/10\/img-20241016-wa00064314903195442071422.jpg 2000w\" sizes=\"auto, (max-width: 300px) 100vw, 300px\" \/><\/a><\/p>\n<p><span style=\"color: #000000;\"><em><strong>Meine <span class=\"ILfuVd\" lang=\"de\"><span class=\"hgKElc\">Merchandise<\/span><\/span> Errungenschaften sehr ihr hier:<\/strong><\/em><\/span><\/p>\n<p><a href=\"https:\/\/www.richteronweb.de\/wp-content\/uploads\/2024\/10\/img_20241017_1418073050382210344500505.jpg\"><img loading=\"lazy\" decoding=\"async\" class=\"alignnone size-medium wp-image-25545\" src=\"https:\/\/www.richteronweb.de\/wp-content\/uploads\/2024\/10\/img_20241017_1418073050382210344500505-237x300.jpg\" alt=\"\" width=\"237\" height=\"300\" srcset=\"https:\/\/www.richteronweb.de\/wp-content\/uploads\/2024\/10\/img_20241017_1418073050382210344500505-237x300.jpg 237w, https:\/\/www.richteronweb.de\/wp-content\/uploads\/2024\/10\/img_20241017_1418073050382210344500505-700x886.jpg 700w, https:\/\/www.richteronweb.de\/wp-content\/uploads\/2024\/10\/img_20241017_1418073050382210344500505-768x972.jpg 768w, https:\/\/www.richteronweb.de\/wp-content\/uploads\/2024\/10\/img_20241017_1418073050382210344500505-1213x1536.jpg 1213w, https:\/\/www.richteronweb.de\/wp-content\/uploads\/2024\/10\/img_20241017_1418073050382210344500505.jpg 1580w\" sizes=\"auto, (max-width: 237px) 100vw, 237px\" \/><\/a><\/p>\n<p><span style=\"color: #000000;\"><em><strong>Ich habe mich \u00fcber alle meine Begegnungen am Messemittwoch auf der FBM gefreut und hoffe auf ein baldiges Wiedersehen. <\/strong><\/em><\/span><\/p>\n<p><span style=\"color: #000000;\"><em><strong>P:S: Leider haben Thomas von <a style=\"color: #000000;\" href=\"https:\/\/www.instagram.com\/thomas_bookclub\/\">Thomas_bookclub<\/a> und ich es nicht geschafft an ein Selfie zu denken. Ich hoffe sehr wir werden uns bald auf ein ruhiges Terrain treffen und plaudern.<\/strong> <\/em><\/span><\/p>\n","protected":false},"excerpt":{"rendered":"<p>\u0e51\u273f\u0e51 Wenn einer eine Reise macht, kann er was erz\u00e4hlen \u0e51\u273f\u0e51 Alle Jahre wieder durfte ich meine befreundete Buchh\u00e4ndlerin Claudia Neud\u00f6rfer von der Wortwerke Buchhandlung aus Rastatt auf die FBM begleiten. Unsere Bahn fuhr in Baden Baden um ca. 8 &hellip; <a href=\"https:\/\/www.richteronweb.de\/?p=25535\">Weiterlesen <span class=\"meta-nav\">&rarr;<\/span><\/a><\/p>\n","protected":false},"author":1,"featured_media":0,"comment_status":"open","ping_status":"open","sticky":false,"template":"","format":"standard","meta":{"_jetpack_memberships_contains_paid_content":false,"footnotes":""},"categories":[1],"tags":[],"class_list":["post-25535","post","type-post","status-publish","format-standard","hentry","category-lesebuch"],"jetpack_featured_media_url":"","jetpack_sharing_enabled":true,"_links":{"self":[{"href":"https:\/\/www.richteronweb.de\/index.php?rest_route=\/wp\/v2\/posts\/25535","targetHints":{"allow":["GET"]}}],"collection":[{"href":"https:\/\/www.richteronweb.de\/index.php?rest_route=\/wp\/v2\/posts"}],"about":[{"href":"https:\/\/www.richteronweb.de\/index.php?rest_route=\/wp\/v2\/types\/post"}],"author":[{"embeddable":true,"href":"https:\/\/www.richteronweb.de\/index.php?rest_route=\/wp\/v2\/users\/1"}],"replies":[{"embeddable":true,"href":"https:\/\/www.richteronweb.de\/index.php?rest_route=%2Fwp%2Fv2%2Fcomments&post=25535"}],"version-history":[{"count":9,"href":"https:\/\/www.richteronweb.de\/index.php?rest_route=\/wp\/v2\/posts\/25535\/revisions"}],"predecessor-version":[{"id":25548,"href":"https:\/\/www.richteronweb.de\/index.php?rest_route=\/wp\/v2\/posts\/25535\/revisions\/25548"}],"wp:attachment":[{"href":"https:\/\/www.richteronweb.de\/index.php?rest_route=%2Fwp%2Fv2%2Fmedia&parent=25535"}],"wp:term":[{"taxonomy":"category","embeddable":true,"href":"https:\/\/www.richteronweb.de\/index.php?rest_route=%2Fwp%2Fv2%2Fcategories&post=25535"},{"taxonomy":"post_tag","embeddable":true,"href":"https:\/\/www.richteronweb.de\/index.php?rest_route=%2Fwp%2Fv2%2Ftags&post=25535"}],"curies":[{"name":"wp","href":"https:\/\/api.w.org\/{rel}","templated":true}]}}