{"id":25348,"date":"2024-10-03T22:11:35","date_gmt":"2024-10-03T20:11:35","guid":{"rendered":"https:\/\/www.richteronweb.de\/?p=25348"},"modified":"2024-10-03T22:11:35","modified_gmt":"2024-10-03T20:11:35","slug":"interview-mit-ines-keerl","status":"publish","type":"post","link":"https:\/\/www.richteronweb.de\/?p=25348","title":{"rendered":"Interview mit Ines Keerl"},"content":{"rendered":"<p><span style=\"color: #000000;\"><em><strong>\u273d\u2022*\u00a8*\u2022\u0e51\u273f\u0e51\u2605 Autoreninterview \u2605\u0e51\u273f\u0e51\u2022*\u00a8*\u2022\u273d<\/strong><\/em><\/span><\/p>\n<p><em><strong><span style=\"color: #000000;\">1. Wer ist Ines Keerl? Magst du dich mal vorstellen?<\/span> <\/strong><\/em><\/p>\n<p><a href=\"https:\/\/www.richteronweb.de\/wp-content\/uploads\/2024\/09\/Foto-Ines-weisses-Kleid-front-min-scaled.jpg\"><img loading=\"lazy\" decoding=\"async\" class=\"alignnone size-medium wp-image-25424\" src=\"https:\/\/www.richteronweb.de\/wp-content\/uploads\/2024\/09\/Foto-Ines-weisses-Kleid-front-min-200x300.jpg\" alt=\"\" width=\"200\" height=\"300\" srcset=\"https:\/\/www.richteronweb.de\/wp-content\/uploads\/2024\/09\/Foto-Ines-weisses-Kleid-front-min-200x300.jpg 200w, https:\/\/www.richteronweb.de\/wp-content\/uploads\/2024\/09\/Foto-Ines-weisses-Kleid-front-min-700x1052.jpg 700w, https:\/\/www.richteronweb.de\/wp-content\/uploads\/2024\/09\/Foto-Ines-weisses-Kleid-front-min-768x1154.jpg 768w, https:\/\/www.richteronweb.de\/wp-content\/uploads\/2024\/09\/Foto-Ines-weisses-Kleid-front-min-1022x1536.jpg 1022w, https:\/\/www.richteronweb.de\/wp-content\/uploads\/2024\/09\/Foto-Ines-weisses-Kleid-front-min-1363x2048.jpg 1363w, https:\/\/www.richteronweb.de\/wp-content\/uploads\/2024\/09\/Foto-Ines-weisses-Kleid-front-min-900x1352.jpg 900w, https:\/\/www.richteronweb.de\/wp-content\/uploads\/2024\/09\/Foto-Ines-weisses-Kleid-front-min-1280x1923.jpg 1280w, https:\/\/www.richteronweb.de\/wp-content\/uploads\/2024\/09\/Foto-Ines-weisses-Kleid-front-min-scaled.jpg 1704w\" sizes=\"auto, (max-width: 200px) 100vw, 200px\" \/><\/a><\/p>\n<p><span style=\"color: #000000;\"><em><strong>Wer ich bin? Eine schwierige Frage. Beruflich Drehbuchautorin und Autorin, privat Mutter, Freundin, Gef\u00e4hrtin \u2013 und vor allem eine Suchende. Ich bin neugierig, forsche gern in der Geschichte, um die Zusammenh\u00e4nge dieser Welt zu verstehen. Mein Wunsch ist dabei, die verborgenen F\u00e4den zu entdecken, die alles verbinden.<\/strong><\/em><\/span><\/p>\n<p><span style=\"color: #000000;\"><em><strong>2. Die wohl meist gestellte Frage: Wie bist du zum Schreiben gekommen?<\/strong><\/em><\/span><\/p>\n<p><span style=\"color: #000000;\"><em><strong>Ich habe da den \u201eklassischen\u201c Weg genommen. Ich wollte schon immer schreiben und habe schon immer geschrieben. Das kam in meinem Elternhaus als Berufswunsch leider nicht so gut an. Erst der Brotberuf. Das war dann bei mir Betriebswirtschaft. Nach neun Jahren in der Unternehmensberatung bewarb ich mich dann an der Drehbuchwerkstatt M\u00fcnchen und machte eine Masterausbildung zur Drehbuchautorin. Seit dieser Zeit habe ich vom Brot- auf den Traumberuf umgesattelt. Ich wurde 1997 die erste Dramaturgin der Krankenhausserie \u201eIn aller Freundschaft\u201c. Sie gibt es noch immer\u2026 Aus meiner Feder stammen bis heute mehr als hundert Drehb\u00fccher verschiedener Formate, darunter das ZDF-M\u00e4rchen \u201eDie sechs Schw\u00e4ne\u201c, Drehb\u00fccher f\u00fcr \u201eSOKO Leipzig\u201c, etc.<\/strong><\/em><\/span><\/p>\n<p><span style=\"color: #000000;\"><em><strong>3. Du wurdest mit der Buchreihe \u201cDIE L\u00d6WIN VOM TAFELBERG\u201d f\u00fcr den Goldenen Homer 2024 nominiert. Das ist ein Preis f\u00fcr hervoragende Historische Literatur. Wie hast du dich gef\u00fchlt, als du von der Nominierung erfahren hast?<br \/>\n<\/strong><\/em><\/span><\/p>\n<p><span style=\"color: #000000;\"><em><strong>Ich war einfach nur gl\u00fccklich und dankbar, eine solche Ehrung zu erfahren, und habe mich unheimlich dar\u00fcber gefreut, dass die Geschichte meiner Protagonistin Catharina Ustings, die ja wirklich gelebt hat, eine solche W\u00fcrdigung findet.\u00a0<\/strong><\/em><\/span><\/p>\n<p><span style=\"color: #000000;\"><em><strong>4. Wie lange hast du an dem Buch gearbeitet?<\/strong><\/em><\/span><\/p>\n<p><span style=\"color: #000000;\"><em><strong>Ganz, ganz lange&#8230;&#8230; 2007 kam ich das erste Mal mit Catharina Ustings in Ber\u00fchrung. Ich war im Rahmen einer Jourmalistenreise \u00fcber das Musical &#8220;African Footprints&#8221; auf dem Weg nach Kapstadt und habe im Flieger in einem Reisef\u00fchrer f\u00fcnf S\u00e4tze \u00fcber diese Frau gelesen. Augenblicklich zog eine Hollywoodstory an meinen Augen vorbei. Dann kam jedoch erst einmal das Leben dazwischen und Catharina spukte zwar in meinem Kopf herum, aber andere Menschen, Umst\u00e4nde und Drehb\u00fccher hatten Priorit\u00e4t. 2012 flog eine Freundin nach Kapstadt. Ich erz\u00e4hlte ihr von Catharina, dem Land, das sie 1682 geschenkt bekommen hatte und heute eines der bekanntesten Weing\u00fcter Kapstadts ist. Ich erz\u00e4hlte von ihrem Ehemann, \u00fcberhaupt das, was ich wusste. Das war nicht viel&#8230; Die Freundin besuchte \u201eSteenberg\u201c und kam mit Fotos zur\u00fcck. Und mit der Aussage, dass mich die Hoteldirektion, damals Gaby Gramm, mit allem unterst\u00fctzen w\u00fcrde. Da war es dann vorbei mit Absichtserkl\u00e4rungen und Prokrastinieren. Ich musste &#8220;Butter bei die Fische tun&#8221; und begann mit der Arbeit. Es folgten neben Hauptberuf und Familie Jahre des Recherchierens in Archiven, Reisen nach Amsterdam, L\u00fcbeck, auch noch mal nach Kapstadt gezielt auf Catharinas Spuren. Da kommt man schnell vom H\u00f6lzchen aufs St\u00f6ckchen und ich hatte gef\u00fchlte 40.000 Puzzleteile, aber keinen roten Faden. Der kam dann mit den beiden anderen schillernden Frauenfiguren: Eva\/Krotoa und Groote Catharina\/Amisha. Dann ging es ganz schnell im Vergleich zu den Jahren davor. 2019 war das Buch fertig. Ich machte mich auf Agentursuche, die machte sich wiederum auf Verlagssuche. Und dann kam Corona und mein Buch wurde auf Eis gelegt. Damals war ich sehr traurig. Im Nachhinein war es mein Gl\u00fcck, dass das Buch erst in 2023 erschienen ist. So konnte ich Lesungen halten und auf Messen gehen. Das alles w\u00e4re vorher Corona zum Opfer gefallen. <\/strong><\/em><\/span><\/p>\n<p><span style=\"color: #000000;\"><em><strong>5. Wenn du eine traurige, witzige oder spannende Szene schreibst, f\u00fchlst du dann mit?<\/strong><\/em><\/span><\/p>\n<p><span style=\"color: #000000;\"><em><strong>Unbedingt. Wenn ich es nicht f\u00fchle, hat die Szene noch nicht den richtigen Ton und sie muss \u00fcberarbeitet werden. Ich m\u00f6chte ja auch Gef\u00fchle bei den Leser:innen erzeugen und das kann ich in meinem Empfinden nur, wenn ich es selber f\u00fchle.<\/strong><\/em><\/span><\/p>\n<p><span style=\"color: #000000;\"><em><strong>6. Welche Dinge verfolgst du mit Leidenschaft?<\/strong><\/em><\/span><\/p>\n<p><span style=\"color: #000000;\"><em><strong>Schreiben, Reisen, Wandern, Kaffee trinken&#8230;<\/strong><\/em><\/span><\/p>\n<p><span style=\"color: #000000;\"><em><strong>7. Wer ist deine liebste historische Figur?<\/strong><\/em><\/span><\/p>\n<p><span style=\"color: #000000;\"><em><strong>Das wechselt. Es war lange Zeit Diane de Poitier, auch mal Marie Curie. Unbedingt meine Protagonistinnen: Krotoa\/Eva, Groote Catharina\/Amisha, meine Catharina Ustings. Aktuell ist es Lili&#8217;uokalani, die letzte Monarchin von Hawaii, die sich gegen die USA und die Kolonialisierung ihres Landes stemmte. Meine liebsten historischen Figuren sind kurz gesagt starke Frauen. Gerne auch unbekannte, denn genau sie brauchen eine Stimme und werden dann vielleicht bekannt&#8230;<\/strong><\/em><\/span><\/p>\n<p><span style=\"color: #000000;\"><em><strong>8. Du hast bereits mehrere B\u00fccher geschrieben, allerdings in einem anderem Genre, und nat\u00fcrlich auch ver\u00f6ffentlicht? Willst du dazu Stellung nehmen &#8230;<br \/>\n<\/strong><\/em><\/span><\/p>\n<p><span style=\"color: #000000;\"><em><strong>Du meinst die Sachb\u00fccher? Da habe ich z.B. mit meiner Kollegin Karin Lichtenstein ein Kochbuch namens &#8220;Kleine Sternek\u00f6che&#8221; herausgegeben. Der Arbeitstitel f\u00fcr uns war &#8220;Der Geschmack der Kindheit&#8221;. Wir haben 33 Europ\u00e4er:innen verschiedener Nationen gefragt, welche Gerichte sie am liebsten gegessen haben, als sie Kinder waren und an welche Anekdoten sie sich erinnern. Die 99 Gerichte haben wir dann mit 21 Kindern \u00fcber Monate hinweg nachgekocht und fotografiert. Das war ein tolles Projekt. Das Buch, das bei Ehrenwirth erschienen ist, ist leider vergriffen. Das Ganze war ja schon 2006.<\/strong><\/em><\/span><\/p>\n<p><span style=\"color: #000000;\"><em><strong>9. Wei\u00dft du bereits vorher genau, was in deinen B\u00fcchern passiert? Oder arbeitest du dich an einen genauen Handlungsplan entlang oder brechen dir die Figuren schon mal aus und erfinden ihre ganz eigene Geschichte?<\/strong><\/em><\/span><\/p>\n<p><span style=\"color: #000000;\"><em><strong>Ich komme ja aus dem Drehbuchbereich und da arbeiten wir mit Expos\u00e9s, Treatments, dann die Szenen &#8220;ausschreiben&#8221;. Das hilft ungemein, den \u00dcberblick zu behalten. Gerade bei &#8220;Die L\u00f6win vom Tafelberg&#8221; hat mir ein solcher Handlungsplan am Anfang sehr geholfen, bis sich vor allem im zweiten Akt, zweiter Teil, die Figuren verselbst\u00e4ndigt haben. Sie haben sich regelrecht verweigert, und das war gut so. Das geht mir \u00fcbrigens bei dem zweiten Band von Catharina genau so, wieder im zweiten Teil des zweiten Aktes, der nun ganz anders wird als geplant.<\/strong><\/em><\/span><\/p>\n<p><span style=\"color: #000000;\"><em><strong>10. Gibt es bereits neue Projekte, die in Arbeit sind und von denen du erz\u00e4hlen m\u00f6chtest bzw. darfst?<\/strong><\/em><\/span><\/p>\n<p><span style=\"color: #000000;\"><em><strong>Ja, ich \u00fcberarbeite gerade Band 2 von Catharina Ustings, der im n\u00e4chsten Fr\u00fchjahr erscheinen soll. Im ersten in sich abgeschlossenen Band findet Catharina ja ihre Heimat in S\u00fcdafrika. Aber sie ist noch nicht auf ihrem eigenen Land, dem Weingut. Bis dahin ist es noch ein weiter Weg. Catharina hat nach wie vor einen Feind in der Vereinigten Ostindischen Compagnie (VOC), der sie und ihre Freund:innen ein f\u00fcr alle Mal loswerden m\u00f6chte. Wieder einmal wird Amisha zum Z\u00fcnglein an der Waage. Und dann betritt noch ein weiterer faszinierender Charakter das Geschehen: Der charismatische Kommandant Simon van der Stel, der so ganz andere Vorstellungen von der Zukunft Kapstadts hat als die VOC und ihre machthungrigen Vertreter. Catharina hat sich ein Hollywoodende wirklich verdient. Schlie\u00dflich hat sie es von einer Analphabetin und ausgesto\u00dfenen Waise zur unabh\u00e4ngigen Landbesitzerin geschafft. Doch eines ist sicher: Ohne ihre Weggef\u00e4hrt:innen und Freund:innen w\u00e4re ihr das nicht gelungen.<\/strong><\/em><\/span><\/p>\n","protected":false},"excerpt":{"rendered":"<p>\u273d\u2022*\u00a8*\u2022\u0e51\u273f\u0e51\u2605 Autoreninterview \u2605\u0e51\u273f\u0e51\u2022*\u00a8*\u2022\u273d 1. Wer ist Ines Keerl? Magst du dich mal vorstellen? Wer ich bin? Eine schwierige Frage. Beruflich Drehbuchautorin und Autorin, privat Mutter, Freundin, Gef\u00e4hrtin \u2013 und vor allem eine Suchende. Ich bin neugierig, forsche gern in der &hellip; <a href=\"https:\/\/www.richteronweb.de\/?p=25348\">Weiterlesen <span class=\"meta-nav\">&rarr;<\/span><\/a><\/p>\n","protected":false},"author":1,"featured_media":0,"comment_status":"open","ping_status":"open","sticky":false,"template":"","format":"standard","meta":{"_jetpack_memberships_contains_paid_content":false,"footnotes":""},"categories":[1],"tags":[],"class_list":["post-25348","post","type-post","status-publish","format-standard","hentry","category-lesebuch"],"jetpack_featured_media_url":"","jetpack_sharing_enabled":true,"_links":{"self":[{"href":"https:\/\/www.richteronweb.de\/index.php?rest_route=\/wp\/v2\/posts\/25348","targetHints":{"allow":["GET"]}}],"collection":[{"href":"https:\/\/www.richteronweb.de\/index.php?rest_route=\/wp\/v2\/posts"}],"about":[{"href":"https:\/\/www.richteronweb.de\/index.php?rest_route=\/wp\/v2\/types\/post"}],"author":[{"embeddable":true,"href":"https:\/\/www.richteronweb.de\/index.php?rest_route=\/wp\/v2\/users\/1"}],"replies":[{"embeddable":true,"href":"https:\/\/www.richteronweb.de\/index.php?rest_route=%2Fwp%2Fv2%2Fcomments&post=25348"}],"version-history":[{"count":3,"href":"https:\/\/www.richteronweb.de\/index.php?rest_route=\/wp\/v2\/posts\/25348\/revisions"}],"predecessor-version":[{"id":25425,"href":"https:\/\/www.richteronweb.de\/index.php?rest_route=\/wp\/v2\/posts\/25348\/revisions\/25425"}],"wp:attachment":[{"href":"https:\/\/www.richteronweb.de\/index.php?rest_route=%2Fwp%2Fv2%2Fmedia&parent=25348"}],"wp:term":[{"taxonomy":"category","embeddable":true,"href":"https:\/\/www.richteronweb.de\/index.php?rest_route=%2Fwp%2Fv2%2Fcategories&post=25348"},{"taxonomy":"post_tag","embeddable":true,"href":"https:\/\/www.richteronweb.de\/index.php?rest_route=%2Fwp%2Fv2%2Ftags&post=25348"}],"curies":[{"name":"wp","href":"https:\/\/api.w.org\/{rel}","templated":true}]}}