{"id":25277,"date":"2024-09-13T11:41:13","date_gmt":"2024-09-13T09:41:13","guid":{"rendered":"https:\/\/www.richteronweb.de\/?p=25277"},"modified":"2024-10-03T22:58:53","modified_gmt":"2024-10-03T20:58:53","slug":"gmeiner-verlags-weihnachtsgewinnspiel-gewonnen-3","status":"publish","type":"post","link":"https:\/\/www.richteronweb.de\/?p=25277","title":{"rendered":"Gmeiner Verlags-Weihnachtsgewinnspiel gewonnen!"},"content":{"rendered":"<p><span style=\"color: #000000;\"><em><strong>Ich bekomme f\u00fcr ein ganzes Jahr jeden Monat zwei neue B\u00fccher vom Gmeiner-Verlag zugeschickt. Mittlerweile sind folgende Leseexemplare bei mir eingezogen:<\/strong><\/em><\/span><\/p>\n<p><a href=\"https:\/\/www.richteronweb.de\/wp-content\/uploads\/2024\/09\/91EWVc7WGIL._AC_UY218_.jpg\"><img loading=\"lazy\" decoding=\"async\" class=\"alignnone size-full wp-image-25282\" src=\"https:\/\/www.richteronweb.de\/wp-content\/uploads\/2024\/09\/91EWVc7WGIL._AC_UY218_.jpg\" alt=\"\" width=\"140\" height=\"218\" \/><\/a><\/p>\n<p><span style=\"color: #000000;\"><em><strong>Die junge Ornella Ronchetti, Spross einer m\u00e4chtigen Olivenbauern-Dynastie, st\u00fcrzt vom Felsen der Burg Arco. Die Erkl\u00e4rung der Familie: Selbstmord. Rosina Gamper, die auf dem Landgut der Ronchettis Deckenfresken restauriert, hat daran so ihre Zweifel. Sie kratzt an der Fassade der Vorzeige-Familie und st\u00f6\u00dft auf tiefe Gr\u00e4ben und vergiftete Stimmung. Als Ornellas beste Freundin Marta spurlos verschwindet, ist Rosina nicht mehr zu halten. Doch ermitteln muss sie allein, denn mit Mario, dem Ex-Kardinal ihres Herzens, hat sie keine Zukunft. Oder doch?<\/strong><\/em><\/span><\/p>\n<ul>\n<li><span style=\"color: #000000;\"><em><strong><span class=\"a-list-item\"> <span class=\"a-text-bold\">Herausgeber \u200f : \u200e <\/span> Gmeiner-Verlag; 2024. Edition (10. April 2024) <\/span><\/strong><\/em><\/span><\/li>\n<li><span style=\"color: #000000;\"><em><strong><span class=\"a-list-item\"> <span class=\"a-text-bold\">Sprache \u200f : \u200e <\/span> Deutsch <\/span><\/strong><\/em><\/span><\/li>\n<li><span style=\"color: #000000;\"><em><strong><span class=\"a-list-item\"> <span class=\"a-text-bold\">Broschiert \u200f : \u200e <\/span> 279 Seiten <\/span><\/strong><\/em><\/span><\/li>\n<li><span style=\"color: #000000;\"><em><strong><span class=\"a-list-item\"> <span class=\"a-text-bold\">ISBN-10 \u200f : \u200e <\/span> 3839206340 <\/span><\/strong><\/em><\/span><\/li>\n<li><span style=\"color: #000000;\"><em><span class=\"a-list-item\"><strong> <span class=\"a-text-bold\">ISBN-13 \u200f : \u200e <\/span> 978-3839206348<\/strong> <\/span><\/em><\/span><\/li>\n<\/ul>\n<p><a href=\"https:\/\/www.richteronweb.de\/wp-content\/uploads\/2024\/09\/eigner-katharina-1398.jpg\"><img loading=\"lazy\" decoding=\"async\" class=\"alignnone size-medium wp-image-25279\" src=\"https:\/\/www.richteronweb.de\/wp-content\/uploads\/2024\/09\/eigner-katharina-1398-266x300.jpg\" alt=\"\" width=\"266\" height=\"300\" srcset=\"https:\/\/www.richteronweb.de\/wp-content\/uploads\/2024\/09\/eigner-katharina-1398-266x300.jpg 266w, https:\/\/www.richteronweb.de\/wp-content\/uploads\/2024\/09\/eigner-katharina-1398.jpg 280w\" sizes=\"auto, (max-width: 266px) 100vw, 266px\" \/><\/a><\/p>\n<p><span style=\"color: #000000;\"><em><strong>Katharina Eigner, Jahrgang 1979, flirtete an der Uni Wien mit Publizistik und Kunstgeschichte. Sie kehrte nach Salzburg zur\u00fcck und absolvierte eine kaufm\u00e4nnische Ausbildung. Sie schreibt Krimis, Thriller und Kurzgeschichten und ist Initiatorin sowie Organisatorin der Sound of Krimi-Feste in Salzburg. Katharina Eigner lebt mit ihrer Familie am s\u00fcdlichen Stadtrand von Salzburg.<\/strong> <\/em><\/span><\/p>\n<hr \/>\n<p><a href=\"https:\/\/www.richteronweb.de\/wp-content\/uploads\/2024\/09\/81qxcKE-WzL._AC_UY218_.jpg\"><img loading=\"lazy\" decoding=\"async\" class=\"alignnone size-full wp-image-25281\" src=\"https:\/\/www.richteronweb.de\/wp-content\/uploads\/2024\/09\/81qxcKE-WzL._AC_UY218_.jpg\" alt=\"\" width=\"140\" height=\"218\" \/><\/a><\/p>\n<p><span style=\"color: #000000;\"><em><strong>Als es in seiner Ehe mit Marcella zu kriseln beginnt, ger\u00e4t die bisher heile Welt von Sven De Luca ins Wanken. Er sehnt sich nach N\u00e4he und Leichtigkeit &#8211; sie ist jedoch nur f\u00fcr ihre Patienten da. Dann taucht Svens Ex-Freundin Laura auf und verwickelt ihn ungefragt in ihre Probleme. Er verschweigt Marcella die gemeinsame Vergangenheit &#8211; und dass Laura von der Polizei gesucht wird. Daf\u00fcr ist Dana, die Nanny seiner Kinder, eingeweiht. Doch Dana spielt ihr eigenes, gef\u00e4hrliches Spiel. Noch ehe Sven begreift, in was er hineingeraten ist, werden Marcella und die Kinder entf\u00fchrt \u2026<\/strong><\/em><\/span><\/p>\n<ul>\n<li><span style=\"color: #000000;\"><em><strong><span class=\"a-list-item\"> <span class=\"a-text-bold\">Herausgeber \u200f : \u200e <\/span> Gmeiner-Verlag; 2024. Edition (13. M\u00e4rz 2024) <\/span><\/strong><\/em><\/span><\/li>\n<li><span style=\"color: #000000;\"><em><strong><span class=\"a-list-item\"> <span class=\"a-text-bold\">Sprache \u200f : \u200e <\/span> Deutsch <\/span><\/strong><\/em><\/span><\/li>\n<li><span style=\"color: #000000;\"><em><strong><span class=\"a-list-item\"> <span class=\"a-text-bold\">Broschiert \u200f : \u200e <\/span> 592 Seiten <\/span><\/strong><\/em><\/span><\/li>\n<li><span style=\"color: #000000;\"><em><strong><span class=\"a-list-item\"> <span class=\"a-text-bold\">ISBN-10 \u200f : \u200e <\/span> 3839206596 <\/span><\/strong><\/em><\/span><\/li>\n<li><span style=\"color: #000000;\"><em><span class=\"a-list-item\"><strong> <span class=\"a-text-bold\">ISBN-13 \u200f : \u200e <\/span> 978-3839206591<\/strong> <\/span><\/em><\/span><\/li>\n<\/ul>\n<p><a href=\"https:\/\/www.richteronweb.de\/wp-content\/uploads\/2024\/09\/anders-isabella-1422.jpg\"><img loading=\"lazy\" decoding=\"async\" class=\"alignnone size-medium wp-image-25283\" src=\"https:\/\/www.richteronweb.de\/wp-content\/uploads\/2024\/09\/anders-isabella-1422-200x300.jpg\" alt=\"\" width=\"200\" height=\"300\" srcset=\"https:\/\/www.richteronweb.de\/wp-content\/uploads\/2024\/09\/anders-isabella-1422-200x300.jpg 200w, https:\/\/www.richteronweb.de\/wp-content\/uploads\/2024\/09\/anders-isabella-1422.jpg 280w\" sizes=\"auto, (max-width: 200px) 100vw, 200px\" \/><\/a><\/p>\n<p><span style=\"color: #000000;\"><em><strong>Unter dem Pseudonym Isabella Anders ver\u00f6ffentlicht der Schriftsteller Achim Herrmann Geschichten aus dem Leben. 1968 in Stuttgart geboren, arbeitet er inzwischen seit 30 Jahren f\u00fcr ein renommiertes Medienhaus am Bodensee. Nachdem ihn amour\u00f6se Begegnungen, kaltgestellte Gef\u00fchle und eigene Tr\u00e4ume zu seinem erfolgreichen Deb\u00fctroman \u201eBleibst du f\u00fcr immer?\u201c inspiriert haben, legt er nach \u201eVerzeihst du mir?\u201c nun seinen dritten Roman \u00bbWie du es willst!\u00ab vor. Wieder schreibt Herrmann ein St\u00fcck weit von sich selbst und zieht mit seiner ihm eigenen Leichtigkeit die Leser:innen in eine Welt egoistischer Abgr\u00fcnde und prickelnder Liebe.<\/strong> <\/em><\/span><\/p>\n<hr \/>\n<p><a href=\"https:\/\/www.richteronweb.de\/wp-content\/uploads\/2024\/09\/81dtNWOR8oL._AC_UY218_.jpg\"><img loading=\"lazy\" decoding=\"async\" class=\"alignnone size-full wp-image-25284\" src=\"https:\/\/www.richteronweb.de\/wp-content\/uploads\/2024\/09\/81dtNWOR8oL._AC_UY218_.jpg\" alt=\"\" width=\"140\" height=\"218\" \/><\/a><\/p>\n<p><span style=\"color: #000000;\"><em><strong>Auf der schwedischen Insel \u00d6land machen Touristen eine grausige Entdeckung. In Borg Eketorp, hinter Steinen versteckt, liegt ein m\u00e4nnlicher Leichnam &#8211; nackt, mit tiefen Schnitten im Gesicht. Die Kommissare Luna Bofink und Alban Larsson aus Kalmar \u00fcbernehmen die Ermittlungen. Doch die Identifikation des Toten gestaltet sich schwierig. Innerhalb weniger Tage sterben vier weitere Menschen und den Ermittlern ist klar: Sie haben es mit einem Serienm\u00f6rder zu tun.<\/strong><\/em><\/span><\/p>\n<ul>\n<li><span style=\"color: #000000;\"><em><strong><span class=\"a-list-item\"> <span class=\"a-text-bold\">Herausgeber \u200f : \u200e <\/span> Gmeiner-Verlag; 2024. Edition (14. Februar 2024) <\/span><\/strong><\/em><\/span><\/li>\n<li><span style=\"color: #000000;\"><em><strong><span class=\"a-list-item\"> <span class=\"a-text-bold\">Sprache \u200f : \u200e <\/span> Deutsch <\/span><\/strong><\/em><\/span><\/li>\n<li><span style=\"color: #000000;\"><em><strong><span class=\"a-list-item\"> <span class=\"a-text-bold\">Broschiert \u200f : \u200e <\/span> 377 Seiten <\/span><\/strong><\/em><\/span><\/li>\n<li><span style=\"color: #000000;\"><em><strong><span class=\"a-list-item\"> <span class=\"a-text-bold\">ISBN-10 \u200f : \u200e <\/span> 383920576X <\/span><\/strong><\/em><\/span><\/li>\n<li><span style=\"color: #000000;\"><em><span class=\"a-list-item\"><strong> <span class=\"a-text-bold\">ISBN-13 \u200f : \u200e <\/span> 978-3839205761<\/strong> <\/span><\/em><\/span><\/li>\n<\/ul>\n<p><a href=\"https:\/\/www.richteronweb.de\/wp-content\/uploads\/2024\/09\/sjoeberg-agneta-1683.jpg\"><img loading=\"lazy\" decoding=\"async\" class=\"alignnone size-medium wp-image-25285\" src=\"https:\/\/www.richteronweb.de\/wp-content\/uploads\/2024\/09\/sjoeberg-agneta-1683-169x300.jpg\" alt=\"\" width=\"169\" height=\"300\" srcset=\"https:\/\/www.richteronweb.de\/wp-content\/uploads\/2024\/09\/sjoeberg-agneta-1683-169x300.jpg 169w, https:\/\/www.richteronweb.de\/wp-content\/uploads\/2024\/09\/sjoeberg-agneta-1683.jpg 253w\" sizes=\"auto, (max-width: 169px) 100vw, 169px\" \/><\/a><\/p>\n<p><span style=\"color: #000000;\"><em><strong>Agneta Sj\u00f6berg studierte P\u00e4dagogik und ist Master of Forensic Sciences. Seit Jahrzehnten verbringt sie viel Zeit in ihren Lieblingsregionen D\u00e4nemark und Schweden, kennt Land und Leute, genie\u00dft die Weite Schwedens und interessiert sich sehr f\u00fcr seine historischen Wurzeln und geheimnisvollen Sagengestalten. Sie hat auf ihren Erkundungen viele Informationen gesammelt, spannende Orte entdeckt und jede Menge Stoff f\u00fcr fesselnde Krimis zusammengetragen, bei denen ein Schwerpunkt auf gebrochenen Biografien und den daraus resultierenden psychischen Entwicklungen liegt. Mordf\u00e4lle, die nun von Luna Bofink und Alban Larsson gel\u00f6st werden.<\/strong> <\/em><\/span><\/p>\n<hr \/>\n<p><a href=\"https:\/\/www.richteronweb.de\/wp-content\/uploads\/2024\/09\/71nyGa-ILL._AC_UY218_.jpg\"><img loading=\"lazy\" decoding=\"async\" class=\"alignnone size-full wp-image-25286\" src=\"https:\/\/www.richteronweb.de\/wp-content\/uploads\/2024\/09\/71nyGa-ILL._AC_UY218_.jpg\" alt=\"\" width=\"140\" height=\"218\" \/><\/a><\/p>\n<p><span style=\"color: #000000;\"><em><strong>Wien. Er kennt die miesen Deals zwischen Boulevardpresse und Politik, ist selbst Teil des Systems: Vinzent Kluger, hochbezahlter Chefreporter und auf Du und Du mit den Honoratioren des Landes, hat scheinbar alles gesehen, alles erlebt. Bis mysteri\u00f6se Vorg\u00e4nge bei Madame Tussauds in Wien noch einmal den Instinkt des alternden Zeitungsbluthundes wecken. Nichts ahnend schluckt er einen ausgelegten K\u00f6der, prescht mit Exklusivstorys vorw\u00e4rts und setzt das R\u00e4derwerk eines bitterb\u00f6sen Versteckspiels in Gang. Mehrere Menschen sterben durch Klugers Zutun und er muss sich letztlich den Fragen nach Moral, Schuld und Mitverantwortung stellen.<\/strong><\/em><\/span><\/p>\n<ul>\n<li><span style=\"color: #000000;\"><em><strong><span class=\"a-list-item\"> <span class=\"a-text-bold\">Herausgeber \u200f : \u200e <\/span> Gmeiner-Verlag; 2024. Edition (10. April 2024) <\/span><\/strong><\/em><\/span><\/li>\n<li><span style=\"color: #000000;\"><em><strong><span class=\"a-list-item\"> <span class=\"a-text-bold\">Sprache \u200f : \u200e <\/span> Deutsch <\/span><\/strong><\/em><\/span><\/li>\n<li><span style=\"color: #000000;\"><em><strong><span class=\"a-list-item\"> <span class=\"a-text-bold\">Broschiert \u200f : \u200e <\/span> 936 Seiten <\/span><\/strong><\/em><\/span><\/li>\n<li><span style=\"color: #000000;\"><em><strong><span class=\"a-list-item\"> <span class=\"a-text-bold\">ISBN-10 \u200f : \u200e <\/span> 3839206480 <\/span><\/strong><\/em><\/span><\/li>\n<li><span style=\"color: #000000;\"><em><span class=\"a-list-item\"><strong> <span class=\"a-text-bold\">ISBN-13 \u200f : \u200e <\/span> 978-3839206485<\/strong> <\/span><\/em><\/span><\/li>\n<\/ul>\n<p><a href=\"https:\/\/www.richteronweb.de\/wp-content\/uploads\/2024\/09\/schrems-thomas-1648.jpg\"><img loading=\"lazy\" decoding=\"async\" class=\"alignnone size-full wp-image-25287\" src=\"https:\/\/www.richteronweb.de\/wp-content\/uploads\/2024\/09\/schrems-thomas-1648.jpg\" alt=\"\" width=\"280\" height=\"287\" \/><\/a><\/p>\n<p><span style=\"color: #000000;\"><em><strong>Thomas Schrems, geboren 1967, war 26 Jahre lang Journalist bei der Kronen Zeitung, \u00d6sterreichs auflagenst\u00e4rkstem Boulevardblatt, und durchlief vom Reporter zum Chronikchef, Blattmacher und stellvertretenden Chefredakteur alle Stationen.<\/strong><\/em><\/span><br \/>\n<span style=\"color: #000000;\"><em><strong>Heute lebt er als freier Schriftsteller im Burgenland, hat als Ghostwriter mehr als 20 Sachb\u00fccher f\u00fcr teils prominente Autoren verfasst, schreibt Romane und Kurzgeschichten.<\/strong><\/em><\/span><\/p>\n<hr \/>\n<p><a href=\"https:\/\/www.richteronweb.de\/wp-content\/uploads\/2024\/09\/81E1WV-CVKL._AC_UY218_.jpg\"><img loading=\"lazy\" decoding=\"async\" class=\"alignnone size-full wp-image-25288\" src=\"https:\/\/www.richteronweb.de\/wp-content\/uploads\/2024\/09\/81E1WV-CVKL._AC_UY218_.jpg\" alt=\"\" width=\"133\" height=\"218\" \/><\/a><\/p>\n<p><span style=\"color: #000000;\"><em><strong>An einem tr\u00fcben Tag wird auf R\u00fcgen die Leiche einer Frau gefunden, die sich bei einem Sturz von der Steilk\u00fcste das Genick gebrochen hat. Wie sich herausstellt, hat Henrike Paulsen in einem \u00fcber 30 Jahre zur\u00fcckliegenden Vermisstenfall ermittelt. Obwohl die Obduktion keinen Hinweis auf ein Fremdverschulden ergibt, nimmt sich Rechtsmedizinerin Leona Pirell des Falls an. Dabei st\u00f6\u00dft sie auf Hinweise, die sowohl Henrikes Tod, als auch die Ereignisse von damals in einem ganz anderen Licht erscheinen lassen.<\/strong><\/em><\/span><\/p>\n<ul>\n<li><span style=\"color: #000000;\"><em><strong><span class=\"a-list-item\"> <span class=\"a-text-bold\">Herausgeber \u200f : \u200e <\/span> Gmeiner-Verlag; 2024. Edition (13. M\u00e4rz 2024) <\/span><\/strong><\/em><\/span><\/li>\n<li><span style=\"color: #000000;\"><em><strong><span class=\"a-list-item\"> <span class=\"a-text-bold\">Sprache \u200f : \u200e <\/span> Deutsch <\/span><\/strong><\/em><\/span><\/li>\n<li><span style=\"color: #000000;\"><em><strong><span class=\"a-list-item\"> <span class=\"a-text-bold\">Taschenbuch \u200f : \u200e <\/span> 256 Seiten <\/span><\/strong><\/em><\/span><\/li>\n<li><span style=\"color: #000000;\"><em><strong><span class=\"a-list-item\"> <span class=\"a-text-bold\">ISBN-10 \u200f : \u200e <\/span> 3839206014 <\/span><\/strong><\/em><\/span><\/li>\n<li><span style=\"color: #000000;\"><em><span class=\"a-list-item\"><strong> <span class=\"a-text-bold\">ISBN-13 \u200f : \u200e <\/span> 978-3839206010<\/strong> <\/span><\/em><\/span><\/li>\n<\/ul>\n<p><a href=\"https:\/\/www.richteronweb.de\/wp-content\/uploads\/2024\/09\/schwarz-maren.jpg\"><img loading=\"lazy\" decoding=\"async\" class=\"alignnone size-medium wp-image-25289\" src=\"https:\/\/www.richteronweb.de\/wp-content\/uploads\/2024\/09\/schwarz-maren-214x300.jpg\" alt=\"\" width=\"214\" height=\"300\" srcset=\"https:\/\/www.richteronweb.de\/wp-content\/uploads\/2024\/09\/schwarz-maren-214x300.jpg 214w, https:\/\/www.richteronweb.de\/wp-content\/uploads\/2024\/09\/schwarz-maren.jpg 280w\" sizes=\"auto, (max-width: 214px) 100vw, 214px\" \/><\/a><\/p>\n<p><span style=\"color: #000000;\"><em><strong>Maren Schwarz, Jahrgang 1964, lebt in einer kleinen Stadt im Vogtland. Ihre Krimireihe um die Rechtsmedizinerin Leona Pirell spielt auf R\u00fcgen, der zweiten Heimat der Autorin. Neben Kriminalromanen schreibt sie Beitr\u00e4ge f\u00fcr verschiedene Kurzkrimi-Anthologien. Das vorliegende Buch ist bereits ihr siebter R\u00fcgen-Krimi im Gmeiner-Verlag. Maren Schwarz ist Mitglied im Syndikat.<\/strong> <\/em><\/span><\/p>\n<hr \/>\n<p><a href=\"https:\/\/www.richteronweb.de\/wp-content\/uploads\/2024\/09\/81E74N30s7L._AC_UY218_.jpg\"><img loading=\"lazy\" decoding=\"async\" class=\"alignnone size-full wp-image-25290\" src=\"https:\/\/www.richteronweb.de\/wp-content\/uploads\/2024\/09\/81E74N30s7L._AC_UY218_.jpg\" alt=\"\" width=\"133\" height=\"218\" \/><\/a><\/p>\n<p><span style=\"color: #000000;\"><em><strong>Semmering 1929: Auf das S\u00fcdbahnhotel in der exklusivsten Urlaubsregion Mitteleuropas wurde ein Attentat ver\u00fcbt &#8211; zum Gl\u00fcck ohne dramatische Folgen. Der Wiener Ermittler Max Mitschek findet jedoch einen Hinweis, dass der Attent\u00e4ter ein Viadukt der S\u00fcdbahn zu sprengen beabsichtigt. Will sich jemand an der Eisenbahngesellschaft r\u00e4chen? Oder sollen die ber\u00fchmten Besucher der mond\u00e4nen Hotelanlagen getroffen werden? Die Zeit dr\u00e4ngt, und Max Mitschek kommt nicht einmal dazu, im S\u00fcdbahnhotel in Ruhe ein Fiakergulasch zu verzehren.<\/strong><\/em><\/span><\/p>\n<ul>\n<li><span style=\"color: #000000;\"><em><strong><span class=\"a-list-item\"> <span class=\"a-text-bold\">Herausgeber \u200f : \u200e <\/span> Gmeiner-Verlag; 2024. Edition (13. M\u00e4rz 2024) <\/span><\/strong><\/em><\/span><\/li>\n<li><span style=\"color: #000000;\"><em><strong><span class=\"a-list-item\"> <span class=\"a-text-bold\">Sprache \u200f : \u200e <\/span> Deutsch <\/span><\/strong><\/em><\/span><\/li>\n<li><span style=\"color: #000000;\"><em><strong><span class=\"a-list-item\"> <span class=\"a-text-bold\">Taschenbuch \u200f : \u200e <\/span> 256 Seiten <\/span><\/strong><\/em><\/span><\/li>\n<li><span style=\"color: #000000;\"><em><strong><span class=\"a-list-item\"> <span class=\"a-text-bold\">ISBN-10 \u200f : \u200e <\/span> 3839205549 <\/span><\/strong><\/em><\/span><\/li>\n<li><span style=\"color: #000000;\"><em><span class=\"a-list-item\"><strong> <span class=\"a-text-bold\">ISBN-13 \u200f : \u200e <\/span> 978-3839205549<\/strong> <\/span><\/em><\/span><\/li>\n<\/ul>\n<p><a href=\"https:\/\/www.richteronweb.de\/wp-content\/uploads\/2024\/09\/beyerl-beppo-1454.jpg\"><img loading=\"lazy\" decoding=\"async\" class=\"alignnone size-medium wp-image-25291\" src=\"https:\/\/www.richteronweb.de\/wp-content\/uploads\/2024\/09\/beyerl-beppo-1454-243x300.jpg\" alt=\"\" width=\"243\" height=\"300\" srcset=\"https:\/\/www.richteronweb.de\/wp-content\/uploads\/2024\/09\/beyerl-beppo-1454-243x300.jpg 243w, https:\/\/www.richteronweb.de\/wp-content\/uploads\/2024\/09\/beyerl-beppo-1454.jpg 280w\" sizes=\"auto, (max-width: 243px) 100vw, 243px\" \/><\/a><\/p>\n<p><span style=\"color: #000000;\"><em><strong>Beppo Beyerl wurde 1955 in Wien geboren. Er schreibt Reportagen und B\u00fccher \u00fcber die Insassen Wiens und die Bewohner der restlichen Welt. Er hat drei Heimaten: Wien, S\u00fcdb\u00f6hmen und den istrischen Karst. Er ist Mitglied des \u00d6sterreichischen Schriftstellerverbandes und der Grazer Autorenversammlung. Nach \u00bbMord im Lainzer Tiergarten\u00ab l\u00e4sst er Max Mitschek nun am mond\u00e4nen Semmering der sp\u00e4ten 1920er-Jahre ermitteln.<\/strong> <\/em><\/span><\/p>\n<hr \/>\n<p><a href=\"https:\/\/www.richteronweb.de\/wp-content\/uploads\/2024\/09\/81v7Jx0p0EL._AC_UY218_.jpg\"><img loading=\"lazy\" decoding=\"async\" class=\"alignnone size-full wp-image-25292\" src=\"https:\/\/www.richteronweb.de\/wp-content\/uploads\/2024\/09\/81v7Jx0p0EL._AC_UY218_.jpg\" alt=\"\" width=\"140\" height=\"218\" \/><\/a><\/p>\n<p><span style=\"color: #000000;\"><em><strong>Danielle Tisserand, \u00bbcapitaine de police\u00ab bei der Kriminalpolizei in Nizza, ermittelt im Fall der sch\u00f6nen Toten im Esterel-Gebirge hoch \u00fcber der C\u00f4te d\u2019Azur. Die junge Schauspielerin wurde erschossen und aufgebahrt wie Schneewittchen. Danielles Untersuchungen f\u00fchren sie in die Filmwelt nach Cannes mit einem Abstecher nach Paris und ins wilde Hinterland der franz\u00f6sischen Riviera. Tr\u00fcgt die Idylle zwischen Pinien, Korkeichen, Lavendel und Weinreben? Ihr Bauchgef\u00fchl bringt sie wie immer auf die richtige Spur &#8211; und dieses Mal auch in t\u00f6dliche Gefahr \u2026<\/strong><\/em><\/span><\/p>\n<ul>\n<li><span style=\"color: #000000;\"><em><strong><span class=\"a-list-item\"> <span class=\"a-text-bold\">Herausgeber \u200f : \u200e <\/span> Gmeiner-Verlag; 2024. Edition (10. April 2024) <\/span><\/strong><\/em><\/span><\/li>\n<li><span style=\"color: #000000;\"><em><strong><span class=\"a-list-item\"> <span class=\"a-text-bold\">Sprache \u200f : \u200e <\/span> Deutsch <\/span><\/strong><\/em><\/span><\/li>\n<li><span style=\"color: #000000;\"><em><strong><span class=\"a-list-item\"> <span class=\"a-text-bold\">Broschiert \u200f : \u200e <\/span> 343 Seiten <\/span><\/strong><\/em><\/span><\/li>\n<li><span style=\"color: #000000;\"><em><strong><span class=\"a-list-item\"> <span class=\"a-text-bold\">ISBN-10 \u200f : \u200e <\/span> 3839205816 <\/span><\/strong><\/em><\/span><\/li>\n<li><span style=\"color: #000000;\"><em><span class=\"a-list-item\"><strong> <span class=\"a-text-bold\">ISBN-13 \u200f : \u200e <\/span> 978-3839205815<\/strong> <\/span><\/em><\/span><\/li>\n<\/ul>\n<p><a href=\"https:\/\/www.richteronweb.de\/wp-content\/uploads\/2024\/09\/doux-marie-1681.jpg\"><img loading=\"lazy\" decoding=\"async\" class=\"alignnone size-medium wp-image-25293\" src=\"https:\/\/www.richteronweb.de\/wp-content\/uploads\/2024\/09\/doux-marie-1681-242x300.jpg\" alt=\"\" width=\"242\" height=\"300\" srcset=\"https:\/\/www.richteronweb.de\/wp-content\/uploads\/2024\/09\/doux-marie-1681-242x300.jpg 242w, https:\/\/www.richteronweb.de\/wp-content\/uploads\/2024\/09\/doux-marie-1681.jpg 280w\" sizes=\"auto, (max-width: 242px) 100vw, 242px\" \/><\/a><\/p>\n<p><span style=\"color: #000000;\"><em><strong>Marie Doux ist das Pseudonym von Marianna Bachinger, die 1957 in Bayern geboren wurde. 25 Jahre arbeitete sie als Lehrerin, bis das Leben sie unmissverst\u00e4ndlich in eine andere Richtung lenkte.<\/strong><\/em><\/span><br \/>\n<span style=\"color: #000000;\"><em><strong>Die C\u00f4te d\u2019Azur lernte sie durch die \u00e4ltere ihrer zwei T\u00f6chter kennen und lieben, die sich ein paar Jahre in S\u00fcdfrankreich aufhielt. Der Landstrich mit seinen St\u00e4dten, Menschen und seiner<\/strong><\/em><\/span><br \/>\n<span style=\"color: #000000;\"><em><strong>unverwechselbaren Natur ist ihr sehr ans Herz gewachsen. Mittlerweile leben die Autorin und ihr Mann in der Toskana. Dort haben sie sich ihren Traum vom S\u00fcden erf\u00fcllt, nicht weit weg vom Meer. \u00bbDie sch\u00f6ne Tote von der C\u00f4te d\u2019Azur\u00ab ist Marie Doux\u2019 erster Krimi im Gmeiner-Verlag.<\/strong> <\/em><\/span><\/p>\n<hr \/>\n<p><a href=\"https:\/\/www.richteronweb.de\/wp-content\/uploads\/2024\/09\/81A5dQzjCAL._AC_UY218_.jpg\"><img loading=\"lazy\" decoding=\"async\" class=\"alignnone size-full wp-image-25294\" src=\"https:\/\/www.richteronweb.de\/wp-content\/uploads\/2024\/09\/81A5dQzjCAL._AC_UY218_.jpg\" alt=\"\" width=\"140\" height=\"218\" \/><\/a><\/p>\n<p><span style=\"color: #000000;\"><em><strong>Hochsommer an der Adria. W\u00e4hrend die Urlauber in die Hotspots Bibione und Lignano einfallen, wird im lauschigen Pinienw\u00e4ldchen von Pineda die Leiche eines schillernden Agenten f\u00fcr luxuri\u00f6se Ferienh\u00e4user gefunden. Kurz darauf gibt es im n\u00e4chtlichen Luna Park einen zweiten Toten. Beide Male ist die junge Polizistin Isabelle Martin in ihrem frisch geerbten Strandbungalow ganz in der N\u00e4he der Tatorte. H\u00e4ngen die Morde etwa miteinander zusammen? Und was hat der r\u00e4tselhafte Tod einer M\u00fcnchner Studentin beim Freiluftmusikfestival mit den Verbrechen zu tun?<\/strong><\/em><\/span><\/p>\n<ul>\n<li><span style=\"color: #000000;\"><em><strong><span class=\"a-list-item\"> <span class=\"a-text-bold\">Herausgeber \u200f : \u200e <\/span> Gmeiner-Verlag; 2024. Edition (10. April 2024) <\/span><\/strong><\/em><\/span><\/li>\n<li><span style=\"color: #000000;\"><em><strong><span class=\"a-list-item\"> <span class=\"a-text-bold\">Sprache \u200f : \u200e <\/span> Deutsch <\/span><\/strong><\/em><\/span><\/li>\n<li><span style=\"color: #000000;\"><em><strong><span class=\"a-list-item\"> <span class=\"a-text-bold\">Broschiert \u200f : \u200e <\/span> 272 Seiten <\/span><\/strong><\/em><\/span><\/li>\n<li><span style=\"color: #000000;\"><em><strong><span class=\"a-list-item\"> <span class=\"a-text-bold\">ISBN-10 \u200f : \u200e <\/span> 3839206502 <\/span><\/strong><\/em><\/span><\/li>\n<li><span style=\"color: #000000;\"><em><span class=\"a-list-item\"><strong> <span class=\"a-text-bold\">ISBN-13 \u200f : \u200e <\/span> 978-3839206508<\/strong> <\/span><\/em><\/span><\/li>\n<\/ul>\n<p><a href=\"https:\/\/www.richteronweb.de\/wp-content\/uploads\/2024\/09\/ehmann-hermann-904.jpg\"><img loading=\"lazy\" decoding=\"async\" class=\"alignnone size-medium wp-image-25295\" src=\"https:\/\/www.richteronweb.de\/wp-content\/uploads\/2024\/09\/ehmann-hermann-904-200x300.jpg\" alt=\"\" width=\"200\" height=\"300\" srcset=\"https:\/\/www.richteronweb.de\/wp-content\/uploads\/2024\/09\/ehmann-hermann-904-200x300.jpg 200w, https:\/\/www.richteronweb.de\/wp-content\/uploads\/2024\/09\/ehmann-hermann-904.jpg 280w\" sizes=\"auto, (max-width: 200px) 100vw, 200px\" \/><\/a><\/p>\n<p><span style=\"color: #000000;\"><em><strong>Hermann Ehmann, geboren 1964, machte zum ersten Mal 1977 Urlaub an der oberen Adria und seitdem immer wieder an verschiedenen Strandabschnitten dieser lebendigen Ferienregion. Neben vielen Sonnenseiten kennt er auch die Schattenseiten \u2013 allen voran Ausbeutung von Mensch und Natur sowie Kriminalit\u00e4t in verschiedenen Auspr\u00e4gungen.<\/strong><\/em><\/span><br \/>\n<span style=\"color: #000000;\"><em><strong>Der Autor lebt mit Frau und erwachsenem Sohn bei M\u00fcnchen und ver\u00f6ffentlicht seit seinem Studium der Philologie und Psychologie Artikel sowie B\u00fccher \u2013 urspr\u00fcnglich Fachliteratur, sp\u00e4ter Humoriges, seit Neuestem packende Krimis. Seine Titel standen auf der SPIEGEL-Bestsellerliste. Daneben ist er wissenschaftlicher Dozent an einer Fachakademie in M\u00fcnchen.<\/strong><\/em><\/span><\/p>\n<hr \/>\n<p><a href=\"https:\/\/www.richteronweb.de\/wp-content\/uploads\/2024\/09\/71srIUcfi9L._AC_UY218_.jpg\"><img loading=\"lazy\" decoding=\"async\" class=\"alignnone size-full wp-image-25437\" src=\"https:\/\/www.richteronweb.de\/wp-content\/uploads\/2024\/09\/71srIUcfi9L._AC_UY218_.jpg\" alt=\"\" width=\"140\" height=\"218\" \/><\/a><\/p>\n<p><span style=\"color: #000000;\"><em><strong>Bad Nauheim 1958: Die beschauliche Kurstadt ist v\u00f6llig aus dem H\u00e4uschen, als Elvis Presley in der Villa Grunewald Einzug h\u00e4lt. Nur Elfriede Kunz, die Wirtin der Gastst\u00e4tte \u201eRheingold\u201c bleibt auf dem Teppich. Sie hat in ihrem bewegten Leben schon viele ber\u00fchmte Pers\u00f6nlichkeiten in ihrer Heimatstadt kommen und gehen sehen. Als jedoch unmittelbar vor ihrer Kneipe eine tote Frau in einem Cadillac gefunden wird, beginnt Elfi, sehr zum Unmut von Kriminalkommissar Freddy Graf, auf eigene Faust zu ermitteln.<\/strong><\/em><\/span><\/p>\n<ul>\n<li><span style=\"color: #000000;\"><em><strong><span class=\"a-list-item\"> <span class=\"a-text-bold\">Herausgeber \u200f : \u200e <\/span> Gmeiner-Verlag; 2024. Edition (13. M\u00e4rz 2024) <\/span><\/strong><\/em><\/span><\/li>\n<li><span style=\"color: #000000;\"><em><strong><span class=\"a-list-item\"> <span class=\"a-text-bold\">Sprache \u200f : \u200e <\/span> Deutsch <\/span><\/strong><\/em><\/span><\/li>\n<li><span style=\"color: #000000;\"><em><strong><span class=\"a-list-item\"> <span class=\"a-text-bold\">Broschiert \u200f : \u200e <\/span> 320 Seiten <\/span><\/strong><\/em><\/span><\/li>\n<li><span style=\"color: #000000;\"><em><strong><span class=\"a-list-item\"> <span class=\"a-text-bold\">ISBN-10 \u200f : \u200e <\/span> 3839205859 <\/span><\/strong><\/em><\/span><\/li>\n<li><span style=\"color: #000000;\"><em><span class=\"a-list-item\"><strong> <span class=\"a-text-bold\">ISBN-13 \u200f : \u200e <\/span> 978-3839205853<\/strong> <\/span><\/em><\/span><\/li>\n<\/ul>\n<p><a href=\"https:\/\/www.richteronweb.de\/wp-content\/uploads\/2024\/09\/neeb-ursula-103.jpg\"><img loading=\"lazy\" decoding=\"async\" class=\"alignnone size-medium wp-image-25439\" src=\"https:\/\/www.richteronweb.de\/wp-content\/uploads\/2024\/09\/neeb-ursula-103-225x300.jpg\" alt=\"\" width=\"225\" height=\"300\" srcset=\"https:\/\/www.richteronweb.de\/wp-content\/uploads\/2024\/09\/neeb-ursula-103-225x300.jpg 225w, https:\/\/www.richteronweb.de\/wp-content\/uploads\/2024\/09\/neeb-ursula-103.jpg 280w\" sizes=\"auto, (max-width: 225px) 100vw, 225px\" \/><\/a><\/p>\n<p><span style=\"color: #000000;\"><em><strong>Ursula Neeb wurde 1957 in Bad Nauheim geboren und studierte Geschichte, Kulturwissenschaft und Sozialpsychologie in Frankfurt am Main. Nachdem sie viele Jahre f\u00fcr das Deutsche Filmmuseum und die Frankfurter Allgemeine Zeitung t\u00e4tig war, lebt sie seit 2005 als freie Autorin im Taunus und ver\u00f6ffentlichte bereits zahlreiche historische Kriminalromane in renommierten Verlagen. Ihre Faszination f\u00fcr menschliche Abgr\u00fcnde und Alfred-Hitchcock-Klassiker inspiriert sie beim Schreiben ihrer psychologischen Spannungsromane. Ursula Neeb ist langj\u00e4hriges Mitglied des VS Verband deutscher Schriftstellerinnen und Schriftsteller und erhielt bereits mehrere Stipendien der Hessischen Kulturstiftung. Das Schreiben ist ihre gro\u00dfe Leidenschaft.<\/strong> <\/em><\/span><\/p>\n<div>\n<div class=\"a-cardui-content\" data-a-max-height=\"80\">\n<hr \/>\n<p>&nbsp;<\/p>\n<\/div>\n<\/div>\n","protected":false},"excerpt":{"rendered":"<p>Ich bekomme f\u00fcr ein ganzes Jahr jeden Monat zwei neue B\u00fccher vom Gmeiner-Verlag zugeschickt. Mittlerweile sind folgende Leseexemplare bei mir eingezogen: Die junge Ornella Ronchetti, Spross einer m\u00e4chtigen Olivenbauern-Dynastie, st\u00fcrzt vom Felsen der Burg Arco. Die Erkl\u00e4rung der Familie: Selbstmord. &hellip; <a href=\"https:\/\/www.richteronweb.de\/?p=25277\">Weiterlesen <span class=\"meta-nav\">&rarr;<\/span><\/a><\/p>\n","protected":false},"author":1,"featured_media":0,"comment_status":"open","ping_status":"open","sticky":false,"template":"","format":"standard","meta":{"_jetpack_memberships_contains_paid_content":false,"footnotes":""},"categories":[1],"tags":[],"class_list":["post-25277","post","type-post","status-publish","format-standard","hentry","category-lesebuch"],"jetpack_featured_media_url":"","jetpack_sharing_enabled":true,"_links":{"self":[{"href":"https:\/\/www.richteronweb.de\/index.php?rest_route=\/wp\/v2\/posts\/25277","targetHints":{"allow":["GET"]}}],"collection":[{"href":"https:\/\/www.richteronweb.de\/index.php?rest_route=\/wp\/v2\/posts"}],"about":[{"href":"https:\/\/www.richteronweb.de\/index.php?rest_route=\/wp\/v2\/types\/post"}],"author":[{"embeddable":true,"href":"https:\/\/www.richteronweb.de\/index.php?rest_route=\/wp\/v2\/users\/1"}],"replies":[{"embeddable":true,"href":"https:\/\/www.richteronweb.de\/index.php?rest_route=%2Fwp%2Fv2%2Fcomments&post=25277"}],"version-history":[{"count":5,"href":"https:\/\/www.richteronweb.de\/index.php?rest_route=\/wp\/v2\/posts\/25277\/revisions"}],"predecessor-version":[{"id":25440,"href":"https:\/\/www.richteronweb.de\/index.php?rest_route=\/wp\/v2\/posts\/25277\/revisions\/25440"}],"wp:attachment":[{"href":"https:\/\/www.richteronweb.de\/index.php?rest_route=%2Fwp%2Fv2%2Fmedia&parent=25277"}],"wp:term":[{"taxonomy":"category","embeddable":true,"href":"https:\/\/www.richteronweb.de\/index.php?rest_route=%2Fwp%2Fv2%2Fcategories&post=25277"},{"taxonomy":"post_tag","embeddable":true,"href":"https:\/\/www.richteronweb.de\/index.php?rest_route=%2Fwp%2Fv2%2Ftags&post=25277"}],"curies":[{"name":"wp","href":"https:\/\/api.w.org\/{rel}","templated":true}]}}