{"id":24943,"date":"2024-06-27T06:00:20","date_gmt":"2024-06-27T04:00:20","guid":{"rendered":"https:\/\/www.richteronweb.de\/?p=24943"},"modified":"2024-06-26T19:24:15","modified_gmt":"2024-06-26T17:24:15","slug":"kurzvorstellung-von-bloggerin-lesebuch-fuer-homer-2024","status":"publish","type":"post","link":"https:\/\/www.richteronweb.de\/?p=24943","title":{"rendered":"Kurzvorstellung von Bloggerin Lesebuch f\u00fcr HOMER 2024"},"content":{"rendered":"<p><a href=\"https:\/\/www.richteronweb.de\/wp-content\/uploads\/2024\/06\/447216802_7711755102250285_1268728954910753205_n.jpg\"><img loading=\"lazy\" decoding=\"async\" class=\"alignnone size-medium wp-image-24944\" src=\"https:\/\/www.richteronweb.de\/wp-content\/uploads\/2024\/06\/447216802_7711755102250285_1268728954910753205_n-300x300.jpg\" alt=\"\" width=\"300\" height=\"300\" srcset=\"https:\/\/www.richteronweb.de\/wp-content\/uploads\/2024\/06\/447216802_7711755102250285_1268728954910753205_n-300x300.jpg 300w, https:\/\/www.richteronweb.de\/wp-content\/uploads\/2024\/06\/447216802_7711755102250285_1268728954910753205_n-150x150.jpg 150w, https:\/\/www.richteronweb.de\/wp-content\/uploads\/2024\/06\/447216802_7711755102250285_1268728954910753205_n-88x88.jpg 88w, https:\/\/www.richteronweb.de\/wp-content\/uploads\/2024\/06\/447216802_7711755102250285_1268728954910753205_n.jpg 526w\" sizes=\"auto, (max-width: 300px) 100vw, 300px\" \/><\/a><\/p>\n<p><span style=\"color: #000000;\"><em><strong>Ich m\u00f6chte mich als Bloggerin f\u00fcr den HOMER zum dritten Mal in Folge vorstellen.<\/strong><\/em><\/span><\/p>\n<p><span style=\"color: #000000;\"><em><strong>Mein voller Name ist Alexandra und ich bin 1974 geboren. Lebe in B\u00fchlertal, das ist zwischen Rastatt und Offenburg. <\/strong><\/em><\/span><span style=\"color: #000000;\"><em><strong>Au\u00dferdem bin ich seit 25 Jahren verheiratet und dreifache Mutter.<br \/>\n<\/strong><\/em><\/span><br \/>\n<span style=\"color: #000000;\"><em><strong>Seit 2015 blogge ich auf unserer Hausbau-Homepage, ausschlie\u00dflich nur noch \u00fcber meine gelesenen B\u00fccher und andere Themen, wie Autoren-Interviews, Lesungen uvm&#8230; <\/strong><\/em><\/span><span style=\"color: #000000;\"><em><strong>Ich lese querbeet &#8211; also fast alles. <\/strong><\/em><\/span><span style=\"color: #000000;\"><em><strong>Am liebsten aber Krimis, Historische Literatur und nat\u00fcrlich Liebesromane. <\/strong><\/em><\/span><span style=\"color: #000000;\"><em><strong>Jugendb\u00fccher und Fantasie-Geschichten, sowie leichte Thriller verirren sich auch auf meinen Buchblog.<\/strong> <\/em><\/span><\/p>\n<p><span style=\"color: #000000;\"><em><strong>Ich \u00fcbernehme die Patenschaft f\u00fcr das historische Buch: &#8220;Die Toten\u00e4rztin &#8211; Schattenwalzer&#8221; von Rene Anour. Es ist der vierte und auch der letzte Band, dieser historischen Buchreihe \u00fcber die Toten\u00e4rztin Fanny Goldmann. Als ich als Bloggerin f\u00fcr Homer vor drei Jahren angefangen habe, begleitete ich Rene Anour schon mit seinen ersten beiden B\u00fccher aus dieser Buchreihe (Die Toten\u00e4rztin- Wiener Blut und Goldene Rache) und daher ist es f\u00fcr mich eine Ehre, ihn mit seinem letzten Band nochmal begleiten zu d\u00fcrfen. F\u00fcr den dritten Band &#8220;Die Toten\u00e4rztin-Donaunebel&#8221; bekam er letztes Jahr den GOLDENEN HOMER verliehen. <\/strong><\/em><\/span><\/p>\n<p><span style=\"color: #000000;\"><em><strong>Da wir schon einiges \u00fcber die B\u00fccher im allgemeinen erfahren haben und etwas \u00fcber den Autor wissen, werde ich euch die wichtigsten Protagonisten, aus meiner Sicht mit Bildern, vorstellen und euch zu einer kleinen H\u00f6rprobe einladen.\u00a0<\/strong> <\/em><\/span><\/p>\n<p><span style=\"color: #000000;\"><em><strong>Am 02. Juli 2024 werden wir dann mit der Vorstellungsreise der nominierten Kandidaten\/Innen aus der diesj\u00e4hrigen Shortlist bis zur Preisverleihung am 14. September 2024 in L\u00fcbeck, alle B\u00fccher und die Autoren\/Innen vorstellen. <\/strong><\/em><\/span><\/p>\n","protected":false},"excerpt":{"rendered":"<p>Ich m\u00f6chte mich als Bloggerin f\u00fcr den HOMER zum dritten Mal in Folge vorstellen. Mein voller Name ist Alexandra und ich bin 1974 geboren. Lebe in B\u00fchlertal, das ist zwischen Rastatt und Offenburg. Au\u00dferdem bin ich seit 25 Jahren verheiratet &hellip; <a href=\"https:\/\/www.richteronweb.de\/?p=24943\">Weiterlesen <span class=\"meta-nav\">&rarr;<\/span><\/a><\/p>\n","protected":false},"author":1,"featured_media":0,"comment_status":"open","ping_status":"open","sticky":false,"template":"","format":"standard","meta":{"_jetpack_memberships_contains_paid_content":false,"footnotes":""},"categories":[1],"tags":[],"class_list":["post-24943","post","type-post","status-publish","format-standard","hentry","category-lesebuch"],"jetpack_featured_media_url":"","jetpack_sharing_enabled":true,"_links":{"self":[{"href":"https:\/\/www.richteronweb.de\/index.php?rest_route=\/wp\/v2\/posts\/24943","targetHints":{"allow":["GET"]}}],"collection":[{"href":"https:\/\/www.richteronweb.de\/index.php?rest_route=\/wp\/v2\/posts"}],"about":[{"href":"https:\/\/www.richteronweb.de\/index.php?rest_route=\/wp\/v2\/types\/post"}],"author":[{"embeddable":true,"href":"https:\/\/www.richteronweb.de\/index.php?rest_route=\/wp\/v2\/users\/1"}],"replies":[{"embeddable":true,"href":"https:\/\/www.richteronweb.de\/index.php?rest_route=%2Fwp%2Fv2%2Fcomments&post=24943"}],"version-history":[{"count":8,"href":"https:\/\/www.richteronweb.de\/index.php?rest_route=\/wp\/v2\/posts\/24943\/revisions"}],"predecessor-version":[{"id":24956,"href":"https:\/\/www.richteronweb.de\/index.php?rest_route=\/wp\/v2\/posts\/24943\/revisions\/24956"}],"wp:attachment":[{"href":"https:\/\/www.richteronweb.de\/index.php?rest_route=%2Fwp%2Fv2%2Fmedia&parent=24943"}],"wp:term":[{"taxonomy":"category","embeddable":true,"href":"https:\/\/www.richteronweb.de\/index.php?rest_route=%2Fwp%2Fv2%2Fcategories&post=24943"},{"taxonomy":"post_tag","embeddable":true,"href":"https:\/\/www.richteronweb.de\/index.php?rest_route=%2Fwp%2Fv2%2Ftags&post=24943"}],"curies":[{"name":"wp","href":"https:\/\/api.w.org\/{rel}","templated":true}]}}