{"id":24868,"date":"2024-07-05T06:00:29","date_gmt":"2024-07-05T04:00:29","guid":{"rendered":"https:\/\/www.richteronweb.de\/?p=24868"},"modified":"2024-07-10T08:37:49","modified_gmt":"2024-07-10T06:37:49","slug":"blogger-fuer-homer-2024-protagonisten-vorstellung-und-hoerprobe-die-totenaerztin-von-rene-anour","status":"publish","type":"post","link":"https:\/\/www.richteronweb.de\/?p=24868","title":{"rendered":"Blogger f\u00fcr HOMER 2024 &#8211; Protagonisten Vorstellung und H\u00f6rprobe &#8211; &#8220;Die Toten\u00e4rztin&#8221; von Rene Anour &#8211; Teil 2"},"content":{"rendered":"<p><a href=\"https:\/\/www.richteronweb.de\/wp-content\/uploads\/2024\/07\/449751237_7855720391187088_2736499354999429960_n.jpg\"><img loading=\"lazy\" decoding=\"async\" class=\"alignnone size-medium wp-image-24994\" src=\"https:\/\/www.richteronweb.de\/wp-content\/uploads\/2024\/07\/449751237_7855720391187088_2736499354999429960_n-300x300.jpg\" alt=\"\" width=\"300\" height=\"300\" srcset=\"https:\/\/www.richteronweb.de\/wp-content\/uploads\/2024\/07\/449751237_7855720391187088_2736499354999429960_n-300x300.jpg 300w, https:\/\/www.richteronweb.de\/wp-content\/uploads\/2024\/07\/449751237_7855720391187088_2736499354999429960_n-150x150.jpg 150w, https:\/\/www.richteronweb.de\/wp-content\/uploads\/2024\/07\/449751237_7855720391187088_2736499354999429960_n-88x88.jpg 88w, https:\/\/www.richteronweb.de\/wp-content\/uploads\/2024\/07\/449751237_7855720391187088_2736499354999429960_n.jpg 526w\" sizes=\"auto, (max-width: 300px) 100vw, 300px\" \/><\/a><\/p>\n<p><span style=\"color: #000000;\"><em><strong>Ich darf euch die wichtigsten Protagonisten aus &#8220;Die Toten\u00e4rztin&#8221; von Rene Anour vorstellen. F\u00fcr mich waren die Protagonisten zu einer tollen Buchfamilie geworden. Der Autor hat wirklich beeindruckende Charakter geschaffen. Die Buchreihe wird mich noch ein wenig begleiten. Wir beginnen mit der Hauptperson und danach folgen weitere wichtige Nebendarsteller.\u00a0<\/strong> <\/em><\/span><\/p>\n<p><a href=\"https:\/\/www.richteronweb.de\/wp-content\/uploads\/2024\/06\/img-20240615-wa00027223330994954494123.jpg\"><img loading=\"lazy\" decoding=\"async\" class=\"alignnone size-medium wp-image-24862\" src=\"https:\/\/www.richteronweb.de\/wp-content\/uploads\/2024\/06\/img-20240615-wa00027223330994954494123-300x300.jpg\" alt=\"\" width=\"300\" height=\"300\" srcset=\"https:\/\/www.richteronweb.de\/wp-content\/uploads\/2024\/06\/img-20240615-wa00027223330994954494123-300x300.jpg 300w, https:\/\/www.richteronweb.de\/wp-content\/uploads\/2024\/06\/img-20240615-wa00027223330994954494123-700x700.jpg 700w, https:\/\/www.richteronweb.de\/wp-content\/uploads\/2024\/06\/img-20240615-wa00027223330994954494123-150x150.jpg 150w, https:\/\/www.richteronweb.de\/wp-content\/uploads\/2024\/06\/img-20240615-wa00027223330994954494123-768x768.jpg 768w, https:\/\/www.richteronweb.de\/wp-content\/uploads\/2024\/06\/img-20240615-wa00027223330994954494123-1536x1536.jpg 1536w, https:\/\/www.richteronweb.de\/wp-content\/uploads\/2024\/06\/img-20240615-wa00027223330994954494123-88x88.jpg 88w, https:\/\/www.richteronweb.de\/wp-content\/uploads\/2024\/06\/img-20240615-wa00027223330994954494123-900x900.jpg 900w, https:\/\/www.richteronweb.de\/wp-content\/uploads\/2024\/06\/img-20240615-wa00027223330994954494123-1280x1280.jpg 1280w, https:\/\/www.richteronweb.de\/wp-content\/uploads\/2024\/06\/img-20240615-wa00027223330994954494123.jpg 1600w\" sizes=\"auto, (max-width: 300px) 100vw, 300px\" \/><\/a><\/p>\n<p><span style=\"color: #000000;\"><em><strong>FANNY GOLDMANN, Toten\u00e4rztin<br \/>\n<\/strong><\/em><\/span><\/p>\n<p><span style=\"color: #000000;\"><em><strong><span style=\"color: #000000;\">Eine junge Frau um die 20 in Wien 1909, studierte Medizin und versucht sich in der Gerichtsmedizin, als Toten\u00e4rztin, einen Platz zu erarbeiten. Sie ist mutiviert, klug, wissbegierig und neugierig. Aber als Frau, anfang des 20. Jahrhunderts, hat sie es schwer sich beruflich als auch politisch zu pr\u00e4sentieren.<\/span> <\/strong><\/em><\/span><\/p>\n<p><span style=\"color: #000000;\"><em><strong>Die Rolle der Frau um 1900?<\/strong><\/em><\/span><br \/>\n<span style=\"color: #000000;\"><em><strong>Eine b\u00fcrgerliche Frau um 1900 stellt den Mittelpunkt ihrer Familie dar. Den Ehemann und die Kinder liebend zu umsorgen und selbstlos ihre eigenen Bed\u00fcrfnisse zur\u00fcck zustellen. Und diese zugeteilte soziale Rolle wurde weitestgehend akzeptiert.<\/strong><\/em><\/span><\/p>\n<p><span style=\"color: #000000;\"><em><strong>Was Frauen um 1900 durften?<\/strong><\/em><\/span><br \/>\n<span style=\"color: #000000;\"><em><strong>In seltenen F\u00e4llen durften Frauen selber Vertr\u00e4ge abschlie\u00dfen, meistens ein Vormund. M\u00e4dchen durften keine \u00f6ffentliche Schule besuchen, wurden eher zu Hause unterrichtet. Eine h\u00f6here Schule, wie die Universit\u00e4t zu besuchen, daran war gar nicht zu denken. Mit dem B\u00fcrgerlichen Gesetzbuchs ab 1900 verloren Frauen kurzzeitig auch ihre jeglichen politischen Rechte.<\/strong><\/em><\/span><\/p>\n<hr \/>\n<p><a href=\"https:\/\/www.richteronweb.de\/wp-content\/uploads\/2024\/06\/img-20240615-wa00036385975061738338990.jpg\"><img loading=\"lazy\" decoding=\"async\" class=\"alignnone size-medium wp-image-24861\" src=\"https:\/\/www.richteronweb.de\/wp-content\/uploads\/2024\/06\/img-20240615-wa00036385975061738338990-300x300.jpg\" alt=\"\" width=\"300\" height=\"300\" srcset=\"https:\/\/www.richteronweb.de\/wp-content\/uploads\/2024\/06\/img-20240615-wa00036385975061738338990-300x300.jpg 300w, https:\/\/www.richteronweb.de\/wp-content\/uploads\/2024\/06\/img-20240615-wa00036385975061738338990-700x700.jpg 700w, https:\/\/www.richteronweb.de\/wp-content\/uploads\/2024\/06\/img-20240615-wa00036385975061738338990-150x150.jpg 150w, https:\/\/www.richteronweb.de\/wp-content\/uploads\/2024\/06\/img-20240615-wa00036385975061738338990-768x768.jpg 768w, https:\/\/www.richteronweb.de\/wp-content\/uploads\/2024\/06\/img-20240615-wa00036385975061738338990-1536x1536.jpg 1536w, https:\/\/www.richteronweb.de\/wp-content\/uploads\/2024\/06\/img-20240615-wa00036385975061738338990-88x88.jpg 88w, https:\/\/www.richteronweb.de\/wp-content\/uploads\/2024\/06\/img-20240615-wa00036385975061738338990-900x900.jpg 900w, https:\/\/www.richteronweb.de\/wp-content\/uploads\/2024\/06\/img-20240615-wa00036385975061738338990-1280x1280.jpg 1280w, https:\/\/www.richteronweb.de\/wp-content\/uploads\/2024\/06\/img-20240615-wa00036385975061738338990.jpg 1600w\" sizes=\"auto, (max-width: 300px) 100vw, 300px\" \/><\/a><\/p>\n<p><em><strong>DR. FRANZ WILDER, Gerichtsmediziner, Fanny Goldmanns Kollege und Freund, der vielleicht noch etwas mehr f\u00fcr sie empfindet. Franz wirkt immer etwas vertr\u00e4umt kann aber auch grantig und ist Meister des schwarzen Humors, trotzdem liegen ihm seine Mitmenschen am Herzen. Lebt wie Fanny auch noch daheim und backt gerne Gugelhupf.<br \/>\n<\/strong><\/em><\/p>\n<hr \/>\n<p><a href=\"https:\/\/www.richteronweb.de\/wp-content\/uploads\/2024\/06\/img-20240615-wa00046013422428528610222.jpg\"><img loading=\"lazy\" decoding=\"async\" class=\"alignnone size-medium wp-image-24860\" src=\"https:\/\/www.richteronweb.de\/wp-content\/uploads\/2024\/06\/img-20240615-wa00046013422428528610222-300x300.jpg\" alt=\"\" width=\"300\" height=\"300\" srcset=\"https:\/\/www.richteronweb.de\/wp-content\/uploads\/2024\/06\/img-20240615-wa00046013422428528610222-300x300.jpg 300w, https:\/\/www.richteronweb.de\/wp-content\/uploads\/2024\/06\/img-20240615-wa00046013422428528610222-150x150.jpg 150w, https:\/\/www.richteronweb.de\/wp-content\/uploads\/2024\/06\/img-20240615-wa00046013422428528610222-88x88.jpg 88w, https:\/\/www.richteronweb.de\/wp-content\/uploads\/2024\/06\/img-20240615-wa00046013422428528610222.jpg 512w\" sizes=\"auto, (max-width: 300px) 100vw, 300px\" \/><\/a><\/p>\n<p dir=\"auto\"><span style=\"color: #000000;\"><em><strong>MAX aka \u201cBlaumeise\u201d f\u00fchrt Toten\u00e4rztin Fanny Goldmann in die Wiener Unterwelt, wo sie nach einem M\u00f6rder sucht. <\/strong><\/em><\/span><br \/>\n<em><strong><span style=\"color: #000000;\">Max wirkt immer ziemlich ernst, konzentriert, manchmal k\u00fchl. Und wird dann Fannys Verlobter.<\/span><br \/>\n<\/strong><\/em><\/p>\n<hr \/>\n<p dir=\"auto\"><a href=\"https:\/\/www.richteronweb.de\/wp-content\/uploads\/2024\/06\/img-20240615-wa00051426539029428635302.jpg\"><img loading=\"lazy\" decoding=\"async\" class=\"alignnone size-medium wp-image-24859\" src=\"https:\/\/www.richteronweb.de\/wp-content\/uploads\/2024\/06\/img-20240615-wa00051426539029428635302-300x300.jpg\" alt=\"\" width=\"300\" height=\"300\" srcset=\"https:\/\/www.richteronweb.de\/wp-content\/uploads\/2024\/06\/img-20240615-wa00051426539029428635302-300x300.jpg 300w, https:\/\/www.richteronweb.de\/wp-content\/uploads\/2024\/06\/img-20240615-wa00051426539029428635302-700x700.jpg 700w, https:\/\/www.richteronweb.de\/wp-content\/uploads\/2024\/06\/img-20240615-wa00051426539029428635302-150x150.jpg 150w, https:\/\/www.richteronweb.de\/wp-content\/uploads\/2024\/06\/img-20240615-wa00051426539029428635302-88x88.jpg 88w, https:\/\/www.richteronweb.de\/wp-content\/uploads\/2024\/06\/img-20240615-wa00051426539029428635302.jpg 768w\" sizes=\"auto, (max-width: 300px) 100vw, 300px\" \/><\/a><\/p>\n<p dir=\"auto\"><span style=\"color: #000000;\"><em><strong>SCHLOMO ist der Cousin der Titelheldin Fanny, Maskenbildner am Burgtheater und das schwarze Schaf der Familie Goldmann.<\/strong><\/em> <\/span><em><strong><span style=\"color: #000000;\">Er ist f\u00fcr die Wiener Zeit sehr modebewu\u00dft. Die m\u00e4nnlichen homosexuellen Menschen sind in meiner privaten Umgebung sehr charmant. Und Schlomo ist auch so einer, der aber auch deutlich von sozialen Normen abweicht, schon wegen seinem k\u00fcnstlerischen Beruf.<\/span><br \/>\n<\/strong><\/em><\/p>\n<hr \/>\n<p dir=\"auto\"><a href=\"https:\/\/www.richteronweb.de\/wp-content\/uploads\/2024\/06\/img-20240615-wa00069088704253561083276.jpg\"><img loading=\"lazy\" decoding=\"async\" class=\"alignnone size-medium wp-image-24857\" src=\"https:\/\/www.richteronweb.de\/wp-content\/uploads\/2024\/06\/img-20240615-wa00069088704253561083276-300x300.jpg\" alt=\"\" width=\"300\" height=\"300\" srcset=\"https:\/\/www.richteronweb.de\/wp-content\/uploads\/2024\/06\/img-20240615-wa00069088704253561083276-300x300.jpg 300w, https:\/\/www.richteronweb.de\/wp-content\/uploads\/2024\/06\/img-20240615-wa00069088704253561083276-700x700.jpg 700w, https:\/\/www.richteronweb.de\/wp-content\/uploads\/2024\/06\/img-20240615-wa00069088704253561083276-150x150.jpg 150w, https:\/\/www.richteronweb.de\/wp-content\/uploads\/2024\/06\/img-20240615-wa00069088704253561083276-88x88.jpg 88w, https:\/\/www.richteronweb.de\/wp-content\/uploads\/2024\/06\/img-20240615-wa00069088704253561083276.jpg 768w\" sizes=\"auto, (max-width: 300px) 100vw, 300px\" \/><\/a><\/p>\n<p dir=\"auto\"><em><strong>Hier habt ihr dann noch Fanny Goldmanns beste Freundin TILDE, warmherzig und leutselig brennt sie f\u00fcr das Theater und ist fast pathologisch furchtlos. Sie m\u00f6chte am liebsten am Theater auch arbeiten und bekommt durch Schlomos Kontakte die M\u00f6glichkeit sich zu bewerten.<br \/>\n<\/strong><\/em><\/p>\n<hr \/>\n<p><a href=\"https:\/\/www.richteronweb.de\/wp-content\/uploads\/2024\/06\/img-20240615-wa00094329369045732708785.jpg\"><img loading=\"lazy\" decoding=\"async\" class=\"alignnone size-medium wp-image-24888\" src=\"https:\/\/www.richteronweb.de\/wp-content\/uploads\/2024\/06\/img-20240615-wa00094329369045732708785-300x300.jpg\" alt=\"\" width=\"300\" height=\"300\" srcset=\"https:\/\/www.richteronweb.de\/wp-content\/uploads\/2024\/06\/img-20240615-wa00094329369045732708785-300x300.jpg 300w, https:\/\/www.richteronweb.de\/wp-content\/uploads\/2024\/06\/img-20240615-wa00094329369045732708785-700x700.jpg 700w, https:\/\/www.richteronweb.de\/wp-content\/uploads\/2024\/06\/img-20240615-wa00094329369045732708785-150x150.jpg 150w, https:\/\/www.richteronweb.de\/wp-content\/uploads\/2024\/06\/img-20240615-wa00094329369045732708785-768x768.jpg 768w, https:\/\/www.richteronweb.de\/wp-content\/uploads\/2024\/06\/img-20240615-wa00094329369045732708785-1536x1536.jpg 1536w, https:\/\/www.richteronweb.de\/wp-content\/uploads\/2024\/06\/img-20240615-wa00094329369045732708785-88x88.jpg 88w, https:\/\/www.richteronweb.de\/wp-content\/uploads\/2024\/06\/img-20240615-wa00094329369045732708785-900x900.jpg 900w, https:\/\/www.richteronweb.de\/wp-content\/uploads\/2024\/06\/img-20240615-wa00094329369045732708785-1280x1280.jpg 1280w, https:\/\/www.richteronweb.de\/wp-content\/uploads\/2024\/06\/img-20240615-wa00094329369045732708785.jpg 2000w\" sizes=\"auto, (max-width: 300px) 100vw, 300px\" \/><\/a><\/p>\n<p><span style=\"color: #000000;\"><em><strong>GRAF MAGNUS VON WAIDRING, ist das gr\u00f6\u00dfte kriminelle Genie von Wien, und trotzdem hat er so etwas wie ein ehrliches Gewissen, wenn es drauf ankommt. Wenn Mitmenschen sich in seinem Umfeld bewerten, achtet er sie auch. Fanny hat ihm schon ihre Stirn mehrmals geboten und lie\u00df sich bis jetzt von ihm auch nichts gefallen und das imponiert Graf von Waidring seitdem. Ich finde ihn hier sehr gut getroffen.<br \/>\n<\/strong><\/em><\/span><\/p>\n<hr \/>\n<p dir=\"auto\"><span style=\"color: #000000;\"><em><strong>H\u00f6rprobe zu &#8220;Die Toten\u00e4rztin &#8211; Schattenwalzer&#8221;\u00a0 Band 4 von Rene Anour vorgelesen von Alexandra Richter<\/strong><\/em><\/span><\/p>\n<audio class=\"wp-audio-shortcode\" id=\"audio-24868-1\" preload=\"none\" style=\"width: 100%;\" controls=\"controls\"><source type=\"audio\/mpeg\" src=\"https:\/\/www.richteronweb.de\/wp-content\/uploads\/2024\/07\/Die-Totenaerztin_final.mp3?_=1\" \/><a href=\"https:\/\/www.richteronweb.de\/wp-content\/uploads\/2024\/07\/Die-Totenaerztin_final.mp3\">https:\/\/www.richteronweb.de\/wp-content\/uploads\/2024\/07\/Die-Totenaerztin_final.mp3<\/a><\/audio>\n<hr \/>\n<p><span style=\"color: #000000;\"><em><strong>Besuchen k\u00f6nnt ihr den Autor hier im Internet:<\/strong><\/em><\/span><br \/>\n<span style=\"color: #000000;\"><em><strong><a style=\"color: #000000;\" href=\"https:\/\/www.reneanour.com\/\">https:\/\/www.reneanour.com\/<\/a><\/strong><\/em><\/span><br \/>\n<span style=\"color: #000000;\"><em><strong><a style=\"color: #000000;\" href=\"https:\/\/www.facebook.com\/Anournovels\">https:\/\/www.facebook.com\/Anournovels<\/a><\/strong><\/em><\/span><br \/>\n<a href=\"https:\/\/www.instagram.com\/reneanour_autor\"><span style=\"color: #000000;\"><em><strong>https:\/\/www.instagram.com\/reneanour_autor<\/strong><\/em><\/span><\/a><\/p>\n<p><span style=\"color: #000000;\"><em><strong>#bloggerf\u00fcrhomer2024<\/strong><\/em><\/span><br \/>\n<span style=\"color: #000000;\"><em><strong>#literaturpreis<\/strong><\/em><\/span><br \/>\n<span style=\"color: #000000;\"><em><strong>#homer2024<\/strong><\/em><\/span><br \/>\n<span style=\"color: #000000;\"><em><strong>#rowohltverlag<\/strong><\/em><\/span><\/p>\n","protected":false},"excerpt":{"rendered":"<p>Ich darf euch die wichtigsten Protagonisten aus &#8220;Die Toten\u00e4rztin&#8221; von Rene Anour vorstellen. F\u00fcr mich waren die Protagonisten zu einer tollen Buchfamilie geworden. Der Autor hat wirklich beeindruckende Charakter geschaffen. Die Buchreihe wird mich noch ein wenig begleiten. Wir beginnen &hellip; <a href=\"https:\/\/www.richteronweb.de\/?p=24868\">Weiterlesen <span class=\"meta-nav\">&rarr;<\/span><\/a><\/p>\n","protected":false},"author":1,"featured_media":0,"comment_status":"open","ping_status":"open","sticky":false,"template":"","format":"standard","meta":{"_jetpack_memberships_contains_paid_content":false,"footnotes":""},"categories":[1],"tags":[],"class_list":["post-24868","post","type-post","status-publish","format-standard","hentry","category-lesebuch"],"jetpack_featured_media_url":"","jetpack_sharing_enabled":true,"_links":{"self":[{"href":"https:\/\/www.richteronweb.de\/index.php?rest_route=\/wp\/v2\/posts\/24868","targetHints":{"allow":["GET"]}}],"collection":[{"href":"https:\/\/www.richteronweb.de\/index.php?rest_route=\/wp\/v2\/posts"}],"about":[{"href":"https:\/\/www.richteronweb.de\/index.php?rest_route=\/wp\/v2\/types\/post"}],"author":[{"embeddable":true,"href":"https:\/\/www.richteronweb.de\/index.php?rest_route=\/wp\/v2\/users\/1"}],"replies":[{"embeddable":true,"href":"https:\/\/www.richteronweb.de\/index.php?rest_route=%2Fwp%2Fv2%2Fcomments&post=24868"}],"version-history":[{"count":24,"href":"https:\/\/www.richteronweb.de\/index.php?rest_route=\/wp\/v2\/posts\/24868\/revisions"}],"predecessor-version":[{"id":25018,"href":"https:\/\/www.richteronweb.de\/index.php?rest_route=\/wp\/v2\/posts\/24868\/revisions\/25018"}],"wp:attachment":[{"href":"https:\/\/www.richteronweb.de\/index.php?rest_route=%2Fwp%2Fv2%2Fmedia&parent=24868"}],"wp:term":[{"taxonomy":"category","embeddable":true,"href":"https:\/\/www.richteronweb.de\/index.php?rest_route=%2Fwp%2Fv2%2Fcategories&post=24868"},{"taxonomy":"post_tag","embeddable":true,"href":"https:\/\/www.richteronweb.de\/index.php?rest_route=%2Fwp%2Fv2%2Ftags&post=24868"}],"curies":[{"name":"wp","href":"https:\/\/api.w.org\/{rel}","templated":true}]}}