{"id":24641,"date":"2024-04-23T12:04:06","date_gmt":"2024-04-23T10:04:06","guid":{"rendered":"https:\/\/www.richteronweb.de\/?p=24641"},"modified":"2024-04-23T12:04:06","modified_gmt":"2024-04-23T10:04:06","slug":"interview-mit-isabella-archan","status":"publish","type":"post","link":"https:\/\/www.richteronweb.de\/?p=24641","title":{"rendered":"Interview mit Isabella Archan"},"content":{"rendered":"<p><span style=\"color: #000000;\"><strong><em>\u273d\u2022*\u00a8*\u2022<\/em><\/strong><strong><em>\u0e51<\/em><\/strong><strong><em>\u273f<\/em><\/strong><strong><em>\u0e51<\/em><\/strong><strong><em>\u2605 <\/em><\/strong><strong><em>Autoreninterview <\/em><\/strong><strong><em>\u2605<\/em><\/strong><strong><em>\u0e51<\/em><\/strong><strong><em>\u273f<\/em><\/strong><strong><em>\u0e51\u2022*\u00a8*\u2022<\/em><\/strong><strong><em>\u273d<\/em><\/strong><\/span><\/p>\n<p><span style=\"color: #000000;\"><strong><em>1.Wer ist Isabella Archan? Magst du dich mal vorstellen?<br \/>\n<\/em><\/strong><\/span><\/p>\n<p><a href=\"https:\/\/www.richteronweb.de\/wp-content\/uploads\/2024\/04\/Isabella-Archan_Und-taeglich-gruesst-die-MoerderMitzi-scaled.jpg\"><img loading=\"lazy\" decoding=\"async\" class=\"alignnone size-medium wp-image-24662\" src=\"https:\/\/www.richteronweb.de\/wp-content\/uploads\/2024\/04\/Isabella-Archan_Und-taeglich-gruesst-die-MoerderMitzi-242x300.jpg\" alt=\"\" width=\"242\" height=\"300\" srcset=\"https:\/\/www.richteronweb.de\/wp-content\/uploads\/2024\/04\/Isabella-Archan_Und-taeglich-gruesst-die-MoerderMitzi-242x300.jpg 242w, https:\/\/www.richteronweb.de\/wp-content\/uploads\/2024\/04\/Isabella-Archan_Und-taeglich-gruesst-die-MoerderMitzi-700x868.jpg 700w, https:\/\/www.richteronweb.de\/wp-content\/uploads\/2024\/04\/Isabella-Archan_Und-taeglich-gruesst-die-MoerderMitzi-768x953.jpg 768w, https:\/\/www.richteronweb.de\/wp-content\/uploads\/2024\/04\/Isabella-Archan_Und-taeglich-gruesst-die-MoerderMitzi-1238x1536.jpg 1238w, https:\/\/www.richteronweb.de\/wp-content\/uploads\/2024\/04\/Isabella-Archan_Und-taeglich-gruesst-die-MoerderMitzi-1651x2048.jpg 1651w, https:\/\/www.richteronweb.de\/wp-content\/uploads\/2024\/04\/Isabella-Archan_Und-taeglich-gruesst-die-MoerderMitzi-900x1116.jpg 900w, https:\/\/www.richteronweb.de\/wp-content\/uploads\/2024\/04\/Isabella-Archan_Und-taeglich-gruesst-die-MoerderMitzi-1280x1588.jpg 1280w\" sizes=\"auto, (max-width: 242px) 100vw, 242px\" \/><\/a><\/p>\n<p><span style=\"color: #000000;\"><em><strong>Ich bin in Graz (\u00d6sterreich) geboren und aufgewachsen, bin Schauspielerin und Krimiautorin und lebe zurzeit in K\u00f6ln. Das Theater spielen und das Schreiben verbinde ich bei meinen MordsTheaterLesungen, die ich zu jedem meiner Krimis darbiete. Eine perfekte Mischung, die mir und dem Publikum immer gro\u00dfen Spa\u00df macht.<\/strong><\/em><\/span><\/p>\n<p><span style=\"color: #000000;\"><em><strong>Das Foto anbei ist zusammen mit meinem aktuellen Krimi \u201eUnd t\u00e4glich gr\u00fc\u00dft die M\u00f6rderMitzi\u201c aufgenommen. Die M\u00f6rderMitzi-Reihe mag ich besonders gerne. (Wobei ich ohnehin alle meine Charaktere liebe \u2013 auch die \u201eB\u00f6sen\u201c)<\/strong><\/em><\/span><\/p>\n<p><span style=\"color: #000000;\"><strong><em>2. Die wohl meistgestellte Frage: Wie bist du zum Schreiben gekommen?<\/em><\/strong><\/span><\/p>\n<p><span style=\"color: #000000;\"><em><strong>Nach vielen Jahren in Festengagements an verschiedenen Theatern, hat es mich freiberuflich nach K\u00f6ln gezogen. Und dort habe ich mit Kurzgeschichten begonnen, an deren Ende es immer einen Mord gab. Sp\u00e4testens an dem Punkt war klar, dass ich zum Krimi tendiere. Und 2014 erschien mein erster Kriminalroman \u201eHelene geht baden\u201c. Zurzeit schreibe ich am 18.! Ich kann es manchmal kaum glauben, wie wunderbar es l\u00e4uft.<\/strong><\/em><\/span><\/p>\n<p><span style=\"color: #000000;\"><em><strong>3<\/strong><\/em>.<strong><em> Wie lange, hast du immer an einem deiner B\u00fccher gearbeitet? Was ist das Beste und was ist das schlimmste am Schreiben?<\/em><\/strong><\/span><\/p>\n<p><span style=\"color: #000000;\"><em><strong>F\u00fcr die erste Fassung brauche ich ungef\u00e4hr ein halbes Jahr. Danach kommen die \u00dcberarbeitungen, gefolgt vom Lektorat mit einigen weiteren Durchg\u00e4ngen. Bis das Buch in der Buchhandlung steht, vergeht ein gutes ganzes Jahr.<br \/>\nDas Beste am Schreiben ist diese \u201eMagie\u201c, wenn die Figuren, die ich kreiere, ein Eigenleben entwickeln und mir ihre W\u00fcnsche mitteilen &#8211; Und ich finde, es gibt nichts Schlimmes am Schreiben. Wenn ich zwischendrin einmal stocke, gehe ich spazieren und l\u00fcfte den Kopf aus. Dann flie\u00dft es wieder.<\/strong><\/em><\/span><\/p>\n<p><span style=\"color: #000000;\"><strong><em>4. Warum schreibst du noch unter einem anderen Namen B\u00fccher? Liegt das vielleicht am Genre?<br \/>\n<\/em><\/strong><\/span><\/p>\n<p><span style=\"color: #000000;\"><em><strong>Genau. Nach all den Krimis wurde ich gefragt, ob ich nicht einmal einen Liebesroman versuchen m\u00f6chte. Habe ich super gerne getan, aber, damit es keine Verwechslungen mit den Krimis gibt, findet man mich unter \u201eJette Jacobson\u201c bei den Liebesgeschichten \u2013 \u201eDas Gl\u00fcck ist nur eine Insel entfernt\u201c. 2025, das darf ich verraten, erscheint schon der zweite, der wieder auf der wundersch\u00f6nen Insel Amrum spielt.<\/strong><\/em><\/span><\/p>\n<p><span style=\"color: #000000;\"><strong><em>5. Was machst du hinterher, wenn das Buch beendet und ver\u00f6ffentlicht ist? St\u00fcrzt du dich gleich in den n\u00e4chsten Schreibmarathon?<\/em><\/strong><\/span><\/p>\n<p><span style=\"color: #000000;\"><em><strong>So ist es. Ein Projekt ist beendet und das n\u00e4chste wartet schon auf mich. Das hei\u00dft, die Freude geht einfach weiter\u2026<\/strong><\/em><\/span><\/p>\n<p><span style=\"color: #000000;\"><strong><em>6. Was ist bis jetzt der Sch\u00f6nste Moment in deiner bisherigen Zeit als Autorin gewesen? <\/em><\/strong><\/span><\/p>\n<p><span style=\"color: #000000;\"><em><strong>Das erste Mal, als ich mein Buch in einer Buchhandlung als Lesetipp ganz vorne entdeckt habe.<\/strong> <\/em><\/span><\/p>\n<p><span style=\"color: #000000;\"><strong><em>7. Ist dir Kritik von deinen Lesern wichtig und wie gehst du damit um?<br \/>\n<\/em><\/strong><\/span><\/p>\n<p><span style=\"color: #000000;\"><em><strong>Wenn die Kritik mir hilft, bin ich froh dar\u00fcber und nehme sie an. Wenn mich jemand blo\u00df \u00e4rgern m\u00f6chte, ignoriere ich das. <\/strong><\/em><\/span><\/p>\n<p><span style=\"color: #000000;\"><strong><em>8. Welches von den folgenden Fragen, trifft eher auf dich zu?<\/em><\/strong><\/span><\/p>\n<p><span style=\"color: #000000;\"><strong>Kaffee oder Tee? \u2013 Kaffee<\/strong><\/span><br \/>\n<span style=\"color: #000000;\"><strong>Sommer oder Winter? \u2013 Sommer<\/strong><\/span><br \/>\n<span style=\"color: #000000;\"><strong>Gut oder B\u00f6se? \u2013 Das Gute, hinter dem sich das B\u00f6se versteckt!<\/strong><\/span><br \/>\n<span style=\"color: #000000;\"><strong>S\u00fc\u00df oder Sauer? \u2013\u00a0 Sauer<\/strong><\/span><br \/>\n<span style=\"color: #000000;\"><strong>Print oder Ebook? \u2013 Print <\/strong><\/span><br \/>\n<span style=\"color: #000000;\"><strong>Film oder Buch? \u2013 Beides<\/strong><\/span><br \/>\n<span style=\"color: #000000;\"><strong>Fernsehen oder Lesen? \u2013 Beides<br \/>\n<\/strong><\/span><\/p>\n<p><span style=\"color: #000000;\"><strong><em>9. Das, was du schon in deinem Leben erreicht hast, ist es das was du wolltest? Was w\u00fcrdest du vielleicht auch \u00e4ndern wollen?<\/em><\/strong><\/span><\/p>\n<p><span style=\"color: #000000;\"><em><strong>Alles, was ich in meinem Leben erreicht habe, ist zuf\u00e4llig zu mir gekommen. Auf ganz wunderbare Art und Weise. Und es hat immer gepasst. \u00c4ndern w\u00fcrde ich nichts, sondern mich auf das kommende Unbekannte freuen.<\/strong><\/em><\/span><\/p>\n<p><span style=\"color: #000000;\"><strong><em>10. Und nun w\u00fcrden wir gerne deinen Arbeitsplatz bestaunen, falls du einen hast, vielleicht mit einem Foto?<br \/>\n<\/em><\/strong><\/span><\/p>\n<p><a href=\"https:\/\/www.richteronweb.de\/wp-content\/uploads\/2024\/04\/Arbeitsplatz.jpg\"><img loading=\"lazy\" decoding=\"async\" class=\"alignnone size-medium wp-image-24663\" src=\"https:\/\/www.richteronweb.de\/wp-content\/uploads\/2024\/04\/Arbeitsplatz-300x180.jpg\" alt=\"\" width=\"300\" height=\"180\" srcset=\"https:\/\/www.richteronweb.de\/wp-content\/uploads\/2024\/04\/Arbeitsplatz-300x180.jpg 300w, https:\/\/www.richteronweb.de\/wp-content\/uploads\/2024\/04\/Arbeitsplatz-700x420.jpg 700w, https:\/\/www.richteronweb.de\/wp-content\/uploads\/2024\/04\/Arbeitsplatz-768x461.jpg 768w, https:\/\/www.richteronweb.de\/wp-content\/uploads\/2024\/04\/Arbeitsplatz-900x540.jpg 900w, https:\/\/www.richteronweb.de\/wp-content\/uploads\/2024\/04\/Arbeitsplatz.jpg 1280w\" sizes=\"auto, (max-width: 300px) 100vw, 300px\" \/><\/a><\/p>\n<p><span style=\"color: #000000;\"><em><strong>Ich gebe ein Foto anbei. Mein Schreibtisch hat eine Aussicht in einen Garten. Dort liebe ich es zu schreiben. In den warmen Monaten sitze ich auf dem Balkon.<\/strong><\/em><\/span><\/p>\n","protected":false},"excerpt":{"rendered":"<p>\u273d\u2022*\u00a8*\u2022\u0e51\u273f\u0e51\u2605 Autoreninterview \u2605\u0e51\u273f\u0e51\u2022*\u00a8*\u2022\u273d 1.Wer ist Isabella Archan? Magst du dich mal vorstellen? Ich bin in Graz (\u00d6sterreich) geboren und aufgewachsen, bin Schauspielerin und Krimiautorin und lebe zurzeit in K\u00f6ln. Das Theater spielen und das Schreiben verbinde ich bei meinen MordsTheaterLesungen, &hellip; <a href=\"https:\/\/www.richteronweb.de\/?p=24641\">Weiterlesen <span class=\"meta-nav\">&rarr;<\/span><\/a><\/p>\n","protected":false},"author":1,"featured_media":0,"comment_status":"open","ping_status":"open","sticky":false,"template":"","format":"standard","meta":{"_jetpack_memberships_contains_paid_content":false,"footnotes":""},"categories":[1],"tags":[],"class_list":["post-24641","post","type-post","status-publish","format-standard","hentry","category-lesebuch"],"jetpack_featured_media_url":"","jetpack_sharing_enabled":true,"_links":{"self":[{"href":"https:\/\/www.richteronweb.de\/index.php?rest_route=\/wp\/v2\/posts\/24641","targetHints":{"allow":["GET"]}}],"collection":[{"href":"https:\/\/www.richteronweb.de\/index.php?rest_route=\/wp\/v2\/posts"}],"about":[{"href":"https:\/\/www.richteronweb.de\/index.php?rest_route=\/wp\/v2\/types\/post"}],"author":[{"embeddable":true,"href":"https:\/\/www.richteronweb.de\/index.php?rest_route=\/wp\/v2\/users\/1"}],"replies":[{"embeddable":true,"href":"https:\/\/www.richteronweb.de\/index.php?rest_route=%2Fwp%2Fv2%2Fcomments&post=24641"}],"version-history":[{"count":3,"href":"https:\/\/www.richteronweb.de\/index.php?rest_route=\/wp\/v2\/posts\/24641\/revisions"}],"predecessor-version":[{"id":24664,"href":"https:\/\/www.richteronweb.de\/index.php?rest_route=\/wp\/v2\/posts\/24641\/revisions\/24664"}],"wp:attachment":[{"href":"https:\/\/www.richteronweb.de\/index.php?rest_route=%2Fwp%2Fv2%2Fmedia&parent=24641"}],"wp:term":[{"taxonomy":"category","embeddable":true,"href":"https:\/\/www.richteronweb.de\/index.php?rest_route=%2Fwp%2Fv2%2Fcategories&post=24641"},{"taxonomy":"post_tag","embeddable":true,"href":"https:\/\/www.richteronweb.de\/index.php?rest_route=%2Fwp%2Fv2%2Ftags&post=24641"}],"curies":[{"name":"wp","href":"https:\/\/api.w.org\/{rel}","templated":true}]}}