{"id":24612,"date":"2024-04-20T08:14:03","date_gmt":"2024-04-20T06:14:03","guid":{"rendered":"https:\/\/www.richteronweb.de\/?p=24612"},"modified":"2024-04-20T08:14:03","modified_gmt":"2024-04-20T06:14:03","slug":"gmeiner-verlags-weihnachtsgewinnspiel-gewonnen-2","status":"publish","type":"post","link":"https:\/\/www.richteronweb.de\/?p=24612","title":{"rendered":"Gmeiner Verlags-Weihnachtsgewinnspiel gewonnen!"},"content":{"rendered":"<p><span style=\"color: #000000;\"><em><strong>Ich bekomme f\u00fcr ein ganzes Jahr jeden Monat zwei neue B\u00fccher vom Gmeiner-Verlag zugeschickt. F\u00fcr den Monat Februar und M\u00e4rz sind folgende Leseexemplare bei mir eingezogen:<\/strong><\/em><\/span><\/p>\n<p><a href=\"https:\/\/www.richteronweb.de\/wp-content\/uploads\/2024\/04\/91hCri-QlOL._AC_UY218_.jpg\"><img loading=\"lazy\" decoding=\"async\" class=\"alignnone size-full wp-image-24613\" src=\"https:\/\/www.richteronweb.de\/wp-content\/uploads\/2024\/04\/91hCri-QlOL._AC_UY218_.jpg\" alt=\"\" width=\"133\" height=\"218\" \/><\/a><\/p>\n<p><span style=\"color: #000000;\"><em><strong>Ein lauschiger Abend im Biergarten. Die Abendzeitung wird an den Tisch gebracht, an dem Franz Wurmdobler mit seinen besten Freunden und Kollegen eine kleine Feier wegen seiner bevorstehenden Pensionierung ausrichtet. Der Aufmacher der Zeitung: Franz soll in jungen Jahren ein M\u00e4dchen vergewaltigt haben. Max Raintaler und sein Kollege Bernd M\u00fcller glauben nicht an Franz\u2018 Schuld und nehmen die Ermittlungen auf. Dabei geraten sie in einen Strudel von Mord und L\u00fcgen in der Welt der Sch\u00f6nen und Reichen. Es wird gef\u00e4hrlich!<\/strong><\/em><\/span><\/p>\n<ul>\n<li><span style=\"color: #000000;\"><em><strong><span class=\"a-list-item\"> <span class=\"a-text-bold\">Herausgeber \u200f : \u200e <\/span> Gmeiner-Verlag; 2024. Edition (13. M\u00e4rz 2024) <\/span><\/strong><\/em><\/span><\/li>\n<li><span style=\"color: #000000;\"><em><strong><span class=\"a-list-item\"> <span class=\"a-text-bold\">Sprache \u200f : \u200e <\/span> Deutsch <\/span><\/strong><\/em><\/span><\/li>\n<li><span style=\"color: #000000;\"><em><strong><span class=\"a-list-item\"> <span class=\"a-text-bold\">Taschenbuch \u200f : \u200e <\/span> 281 Seiten <\/span><\/strong><\/em><\/span><\/li>\n<li><span style=\"color: #000000;\"><em><strong><span class=\"a-list-item\"> <span class=\"a-text-bold\">ISBN-10 \u200f : \u200e <\/span> 3839206111 <\/span><\/strong><\/em><\/span><\/li>\n<li><span style=\"color: #000000;\"><em><span class=\"a-list-item\"><strong> <span class=\"a-text-bold\">ISBN-13 \u200f : \u200e <\/span> 978-3839206119<\/strong> <\/span><\/em><\/span><\/li>\n<\/ul>\n<p><a href=\"https:\/\/www.richteronweb.de\/wp-content\/uploads\/2024\/04\/17i3e4nv2b50avl2d036p271oc._SX450_CR00450450_.jpg\"><img loading=\"lazy\" decoding=\"async\" class=\"alignnone size-medium wp-image-24614\" src=\"https:\/\/www.richteronweb.de\/wp-content\/uploads\/2024\/04\/17i3e4nv2b50avl2d036p271oc._SX450_CR00450450_-300x300.jpg\" alt=\"\" width=\"300\" height=\"300\" srcset=\"https:\/\/www.richteronweb.de\/wp-content\/uploads\/2024\/04\/17i3e4nv2b50avl2d036p271oc._SX450_CR00450450_-300x300.jpg 300w, https:\/\/www.richteronweb.de\/wp-content\/uploads\/2024\/04\/17i3e4nv2b50avl2d036p271oc._SX450_CR00450450_-150x150.jpg 150w, https:\/\/www.richteronweb.de\/wp-content\/uploads\/2024\/04\/17i3e4nv2b50avl2d036p271oc._SX450_CR00450450_-88x88.jpg 88w, https:\/\/www.richteronweb.de\/wp-content\/uploads\/2024\/04\/17i3e4nv2b50avl2d036p271oc._SX450_CR00450450_.jpg 450w\" sizes=\"auto, (max-width: 300px) 100vw, 300px\" \/><\/a><\/p>\n<p><span style=\"color: #000000;\"><em><strong>Michael Gerwien lebt in M\u00fcnchen. Er schreibt dort Thriller, Krimis, Kurzgeschichten und Romane. Nachdem er zumeist den Focus auf das Geschehen in der bayrischen und \u00f6sterreichischen Region und M\u00fcnchen legt, ist er in seinen Thrillern auch bei weiterreichenden Spielorten seiner Romane angelangt. So zum Beispiel Portugal, die USA oder Mexiko.<\/strong><\/em><\/span><\/p>\n<hr \/>\n<p><a href=\"https:\/\/www.richteronweb.de\/wp-content\/uploads\/2024\/04\/81lNA16uJaL._AC_UY218_.jpg\"><img loading=\"lazy\" decoding=\"async\" class=\"alignnone size-full wp-image-24616\" src=\"https:\/\/www.richteronweb.de\/wp-content\/uploads\/2024\/04\/81lNA16uJaL._AC_UY218_.jpg\" alt=\"\" width=\"133\" height=\"218\" \/><\/a><\/p>\n<p><span style=\"color: #000000;\"><em><strong>Der kleine Pferdehof ihrer Gro\u00dfmutter war f\u00fcr Lara der Lieblingsort ihrer Kindheit. 19 Jahre lang hatte sie nach einem Familienstreit keinen Fu\u00df mehr auf das Anwesen gesetzt, als der Brief vom Notar eintrifft. Ihre Gro\u00dfmutter hat ihr den zauberhaften Reetdachhof hinterm Deich vermacht. Mit der Absicht, das Anwesen schnellstm\u00f6glich zu verkaufen, reist Lara in den Norden. Aber es gibt einen weiteren Erben &#8211; den Pferdetrainer Andr\u00e9 &#8211; und der hat ganz andere Pl\u00e4ne. Es stellt sich heraus: Nur wenn sie das Gest\u00fct ein Jahr lang gemeinsam f\u00fchren, k\u00f6nnen sie den Hof und die Pferde retten \u2026<\/strong><\/em><\/span><\/p>\n<ul>\n<li><span style=\"color: #000000;\"><em><strong><span class=\"a-list-item\"> <span class=\"a-text-bold\">Herausgeber \u200f : \u200e <\/span> Gmeiner-Verlag; 2024. Edition (13. M\u00e4rz 2024) <\/span><\/strong><\/em><\/span><\/li>\n<li><span style=\"color: #000000;\"><em><strong><span class=\"a-list-item\"> <span class=\"a-text-bold\">Sprache \u200f : \u200e <\/span> Deutsch <\/span><\/strong><\/em><\/span><\/li>\n<li><span style=\"color: #000000;\"><em><strong><span class=\"a-list-item\"> <span class=\"a-text-bold\">Taschenbuch \u200f : \u200e <\/span> 283 Seiten <\/span><\/strong><\/em><\/span><\/li>\n<li><span style=\"color: #000000;\"><em><strong><span class=\"a-list-item\"> <span class=\"a-text-bold\">ISBN-10 \u200f : \u200e <\/span> 3839205735 <\/span><\/strong><\/em><\/span><\/li>\n<li><span style=\"color: #000000;\"><em><span class=\"a-list-item\"><strong> <span class=\"a-text-bold\">ISBN-13 \u200f : \u200e <\/span> 978-3839205730<\/strong> <\/span><\/em><\/span><\/li>\n<\/ul>\n<p><a href=\"https:\/\/www.richteronweb.de\/wp-content\/uploads\/2024\/04\/sma8aogj1m1ge24jp1kkh1u20v._SX300_CR00300300_.jpg\"><img loading=\"lazy\" decoding=\"async\" class=\"alignnone size-full wp-image-24617\" src=\"https:\/\/www.richteronweb.de\/wp-content\/uploads\/2024\/04\/sma8aogj1m1ge24jp1kkh1u20v._SX300_CR00300300_.jpg\" alt=\"\" width=\"300\" height=\"300\" srcset=\"https:\/\/www.richteronweb.de\/wp-content\/uploads\/2024\/04\/sma8aogj1m1ge24jp1kkh1u20v._SX300_CR00300300_.jpg 300w, https:\/\/www.richteronweb.de\/wp-content\/uploads\/2024\/04\/sma8aogj1m1ge24jp1kkh1u20v._SX300_CR00300300_-150x150.jpg 150w, https:\/\/www.richteronweb.de\/wp-content\/uploads\/2024\/04\/sma8aogj1m1ge24jp1kkh1u20v._SX300_CR00300300_-88x88.jpg 88w\" sizes=\"auto, (max-width: 300px) 100vw, 300px\" \/><\/a><\/p>\n<p><span style=\"color: #000000;\"><em><strong>Susanne Ziegert wurde im Erzgebirge geboren und floh zwei Tage vor dem Mauerfall in den Westen, um endlich Paris zu sehen. Nach ihrem Studium in Dresden und Aix-en-Provence in S\u00fcdfrankreich, arbeitete sie mehrere Jahre in Br\u00fcssel. Als rasende Reporterin zog sie 1998 nach Berlin. Die Stadt wird immer die Wahlheimat ihres Herzens bleiben. 2019 erf\u00fcllte sich der Traum von einem alten Bauernhof in der N\u00e4he von Cuxhaven, wo die Autorin mit ihrem Ehemann und den gemeinsamen Pferden und Eseln lebt. Sie arbeitet als Journalistin f\u00fcr die Neue Z\u00fcrcher Zeitung am Sonntag und als Konferenzdolmetscherin f\u00fcr Franz\u00f6sisch. Schreiben war schon in fr\u00fcher Jugend eine Leidenschaft. Ihre beiden Kriminalromane \u203aSt\u00f6rtebekers Erben\u2039 und \u203aTod im Leuchtturm\u2039 erschienen im Gmeiner-Verlag und spielen auf der Insel Neuwerk und in Cuxhaven. Sie verfasste Kurzkrimis f\u00fcr &#8220;Gl\u00fcck Auf &#8211; Oje Du Fr\u00f6hliche&#8221;, Hrsg. Petra Steps und war 2021 Gastautorin des Strange Tales Club und schrieb den Beitrag &#8220;Meuterei&#8221; f\u00fcr die Anthologie Heimatmord.<\/strong><\/em><\/span><\/p>\n<hr \/>\n<p><a href=\"https:\/\/www.richteronweb.de\/wp-content\/uploads\/2024\/04\/81FpBv4bvfL._AC_UY218_.jpg\"><img loading=\"lazy\" decoding=\"async\" class=\"alignnone size-full wp-image-24618\" src=\"https:\/\/www.richteronweb.de\/wp-content\/uploads\/2024\/04\/81FpBv4bvfL._AC_UY218_.jpg\" alt=\"\" width=\"140\" height=\"218\" \/><\/a><\/p>\n<p><span style=\"color: #000000;\"><em><strong>Ein verlassenes Auto am Rand der n\u00e4chtlichen Landstra\u00dfe bei Schleswig wirft Fragen auf: Hier hat sich offenbar ein brutales Verbrechen abgespielt. Die Besitzerin wird am n\u00e4chsten Morgen grausam zugerichtet im Wikingermuseum Haithabu gefunden. Als sich in der n\u00e4chsten Nacht in der Eckernf\u00f6rder Bucht ein weiterer schrecklicher Mord ereignet, glaubt zun\u00e4chst niemand an einen Zusammenhang. Nur Kristin Voss, die neue Ermittlerin beim K1 der Polizeidirektion Flensburg, hat einen Verdacht. Doch der M\u00f6rder scheint ihr immer einen Schritt voraus zu sein \u2026<\/strong><\/em><\/span><\/p>\n<ul>\n<li><span style=\"color: #000000;\"><em><strong><span class=\"a-list-item\"> <span class=\"a-text-bold\">Herausgeber \u200f : \u200e <\/span> Gmeiner-Verlag; 2024. Edition (13. M\u00e4rz 2024) <\/span><\/strong><\/em><\/span><\/li>\n<li><span style=\"color: #000000;\"><em><strong><span class=\"a-list-item\"> <span class=\"a-text-bold\">Sprache \u200f : \u200e <\/span> Deutsch <\/span><\/strong><\/em><\/span><\/li>\n<li><span style=\"color: #000000;\"><em><strong><span class=\"a-list-item\"> <span class=\"a-text-bold\">Broschiert \u200f : \u200e <\/span> 440 Seiten <\/span><\/strong><\/em><\/span><\/li>\n<li><span style=\"color: #000000;\"><em><strong><span class=\"a-list-item\"> <span class=\"a-text-bold\">ISBN-10 \u200f : \u200e <\/span> 3839205700 <\/span><\/strong><\/em><\/span><\/li>\n<li><span style=\"color: #000000;\"><em><span class=\"a-list-item\"><strong> <span class=\"a-text-bold\">ISBN-13 \u200f : \u200e <\/span> 978-3839205709<\/strong> <\/span><\/em><\/span><\/li>\n<\/ul>\n<p><a href=\"https:\/\/www.richteronweb.de\/wp-content\/uploads\/2024\/04\/schmidt-andreas-1685.jpg\"><img loading=\"lazy\" decoding=\"async\" class=\"alignnone size-medium wp-image-24619\" src=\"https:\/\/www.richteronweb.de\/wp-content\/uploads\/2024\/04\/schmidt-andreas-1685-224x300.jpg\" alt=\"\" width=\"224\" height=\"300\" srcset=\"https:\/\/www.richteronweb.de\/wp-content\/uploads\/2024\/04\/schmidt-andreas-1685-224x300.jpg 224w, https:\/\/www.richteronweb.de\/wp-content\/uploads\/2024\/04\/schmidt-andreas-1685.jpg 280w\" sizes=\"auto, (max-width: 224px) 100vw, 224px\" \/><\/a><\/p>\n<p><span style=\"color: #000000;\"><em><strong>Andreas Schmidt, geboren im Jahr der ersten Mondlandung in Wuppertal, begann als Redakteur der Sch\u00fclerzeitung schon fr\u00fch mit dem Schreiben. Sp\u00e4ter arbeitete er als Journalist f\u00fcr zahlreiche Zeitungen und Magazine, bevor er begann, sich ganz der m\u00f6rderischen Unterhaltung zu widmen. Kriminalromane sind seine Leidenschaft: \u201eIch liebe den Krimi, weil er so facettenreich ist.\u201c Dabei hat er in den letzten Jahren seine Herzensheimat in Schleswig-Holstein entdeckt. So spielen seine m\u00f6rderischen Geschichten im Land zwischen den Meeren, einer tr\u00fcgerischen Idylle, in der sich schreckliche Verbrechen ereignen. Zudem ver\u00f6ffentlicht er unter den Pseudonym \u00bbSusanne von Berg\u00ab erfolgreich Romane \u00fcber eine deutsche Kaufhaus-Dynastie.<\/strong> <\/em><\/span><\/p>\n<hr \/>\n<p><a href=\"https:\/\/www.richteronweb.de\/wp-content\/uploads\/2024\/04\/81tpnR4HrL._AC_UY218_.jpg\"><img loading=\"lazy\" decoding=\"async\" class=\"alignnone size-full wp-image-24620\" src=\"https:\/\/www.richteronweb.de\/wp-content\/uploads\/2024\/04\/81tpnR4HrL._AC_UY218_.jpg\" alt=\"\" width=\"140\" height=\"218\" \/><\/a><\/p>\n<p><span style=\"color: #000000;\"><em><strong>Eigentlich h\u00e4tte Philippe du Pl\u00e9ssis mit der Suche nach einer uralten Schatulle aus Familienbesitz schon genug zu tun. Aber als im Ch\u00e2teau de Cotignac ein Gem\u00e4lde gestohlen wird und im Schlossgraben eine Leiche treibt, findet er sich pl\u00f6tzlich in einem Mordfall wieder. Die zust\u00e4ndige Kommissarin Charlotte Maigret macht aus ihrer Abneigung gegen den adeligen Lebemann keinen Hehl. Doch bald taucht ein zweiter Toter auf und die Polizistin und der Dandy m\u00fcssen gemeinsam ermitteln.<\/strong><\/em><\/span><\/p>\n<ul>\n<li><span style=\"color: #000000;\"><em><strong><span class=\"a-list-item\"> <span class=\"a-text-bold\">Herausgeber \u200f : \u200e <\/span> Gmeiner-Verlag; 2024. Edition (10. April 2024) <\/span><\/strong><\/em><\/span><\/li>\n<li><span style=\"color: #000000;\"><em><strong><span class=\"a-list-item\"> <span class=\"a-text-bold\">Sprache \u200f : \u200e <\/span> Deutsch <\/span><\/strong><\/em><\/span><\/li>\n<li><span style=\"color: #000000;\"><em><strong><span class=\"a-list-item\"> <span class=\"a-text-bold\">Broschiert \u200f : \u200e <\/span> 288 Seiten <\/span><\/strong><\/em><\/span><\/li>\n<li><span style=\"color: #000000;\"><em><strong><span class=\"a-list-item\"> <span class=\"a-text-bold\">ISBN-10 \u200f : \u200e <\/span> 3839205557 <\/span><\/strong><\/em><\/span><\/li>\n<li><span style=\"color: #000000;\"><em><span class=\"a-list-item\"><strong> <span class=\"a-text-bold\">ISBN-13 \u200f : \u200e <\/span> 978-3839205556<\/strong> <\/span><\/em><\/span><\/li>\n<\/ul>\n<p><a href=\"https:\/\/www.richteronweb.de\/wp-content\/uploads\/2024\/04\/duval-catherine-1687.jpg\"><img loading=\"lazy\" decoding=\"async\" class=\"alignnone size-medium wp-image-24621\" src=\"https:\/\/www.richteronweb.de\/wp-content\/uploads\/2024\/04\/duval-catherine-1687-206x300.jpg\" alt=\"\" width=\"206\" height=\"300\" srcset=\"https:\/\/www.richteronweb.de\/wp-content\/uploads\/2024\/04\/duval-catherine-1687-206x300.jpg 206w, https:\/\/www.richteronweb.de\/wp-content\/uploads\/2024\/04\/duval-catherine-1687.jpg 280w\" sizes=\"auto, (max-width: 206px) 100vw, 206px\" \/><\/a><\/p>\n<p><span style=\"color: #000000;\"><em><strong>Catherine Duval hat im Loiretal gelebt und macht dessen Schl\u00f6sser zum Schauplatz von Verbrechen. Die reiche Geschichte der Gegend, die seit dem Jahr 2000 zum UNESCO-Weltkulturerbe geh\u00f6rt, inspirierte sie ebenso zu diesem Kriminalroman, wie die franz\u00f6sische Lebensart. Heute lebt die Autorin im Rhein-Main-Gebiet. \u00bbMord an der Loire\u00ab ist ihre zweite Ver\u00f6ffentlichung im Gmeiner-Verlag.<\/strong> <\/em><\/span><\/p>\n","protected":false},"excerpt":{"rendered":"<p>Ich bekomme f\u00fcr ein ganzes Jahr jeden Monat zwei neue B\u00fccher vom Gmeiner-Verlag zugeschickt. F\u00fcr den Monat Februar und M\u00e4rz sind folgende Leseexemplare bei mir eingezogen: Ein lauschiger Abend im Biergarten. Die Abendzeitung wird an den Tisch gebracht, an dem &hellip; <a href=\"https:\/\/www.richteronweb.de\/?p=24612\">Weiterlesen <span class=\"meta-nav\">&rarr;<\/span><\/a><\/p>\n","protected":false},"author":1,"featured_media":0,"comment_status":"open","ping_status":"open","sticky":false,"template":"","format":"standard","meta":{"_jetpack_memberships_contains_paid_content":false,"footnotes":""},"categories":[1],"tags":[],"class_list":["post-24612","post","type-post","status-publish","format-standard","hentry","category-lesebuch"],"jetpack_featured_media_url":"","jetpack_sharing_enabled":true,"_links":{"self":[{"href":"https:\/\/www.richteronweb.de\/index.php?rest_route=\/wp\/v2\/posts\/24612","targetHints":{"allow":["GET"]}}],"collection":[{"href":"https:\/\/www.richteronweb.de\/index.php?rest_route=\/wp\/v2\/posts"}],"about":[{"href":"https:\/\/www.richteronweb.de\/index.php?rest_route=\/wp\/v2\/types\/post"}],"author":[{"embeddable":true,"href":"https:\/\/www.richteronweb.de\/index.php?rest_route=\/wp\/v2\/users\/1"}],"replies":[{"embeddable":true,"href":"https:\/\/www.richteronweb.de\/index.php?rest_route=%2Fwp%2Fv2%2Fcomments&post=24612"}],"version-history":[{"count":2,"href":"https:\/\/www.richteronweb.de\/index.php?rest_route=\/wp\/v2\/posts\/24612\/revisions"}],"predecessor-version":[{"id":24622,"href":"https:\/\/www.richteronweb.de\/index.php?rest_route=\/wp\/v2\/posts\/24612\/revisions\/24622"}],"wp:attachment":[{"href":"https:\/\/www.richteronweb.de\/index.php?rest_route=%2Fwp%2Fv2%2Fmedia&parent=24612"}],"wp:term":[{"taxonomy":"category","embeddable":true,"href":"https:\/\/www.richteronweb.de\/index.php?rest_route=%2Fwp%2Fv2%2Fcategories&post=24612"},{"taxonomy":"post_tag","embeddable":true,"href":"https:\/\/www.richteronweb.de\/index.php?rest_route=%2Fwp%2Fv2%2Ftags&post=24612"}],"curies":[{"name":"wp","href":"https:\/\/api.w.org\/{rel}","templated":true}]}}