{"id":24400,"date":"2024-03-15T15:15:10","date_gmt":"2024-03-15T14:15:10","guid":{"rendered":"https:\/\/www.richteronweb.de\/?p=24400"},"modified":"2024-03-15T15:15:57","modified_gmt":"2024-03-15T14:15:57","slug":"lesung-claudia-bardelang","status":"publish","type":"post","link":"https:\/\/www.richteronweb.de\/?p=24400","title":{"rendered":"Lesung: Claudia Bardelang"},"content":{"rendered":"<p><span style=\"color: #000000;\"><em><strong>\u2606\u00b4\u00a8)<\/strong><\/em><\/span><br \/>\n<span style=\"color: #000000;\"><em><strong>. \u00b8.\u2022\u00b4 \u00b8.\u2022*\u00b4\u00a8) \u2606.(\u00af`\u2022.\u2022\u00b4\u00af)<\/strong><\/em><\/span><br \/>\n<span style=\"color: #000000;\"><em><strong>(.\u00b8.\u2022\u00b4 (\u00b8.\u2022` \u2606 \u00a4\u00ba.`\u2022.\u00b8.\u2022\u00b4 \u2606\u2026\u2026.. Lesung<\/strong><\/em> <strong><em>mit<\/em><\/strong> <em><strong>Claudia Bardelang<\/strong><\/em><\/span><\/p>\n<p><span style=\"color: #000000;\"><em><strong>Meine erste Lesung in diesem Jahr habe ich wieder in der <a style=\"color: #000000;\" href=\"https:\/\/www.buecherwurm-gaggenau.de\/\">Buchhandlung B\u00fccherwurm<\/a> in Gaggenau am Freitag 01.03.2024 besucht. Die <a style=\"color: #000000;\" href=\"https:\/\/www.claudia-bardelang.com\/\">Autorin Claudia Bardelang<\/a> wurde eingeladen, um aus ihren beiden Krimis vorzulesen. <span class=\"wixui-rich-text__text\"><span class=\"color_11 wixui-rich-text__text\">Schwarz ist der Wald &#8211; Der erste Fall f\u00fcr Johann Briamonte<\/span><\/span> und der zweite Fall aus ihrer Feder hei\u00dft Schwarz ist die Gier. Ganz klar &#8211; es sind Kriminalromane und sie sind im Kampa Verlag erschienen. Claudia Bardelang gelang es, das ganze Publikum in ihren Bann zu ziehen. Sie hat ihre Protagonisten wirklich mit Leib und Seele vorgestellt, wie auch perfekt mehrstimmig, mal tief mal mit hoher Stimme, aus beiden B\u00fccher vorgelesen. Ich wurde an diesem Abend wundervoll unterhalten, dazu noch ein Gl\u00e4sschen Sekt.<\/strong> <\/em><\/span><\/p>\n<p><a href=\"https:\/\/www.richteronweb.de\/wp-content\/uploads\/2024\/03\/1710511616650-scaled.jpg\"><img loading=\"lazy\" decoding=\"async\" class=\"alignnone size-medium wp-image-24402\" src=\"https:\/\/www.richteronweb.de\/wp-content\/uploads\/2024\/03\/1710511616650-300x225.jpg\" alt=\"\" width=\"300\" height=\"225\" srcset=\"https:\/\/www.richteronweb.de\/wp-content\/uploads\/2024\/03\/1710511616650-300x225.jpg 300w, https:\/\/www.richteronweb.de\/wp-content\/uploads\/2024\/03\/1710511616650-700x525.jpg 700w, https:\/\/www.richteronweb.de\/wp-content\/uploads\/2024\/03\/1710511616650-768x576.jpg 768w, https:\/\/www.richteronweb.de\/wp-content\/uploads\/2024\/03\/1710511616650-1536x1152.jpg 1536w, https:\/\/www.richteronweb.de\/wp-content\/uploads\/2024\/03\/1710511616650-2048x1536.jpg 2048w, https:\/\/www.richteronweb.de\/wp-content\/uploads\/2024\/03\/1710511616650-900x675.jpg 900w, https:\/\/www.richteronweb.de\/wp-content\/uploads\/2024\/03\/1710511616650-1280x960.jpg 1280w\" sizes=\"auto, (max-width: 300px) 100vw, 300px\" \/><\/a><\/p>\n<p><span style=\"color: #000000;\"><em><strong>Claudia Bardelang wurde 1964 in der Schweiz geboren, wuchs aber in Emmendingen im Breisgau auf. Die Lithographin und Malerin stellte viele Jahre in Deutschland und Italien aus, bevor sie ihre Liebe zum Schreiben entdeckte. Nach einem sp\u00e4ten Studium arbeitet sie heute als Lehrerin. Claudia Bardelang hat eine erwachsene Tochter und lebt mit ihrem Partner in Basel. <\/strong><\/em><\/span><br \/>\n<span style=\"color: #000000;\"><em><strong>Was ganz witziges ist an diesem Abend noch geschehen. Ich wurde von der Autorin auf Mitte\/Ende 30 gesch\u00e4tzt. Als sie mein Alter erfuhr, war sie echt erschrocken, das h\u00e4tte sie nie im Leben gedacht. Und ich war voller Stolz und gl\u00fccklich, mit zwei neuen Krimis, an diesem Abend, jung und voller Elan heimgegangen.<\/strong> <\/em><\/span><\/p>\n<p><a href=\"https:\/\/www.richteronweb.de\/wp-content\/uploads\/2024\/03\/1710511616657-scaled.jpg\"><img loading=\"lazy\" decoding=\"async\" class=\"alignnone size-medium wp-image-24401\" src=\"https:\/\/www.richteronweb.de\/wp-content\/uploads\/2024\/03\/1710511616657-225x300.jpg\" alt=\"\" width=\"225\" height=\"300\" srcset=\"https:\/\/www.richteronweb.de\/wp-content\/uploads\/2024\/03\/1710511616657-225x300.jpg 225w, https:\/\/www.richteronweb.de\/wp-content\/uploads\/2024\/03\/1710511616657-700x933.jpg 700w, https:\/\/www.richteronweb.de\/wp-content\/uploads\/2024\/03\/1710511616657-768x1024.jpg 768w, https:\/\/www.richteronweb.de\/wp-content\/uploads\/2024\/03\/1710511616657-1152x1536.jpg 1152w, https:\/\/www.richteronweb.de\/wp-content\/uploads\/2024\/03\/1710511616657-1536x2048.jpg 1536w, https:\/\/www.richteronweb.de\/wp-content\/uploads\/2024\/03\/1710511616657-900x1200.jpg 900w, https:\/\/www.richteronweb.de\/wp-content\/uploads\/2024\/03\/1710511616657-1280x1707.jpg 1280w, https:\/\/www.richteronweb.de\/wp-content\/uploads\/2024\/03\/1710511616657-scaled.jpg 1920w\" sizes=\"auto, (max-width: 225px) 100vw, 225px\" \/><\/a><\/p>\n","protected":false},"excerpt":{"rendered":"<p>\u2606\u00b4\u00a8) . \u00b8.\u2022\u00b4 \u00b8.\u2022*\u00b4\u00a8) \u2606.(\u00af`\u2022.\u2022\u00b4\u00af) (.\u00b8.\u2022\u00b4 (\u00b8.\u2022` \u2606 \u00a4\u00ba.`\u2022.\u00b8.\u2022\u00b4 \u2606\u2026\u2026.. Lesung mit Claudia Bardelang Meine erste Lesung in diesem Jahr habe ich wieder in der Buchhandlung B\u00fccherwurm in Gaggenau am Freitag 01.03.2024 besucht. Die Autorin Claudia Bardelang wurde eingeladen, um &hellip; <a href=\"https:\/\/www.richteronweb.de\/?p=24400\">Weiterlesen <span class=\"meta-nav\">&rarr;<\/span><\/a><\/p>\n","protected":false},"author":1,"featured_media":0,"comment_status":"open","ping_status":"open","sticky":false,"template":"","format":"standard","meta":{"_jetpack_memberships_contains_paid_content":false,"footnotes":""},"categories":[1],"tags":[],"class_list":["post-24400","post","type-post","status-publish","format-standard","hentry","category-lesebuch"],"jetpack_featured_media_url":"","jetpack_sharing_enabled":true,"_links":{"self":[{"href":"https:\/\/www.richteronweb.de\/index.php?rest_route=\/wp\/v2\/posts\/24400","targetHints":{"allow":["GET"]}}],"collection":[{"href":"https:\/\/www.richteronweb.de\/index.php?rest_route=\/wp\/v2\/posts"}],"about":[{"href":"https:\/\/www.richteronweb.de\/index.php?rest_route=\/wp\/v2\/types\/post"}],"author":[{"embeddable":true,"href":"https:\/\/www.richteronweb.de\/index.php?rest_route=\/wp\/v2\/users\/1"}],"replies":[{"embeddable":true,"href":"https:\/\/www.richteronweb.de\/index.php?rest_route=%2Fwp%2Fv2%2Fcomments&post=24400"}],"version-history":[{"count":3,"href":"https:\/\/www.richteronweb.de\/index.php?rest_route=\/wp\/v2\/posts\/24400\/revisions"}],"predecessor-version":[{"id":24405,"href":"https:\/\/www.richteronweb.de\/index.php?rest_route=\/wp\/v2\/posts\/24400\/revisions\/24405"}],"wp:attachment":[{"href":"https:\/\/www.richteronweb.de\/index.php?rest_route=%2Fwp%2Fv2%2Fmedia&parent=24400"}],"wp:term":[{"taxonomy":"category","embeddable":true,"href":"https:\/\/www.richteronweb.de\/index.php?rest_route=%2Fwp%2Fv2%2Fcategories&post=24400"},{"taxonomy":"post_tag","embeddable":true,"href":"https:\/\/www.richteronweb.de\/index.php?rest_route=%2Fwp%2Fv2%2Ftags&post=24400"}],"curies":[{"name":"wp","href":"https:\/\/api.w.org\/{rel}","templated":true}]}}