{"id":24394,"date":"2024-04-02T19:38:18","date_gmt":"2024-04-02T17:38:18","guid":{"rendered":"https:\/\/www.richteronweb.de\/?p=24394"},"modified":"2024-04-02T19:38:18","modified_gmt":"2024-04-02T17:38:18","slug":"interview-mit-valerie-salberg","status":"publish","type":"post","link":"https:\/\/www.richteronweb.de\/?p=24394","title":{"rendered":"Interview mit Valerie Salberg"},"content":{"rendered":"<p><span style=\"color: #000000;\"><em><strong>\u273d\u2022*\u00a8*\u2022\u0e51\u273f\u0e51\u2605 Autoreninterview \u2605\u0e51\u273f\u0e51\u2022*\u00a8*\u2022\u273d<\/strong><\/em><\/span><\/p>\n<p><em><strong><span style=\"color: #000000;\">1. Wer ist Valerie Salberg? Magst du dich mal vorstellen?<\/span> <\/strong><\/em><\/p>\n<p><a href=\"https:\/\/www.richteronweb.de\/wp-content\/uploads\/2024\/04\/ValerieSalberg-scaled.jpg\"><img loading=\"lazy\" decoding=\"async\" class=\"alignnone size-medium wp-image-24565\" src=\"https:\/\/www.richteronweb.de\/wp-content\/uploads\/2024\/04\/ValerieSalberg-200x300.jpg\" alt=\"\" width=\"200\" height=\"300\" srcset=\"https:\/\/www.richteronweb.de\/wp-content\/uploads\/2024\/04\/ValerieSalberg-200x300.jpg 200w, https:\/\/www.richteronweb.de\/wp-content\/uploads\/2024\/04\/ValerieSalberg-700x1050.jpg 700w, https:\/\/www.richteronweb.de\/wp-content\/uploads\/2024\/04\/ValerieSalberg-768x1152.jpg 768w, https:\/\/www.richteronweb.de\/wp-content\/uploads\/2024\/04\/ValerieSalberg-1024x1536.jpg 1024w, https:\/\/www.richteronweb.de\/wp-content\/uploads\/2024\/04\/ValerieSalberg-1365x2048.jpg 1365w, https:\/\/www.richteronweb.de\/wp-content\/uploads\/2024\/04\/ValerieSalberg-900x1350.jpg 900w, https:\/\/www.richteronweb.de\/wp-content\/uploads\/2024\/04\/ValerieSalberg-1280x1920.jpg 1280w, https:\/\/www.richteronweb.de\/wp-content\/uploads\/2024\/04\/ValerieSalberg-scaled.jpg 1707w\" sizes=\"auto, (max-width: 200px) 100vw, 200px\" \/><\/a><\/p>\n<p><span style=\"color: #000000;\"><em><strong>Valerie Salberg ist eine j\u00fcngere Ausgabe der Fantasy-Autorin Linda Budinger, die sich auf Cosy-Crime-Romane spezialisiert hat. <\/strong><\/em><\/span><br \/>\n<span style=\"color: #000000;\"><em><strong>Sie teilt sich den Nachnamen mit Mia Salberg, die vor einigen Jahren f\u00fcr phantastische Jugendb\u00fccher zust\u00e4ndig war. Grund daf\u00fcr ist ein recht unterschiedlich aufgestelltes Werk. Da Linda zeitlich gerade mit Thrillern\/Krimis f\u00fcr L\u00fcbbe aktiv wurde, musste Mia f\u00fcr das sich anbahnende Jugendbuch bei Ueberreuter einspringen, damit es da nicht zu Verwechslungen kam. <\/strong><\/em><\/span><br \/>\n<span style=\"color: #000000;\"><em><strong>Und Valerie wurde aus der Taufe gehoben, weil Linda 2020 die Idee zu einer schr\u00e4gen und humorvollen Cosy-Crime-Reihe kam. Und nachdem sie bisher eher Fantasy, Jugendbuch und davor zuletzt Psychothriller geschrieben hatte, war da auch eine deutliche Trennung der Genres n\u00f6tig.<\/strong><\/em><\/span><\/p>\n<p><span style=\"color: #000000;\"><em><strong>2. Die wohl meistgestellte Frage: Wie bist du zum Schreiben gekommen?<\/strong><\/em><\/span><\/p>\n<p><span style=\"color: #000000;\"><em><strong>Ich habe mich als Kind bereits von Literatur ern\u00e4hrt, daher wusste ich fr\u00fch, was ich werden wollte.\u00a0 Die ersten Gehversuche in der Richtung habe ich so ca. mit 12 Jahren gemacht. <\/strong><\/em><\/span><br \/>\n<span style=\"color: #000000;\"><em><strong>Interessanter ist die Frage, wie ich zu Krimis gekommen bin. Die standen n\u00e4mlich gar nicht auf meiner Agenda, obwohl ich auch als Kind sehr gerne die Sherlock-Holmes-Reihe gelesen habe. Und obwohl ich dazu sogar Kurzgeschichten verfasst habe, habe ich vorwiegend Fantasy und phantastische Jugendb\u00fccher ver\u00f6ffentlicht.<\/strong><\/em><\/span><br \/>\n<span style=\"color: #000000;\"><em><strong>Aber irgendwann kam \u00fcber L\u00fcbbe (wo ich damals als freie Bearbeiterin bzw. \u00dcbersetzerin gearbeitet habe) eine Anfrage f\u00fcr eine Crime-Serie, als digitalen Ableger einer gro\u00dfen Heftroman-Serie. Und weil ich Abwechslung mag, habe ich einen Versuchsballon gestartet, der so gut ankam, dass weitere Teile f\u00fcr \u201eCotton Reloaded\u201c sowie, davon komplett unabh\u00e4ngig, zwei Psychothriller entstanden.<\/strong><\/em><\/span><br \/>\n<span style=\"color: #000000;\"><em><strong>Irgendwann kam ich bei der \u00dcbersetzungsarbeit mit Cosy Crime in Ber\u00fchrung, was dann sp\u00e4ter ausschlaggebend wurde, als ich nach einer turbulenten Reha die schr\u00e4ge Idee zu den Kurkrimis hatte. Der Verlag war davon so begeistert, dass er gleich drei Teile eingekauft hat &#8211; ein Drei-Buch-Vertrag war f\u00fcr mich auch eine Premiere.<\/strong><\/em><\/span><\/p>\n<p><span style=\"color: #000000;\"><em><strong>3. Wie lange, hast du immer an einen der Krimi-B\u00fccher gearbeitet? Brauchst du f\u00fcr jedes Werk gleich lang?<\/strong><\/em><\/span><\/p>\n<p><span style=\"color: #000000;\"><em><strong>An einem Roman um die 300 Seiten (bei den Kurkrimis ca 260), schreibe ich ungef\u00e4hr neun Monate. Danach folgen vor der Abgabe noch mehrere Lese- und \u00dcberarbeitungsdurchg\u00e4nge auf Papier und in Datei, von denen jeder auch mindestens eine Woche dauert. Und dann folgt das Lektorat, daf\u00fcr kann man ca. zwei Wochen bis zur R\u00fcckgabe einplanen (zumindest war das bei den Kurkrimis so, wo die Bearbeiterin erfreulicherweise wenig auszusetzen hatte).<\/strong><\/em><\/span><br \/>\n<span style=\"color: #000000;\"><em><strong>Schlie\u00dflich mache ich dann gerne f\u00fcr Korrekturen noch mal einen kompletten Lesedurchgang der letzten Fassung auf Papier, um den Lesern ein so abgerundetes Werk wie m\u00f6glich zu pr\u00e4sentieren.<\/strong><\/em><\/span><\/p>\n<p><span style=\"color: #000000;\"><em><strong>4. Was machst du hinterher, wenn das Buch beendet und ver\u00f6ffentlicht ist? St\u00fcrzt du dich gleich in den n\u00e4chsten Schreibmarathon?<\/strong><\/em><\/span><\/p>\n<p><span style=\"color: #000000;\"><em><strong>W\u00e4hrend der Wartezeit aufs Lektorat besch\u00e4ftige ich mich gern mit etwas v\u00f6llig anderem, etwa einer Kurzgeschichte, auch um einen frischen Blick auf das laufende Projekt zu bekommen. Daf\u00fcr finde ich thematische Abwechslung sehr hilfreich.<\/strong><\/em><\/span><br \/>\n<span style=\"color: #000000;\"><em><strong>Nach einem Marathon &#8211; und ein solcher ist das Romanschreiben &#8211; lasse ich die Schreibmuskeln gerne ein bisschen lockerer. Die Gelegenheit nutze ich, um wieder mal etwas anderes als mein eigenes Manuskript zu lesen. Generell bin ich ein ziemlich kreativer Mensch, da wird mir selten langweilig.<\/strong><\/em><\/span><\/p>\n<p><span style=\"color: #000000;\"><em><strong>5. Was ist bis jetzt der Sch\u00f6nste Moment in Deiner bisherigen Zeit als Autorin gewesen?<\/strong><\/em><\/span><\/p>\n<p><span style=\"color: #000000;\"><em><strong>Die Zusage f\u00fcr meinen allerersten Roman \u00bbDer Geisterwolf\u00ab (erschienen bei Heyne) &#8211; und nach dem Erscheinen sp\u00e4ter das Auspacken des Taschenbuchs. Ich glaube, das Gef\u00fchl ist nicht zu toppen und hat mir kreativ auch gro\u00dfen Auftrieb gegeben.<\/strong><\/em><\/span><\/p>\n<p><span style=\"color: #000000;\"><em><strong>6. Nun sind es, glaub ich, zwei schon im Buchhandel erh\u00e4ltlich und der dritte in Arbeit&#8230; Erz\u00e4hle uns bitte etwas dar\u00fcber, vielleicht mit dem Klappentext und dem Buchcover?<\/strong><\/em><\/span><\/p>\n<p><a href=\"https:\/\/www.richteronweb.de\/wp-content\/uploads\/2024\/04\/978-3-404-19190-1-Salberg-Therme-Morde-Sahnetorte.-Das-Skelett-im-org-scaled.jpg\"><img loading=\"lazy\" decoding=\"async\" class=\"alignnone size-medium wp-image-24567\" src=\"https:\/\/www.richteronweb.de\/wp-content\/uploads\/2024\/04\/978-3-404-19190-1-Salberg-Therme-Morde-Sahnetorte.-Das-Skelett-im-org-202x300.jpg\" alt=\"\" width=\"202\" height=\"300\" srcset=\"https:\/\/www.richteronweb.de\/wp-content\/uploads\/2024\/04\/978-3-404-19190-1-Salberg-Therme-Morde-Sahnetorte.-Das-Skelett-im-org-202x300.jpg 202w, https:\/\/www.richteronweb.de\/wp-content\/uploads\/2024\/04\/978-3-404-19190-1-Salberg-Therme-Morde-Sahnetorte.-Das-Skelett-im-org-700x1042.jpg 700w, https:\/\/www.richteronweb.de\/wp-content\/uploads\/2024\/04\/978-3-404-19190-1-Salberg-Therme-Morde-Sahnetorte.-Das-Skelett-im-org-768x1143.jpg 768w, https:\/\/www.richteronweb.de\/wp-content\/uploads\/2024\/04\/978-3-404-19190-1-Salberg-Therme-Morde-Sahnetorte.-Das-Skelett-im-org-1032x1536.jpg 1032w, https:\/\/www.richteronweb.de\/wp-content\/uploads\/2024\/04\/978-3-404-19190-1-Salberg-Therme-Morde-Sahnetorte.-Das-Skelett-im-org-1376x2048.jpg 1376w, https:\/\/www.richteronweb.de\/wp-content\/uploads\/2024\/04\/978-3-404-19190-1-Salberg-Therme-Morde-Sahnetorte.-Das-Skelett-im-org-900x1340.jpg 900w, https:\/\/www.richteronweb.de\/wp-content\/uploads\/2024\/04\/978-3-404-19190-1-Salberg-Therme-Morde-Sahnetorte.-Das-Skelett-im-org-1280x1905.jpg 1280w, https:\/\/www.richteronweb.de\/wp-content\/uploads\/2024\/04\/978-3-404-19190-1-Salberg-Therme-Morde-Sahnetorte.-Das-Skelett-im-org-scaled.jpg 1720w\" sizes=\"auto, (max-width: 202px) 100vw, 202px\" \/><\/a><a href=\"https:\/\/www.richteronweb.de\/wp-content\/uploads\/2024\/04\/978-3-404-19356-1-Salberg-Therme-Morde-Sahnetorte.-Kurschatten-st-org-scaled.jpg\"><img loading=\"lazy\" decoding=\"async\" class=\"alignnone size-medium wp-image-24568\" src=\"https:\/\/www.richteronweb.de\/wp-content\/uploads\/2024\/04\/978-3-404-19356-1-Salberg-Therme-Morde-Sahnetorte.-Kurschatten-st-org-202x300.jpg\" alt=\"\" width=\"202\" height=\"300\" srcset=\"https:\/\/www.richteronweb.de\/wp-content\/uploads\/2024\/04\/978-3-404-19356-1-Salberg-Therme-Morde-Sahnetorte.-Kurschatten-st-org-202x300.jpg 202w, https:\/\/www.richteronweb.de\/wp-content\/uploads\/2024\/04\/978-3-404-19356-1-Salberg-Therme-Morde-Sahnetorte.-Kurschatten-st-org-700x1041.jpg 700w, https:\/\/www.richteronweb.de\/wp-content\/uploads\/2024\/04\/978-3-404-19356-1-Salberg-Therme-Morde-Sahnetorte.-Kurschatten-st-org-768x1142.jpg 768w, https:\/\/www.richteronweb.de\/wp-content\/uploads\/2024\/04\/978-3-404-19356-1-Salberg-Therme-Morde-Sahnetorte.-Kurschatten-st-org-1033x1536.jpg 1033w, https:\/\/www.richteronweb.de\/wp-content\/uploads\/2024\/04\/978-3-404-19356-1-Salberg-Therme-Morde-Sahnetorte.-Kurschatten-st-org-1377x2048.jpg 1377w, https:\/\/www.richteronweb.de\/wp-content\/uploads\/2024\/04\/978-3-404-19356-1-Salberg-Therme-Morde-Sahnetorte.-Kurschatten-st-org-900x1338.jpg 900w, https:\/\/www.richteronweb.de\/wp-content\/uploads\/2024\/04\/978-3-404-19356-1-Salberg-Therme-Morde-Sahnetorte.-Kurschatten-st-org-1280x1903.jpg 1280w, https:\/\/www.richteronweb.de\/wp-content\/uploads\/2024\/04\/978-3-404-19356-1-Salberg-Therme-Morde-Sahnetorte.-Kurschatten-st-org-scaled.jpg 1721w\" sizes=\"auto, (max-width: 202px) 100vw, 202px\" \/><\/a><a href=\"https:\/\/www.richteronweb.de\/wp-content\/uploads\/2024\/04\/Krankenschwester-scaled.jpg\"><img loading=\"lazy\" decoding=\"async\" class=\"alignnone size-medium wp-image-24569\" src=\"https:\/\/www.richteronweb.de\/wp-content\/uploads\/2024\/04\/Krankenschwester-189x300.jpg\" alt=\"\" width=\"189\" height=\"300\" srcset=\"https:\/\/www.richteronweb.de\/wp-content\/uploads\/2024\/04\/Krankenschwester-189x300.jpg 189w, https:\/\/www.richteronweb.de\/wp-content\/uploads\/2024\/04\/Krankenschwester-700x1113.jpg 700w, https:\/\/www.richteronweb.de\/wp-content\/uploads\/2024\/04\/Krankenschwester-768x1221.jpg 768w, https:\/\/www.richteronweb.de\/wp-content\/uploads\/2024\/04\/Krankenschwester-966x1536.jpg 966w, https:\/\/www.richteronweb.de\/wp-content\/uploads\/2024\/04\/Krankenschwester-1288x2048.jpg 1288w, https:\/\/www.richteronweb.de\/wp-content\/uploads\/2024\/04\/Krankenschwester-900x1431.jpg 900w, https:\/\/www.richteronweb.de\/wp-content\/uploads\/2024\/04\/Krankenschwester-1280x2035.jpg 1280w, https:\/\/www.richteronweb.de\/wp-content\/uploads\/2024\/04\/Krankenschwester-scaled.jpg 1610w\" sizes=\"auto, (max-width: 189px) 100vw, 189px\" \/><\/a><\/p>\n<p><span style=\"color: #000000;\"><em><strong>Genau genommen ist der dritte Teil der Kurkrimis Anfang M\u00e4rz als E-Book erschienen: \u00bbTod einer Krankenschwester\u00ab. Wenn man die Gelegenheit hat, sollte man mit dem ersten Teil der Kurkrimis einsteigen, Das Skelett im Kurpark, aber zwingend n\u00f6tig ist es nicht. Dort stolpern die drei Frauen \u00fcber ihren ersten Fall, wobei es vom Tempo her eher gem\u00fctlich zugeht. Gl\u00fccklicherweise bleiben neben den Fu\u00dfm\u00e4rschen zwischen Bett, Fr\u00fchst\u00fcck (in einer anderen Stra\u00dfe) und Physiotherapie \u00fcber den\u00a0 &#8216;Highway to Hell&#8217;, noch genug Zeit f\u00fcr Caf\u00e9, Torte und Therme.<\/strong><\/em><\/span><\/p>\n<p><span style=\"color: #000000;\"><em><strong>Die Geschichte ist eine Kreuzung aus Cosy Crime und Regionalkrimi (Soester B\u00f6rde), in der Humor, skurrile Figuren und schr\u00e4ge Begebenheiten die Hauptrolle spielen. Auch das Ambiente von Kurort und die T\u00fccken von REHA-Ma\u00dfnahmen werden thematisiert. Nat\u00fcrlich wird auch ermittelt, wie der Klappentext verr\u00e4t:<\/strong><\/em><\/span><\/p>\n<p><span style=\"color: #000000;\"><em><strong>Dorothee Hammerblech freut sich auf ihre Kur in Bad Hasendorf. Doch der Traum von einem erholsamen Kuraufenthalt mit allen Annehmlichkeiten platzt schneller, als sie ihre Koffer auspacken kann: Die einst mond\u00e4ne Kurklinik ist eine einzige chaotische Baustelle, ihr schmuckes Einzelzimmer entpuppt sich als Doppelzimmer \u2013 und im Kurpark stolpert sie \u00fcber ein Skelett! So viel Ungemach kann Doro nicht tatenlos hinnehmen: Mit Hilfe ihrer Zimmernachbarin Esme und der Unterst\u00fctzung von True-Crime-Fan Manuela, will sie das R\u00e4tsel l\u00f6sen! Dabei sto\u00dfen die beiden Frauen auf weitere ungekl\u00e4rte Verbrechen in der Soester B\u00f6rde. Treibt zwischen Kurg\u00e4sten, Klinikpersonal und Tagestouristen etwa ein Serienm\u00f6rder sein Unwesen?<\/strong><\/em><\/span><br \/>\n<span style=\"color: #000000;\"><em><strong>Spannend, lustig und skurril \u2013 genie\u00dfen Sie den unterhaltsamsten Kuraufenthalt seit Langem, Schmunzeltherapie inklusive.<\/strong><\/em><\/span><\/p>\n<p><span style=\"color: #000000;\"><em><strong>7. Ist dir Kritik von deinen Lesern wichtig und wie gehst du damit um?<\/strong><\/em><\/span><\/p>\n<p><span style=\"color: #000000;\"><em><strong>Feedback ist schon wichtig. Nat\u00fcrlich trifft nicht jedes Buch den Geschmack jedes Lesers (und manche geh\u00f6ren dann auch einfach nicht zur Zielgruppe). Ganz ehrlich: ich freue mich, wenn ich den Nerv getroffen habe, und finde es schade, wenn das mal nicht funktioniert. Ganz unbeteiligt damit umgehen kann ich nicht. Denn diese Arbeit macht man nicht, um reich zu werden, sondern, weil man seine Geschichten teilen m\u00f6chte.<\/strong><\/em><\/span><\/p>\n<p><span style=\"color: #000000;\"><em><strong>8. Das, was du schon in deinem Leben erreicht hast, ist es das was du wolltest? Was w\u00fcrdest du \u00e4ndern wollen?<\/strong><\/em><\/span><\/p>\n<p><span style=\"color: #000000;\"><em><strong>Es schlummern einige Romanprojekte aus dem Fantasy-Bereich auf meiner Festplatte, f\u00fcr die ich in Zusammenarbeit mit meiner Agentur Langenbuch &amp; Weiss noch einen guten Verlag suche. Und nat\u00fcrlich ist nach dem Roman immer vor dem Roman.<\/strong><\/em><\/span><\/p>\n<p><span style=\"color: #000000;\"><em><strong>9. Bist du auch auf Messen, wie LBM und FBM &amp; Co anzutreffen? Was machst du dann auf so einer Veranstaltung?<\/strong><\/em><\/span><\/p>\n<p><span style=\"color: #000000;\"><em><strong>Auf Messen gehe ich eher selten, ich arbeite ja in Sachen Verlagssuche mit der Agentur zusammen. Ich besuche auch kaum Lesungen, weil Lesen f\u00fcr mich eine Besch\u00e4ftigung ist, der ich in den eigenen vier W\u00e4nden nachgehe und kein Event. F\u00fcr meine Leserschaft bin ich bei Facebook und Instagramm, bei Leserunden oder per E-Mail erreichbar. Die Kontaktadressen f\u00fcr Leserfrage findet man auf der Homepage zu \u00bbTherme, Morde, Sahnetorte: <\/strong><\/em><\/span><br \/>\n<span style=\"color: #000000;\"><em><strong>http:\/\/ www.romanecke.de\/Kurkrimis<\/strong><\/em><\/span><br \/>\n<span style=\"color: #000000;\"><em><strong>oder meiner allgemeinen Internet-Seite (die gerade im Umbau ist): <\/strong><\/em><\/span><span style=\"color: #000000;\"><em><strong>http:\/\/www.wortwirkung.de\/linda<\/strong><\/em><\/span><\/p>\n<p><span style=\"color: #000000;\"><em><strong>10. Ich bin neugierig auf deinen Schreibplatz. Wie sieht es da bei dir aus? Willst du vielleicht ein Foto zeigen und etwas dar\u00fcber berichten, wieso gerade da die Krimis entstehen k\u00f6nnen?<\/strong><\/em><\/span><\/p>\n<p><a href=\"https:\/\/www.richteronweb.de\/wp-content\/uploads\/2024\/04\/DSCF2070.jpg\"><img loading=\"lazy\" decoding=\"async\" class=\"alignnone size-medium wp-image-24571\" src=\"https:\/\/www.richteronweb.de\/wp-content\/uploads\/2024\/04\/DSCF2070-300x225.jpg\" alt=\"\" width=\"300\" height=\"225\" srcset=\"https:\/\/www.richteronweb.de\/wp-content\/uploads\/2024\/04\/DSCF2070-300x225.jpg 300w, https:\/\/www.richteronweb.de\/wp-content\/uploads\/2024\/04\/DSCF2070-700x525.jpg 700w, https:\/\/www.richteronweb.de\/wp-content\/uploads\/2024\/04\/DSCF2070-768x576.jpg 768w, https:\/\/www.richteronweb.de\/wp-content\/uploads\/2024\/04\/DSCF2070-900x675.jpg 900w, https:\/\/www.richteronweb.de\/wp-content\/uploads\/2024\/04\/DSCF2070.jpg 922w\" sizes=\"auto, (max-width: 300px) 100vw, 300px\" \/><\/a><a href=\"https:\/\/www.richteronweb.de\/wp-content\/uploads\/2024\/04\/Muehle.jpg\"><img loading=\"lazy\" decoding=\"async\" class=\"alignnone size-medium wp-image-24572\" src=\"https:\/\/www.richteronweb.de\/wp-content\/uploads\/2024\/04\/Muehle-225x300.jpg\" alt=\"\" width=\"225\" height=\"300\" srcset=\"https:\/\/www.richteronweb.de\/wp-content\/uploads\/2024\/04\/Muehle-225x300.jpg 225w, https:\/\/www.richteronweb.de\/wp-content\/uploads\/2024\/04\/Muehle.jpg 691w\" sizes=\"auto, (max-width: 225px) 100vw, 225px\" \/><\/a><\/p>\n<p><a href=\"https:\/\/www.richteronweb.de\/wp-content\/uploads\/2024\/04\/Hiddingsen.jpg\"><img loading=\"lazy\" decoding=\"async\" class=\"alignnone size-medium wp-image-24573\" src=\"https:\/\/www.richteronweb.de\/wp-content\/uploads\/2024\/04\/Hiddingsen-300x225.jpg\" alt=\"\" width=\"300\" height=\"225\" srcset=\"https:\/\/www.richteronweb.de\/wp-content\/uploads\/2024\/04\/Hiddingsen-300x225.jpg 300w, https:\/\/www.richteronweb.de\/wp-content\/uploads\/2024\/04\/Hiddingsen.jpg 461w\" sizes=\"auto, (max-width: 300px) 100vw, 300px\" \/><\/a><a href=\"https:\/\/www.richteronweb.de\/wp-content\/uploads\/2024\/04\/steinkiste.jpg\"><img loading=\"lazy\" decoding=\"async\" class=\"alignnone size-medium wp-image-24574\" src=\"https:\/\/www.richteronweb.de\/wp-content\/uploads\/2024\/04\/steinkiste-300x225.jpg\" alt=\"\" width=\"300\" height=\"225\" srcset=\"https:\/\/www.richteronweb.de\/wp-content\/uploads\/2024\/04\/steinkiste-300x225.jpg 300w, https:\/\/www.richteronweb.de\/wp-content\/uploads\/2024\/04\/steinkiste-700x525.jpg 700w, https:\/\/www.richteronweb.de\/wp-content\/uploads\/2024\/04\/steinkiste-768x576.jpg 768w, https:\/\/www.richteronweb.de\/wp-content\/uploads\/2024\/04\/steinkiste-900x675.jpg 900w, https:\/\/www.richteronweb.de\/wp-content\/uploads\/2024\/04\/steinkiste.jpg 922w\" sizes=\"auto, (max-width: 300px) 100vw, 300px\" \/><\/a><\/p>\n<p><span style=\"color: #000000;\"><em><strong>Mein eigentlicher Arbeitsplatz liegt ja in meinem Kopf, dort tauchen die Ideen zu den Geschichten auf &#8211; und das quasi rund um die Uhr in allen m\u00f6glichen Lebenslagen. Hier entwickeln sich auch die Grundz\u00fcge f\u00fcr die jeweilige Szene, die allgemeine Stimmung, die Handlung, bis ich mich mit dem Gef\u00fchl, dass die Szene \u203aschreibfertig\u2039 ist, an den Schreibtisch setze.<\/strong><\/em><\/span><br \/>\n<span style=\"color: #000000;\"><em><strong>Dieser selbstgezimmerte und extralange Tisch steht an der Wand, so, dass seitlich Licht vom Fenster einf\u00e4llt und gelegentlich die Spiegelhintergr\u00fcnde der Setzk\u00e4sten (Frosch-, Herr-der-Ringe- bzw. Star-Wars-Sammelfiguren) hinter dem Monitor zum Funkeln bringt.<\/strong><\/em><\/span><br \/>\n<span style=\"color: #000000;\"><em><strong>Ich unterst\u00fctze das Abtauchen in fremde Welten gerne mit Duft\u00f6len, Musik oder Kerzenschein. Der Platz vor meiner Tastatur mit kleinen Relikten und Erinnerungsst\u00fccken ist daher hei\u00df umk\u00e4mpft. Ein alter R\u00f6hrenmonitor (der einfach so schwer ist, dass ich ihn f\u00fcr meinen gro\u00dfen Flatscreen zur Seite schieben musste) dient mir zeitweilig als \u203aPinwand\u2039 f\u00fcr Material zu den jeweiligen Geschichten: inspirierende Fotos, Postkarten oder Notizen.<\/strong><\/em><\/span><br \/>\n<span style=\"color: #000000;\"><em><strong>Weitestgehend geh\u00f6rt zum Arbeitsplatz auch noch meine Musikanlage mit den aufget\u00fcrmten Filmmusik-CDs, anhand derer man eine Stratigraphie der letzten Romane bilden kann. Ganz unten befinden sich etwa noch die Western-Sounds, die ich f\u00fcr \u00bbDer siebte Schrei\u00ab geh\u00f6rt habe, als ich an einem toten Punkt einen Wechsel der Stimmung braucht, und die Superhelden nach hinten rutschten. Da ein Gutteil des Thrillers auf einer Ranch in Idaho spielt, passte es einfach. <\/strong><\/em><\/span><br \/>\n<span style=\"color: #000000;\"><em><strong>Manchmal h\u00f6re ich allerdings auch mal gerne, worauf ich gerade Lust habe.<\/strong><\/em><\/span><\/p>\n","protected":false},"excerpt":{"rendered":"<p>\u273d\u2022*\u00a8*\u2022\u0e51\u273f\u0e51\u2605 Autoreninterview \u2605\u0e51\u273f\u0e51\u2022*\u00a8*\u2022\u273d 1. Wer ist Valerie Salberg? Magst du dich mal vorstellen? Valerie Salberg ist eine j\u00fcngere Ausgabe der Fantasy-Autorin Linda Budinger, die sich auf Cosy-Crime-Romane spezialisiert hat. Sie teilt sich den Nachnamen mit Mia Salberg, die vor einigen &hellip; <a href=\"https:\/\/www.richteronweb.de\/?p=24394\">Weiterlesen <span class=\"meta-nav\">&rarr;<\/span><\/a><\/p>\n","protected":false},"author":1,"featured_media":0,"comment_status":"open","ping_status":"open","sticky":false,"template":"","format":"standard","meta":{"_jetpack_memberships_contains_paid_content":false,"footnotes":""},"categories":[1],"tags":[],"class_list":["post-24394","post","type-post","status-publish","format-standard","hentry","category-lesebuch"],"jetpack_featured_media_url":"","jetpack_sharing_enabled":true,"_links":{"self":[{"href":"https:\/\/www.richteronweb.de\/index.php?rest_route=\/wp\/v2\/posts\/24394","targetHints":{"allow":["GET"]}}],"collection":[{"href":"https:\/\/www.richteronweb.de\/index.php?rest_route=\/wp\/v2\/posts"}],"about":[{"href":"https:\/\/www.richteronweb.de\/index.php?rest_route=\/wp\/v2\/types\/post"}],"author":[{"embeddable":true,"href":"https:\/\/www.richteronweb.de\/index.php?rest_route=\/wp\/v2\/users\/1"}],"replies":[{"embeddable":true,"href":"https:\/\/www.richteronweb.de\/index.php?rest_route=%2Fwp%2Fv2%2Fcomments&post=24394"}],"version-history":[{"count":4,"href":"https:\/\/www.richteronweb.de\/index.php?rest_route=\/wp\/v2\/posts\/24394\/revisions"}],"predecessor-version":[{"id":24575,"href":"https:\/\/www.richteronweb.de\/index.php?rest_route=\/wp\/v2\/posts\/24394\/revisions\/24575"}],"wp:attachment":[{"href":"https:\/\/www.richteronweb.de\/index.php?rest_route=%2Fwp%2Fv2%2Fmedia&parent=24394"}],"wp:term":[{"taxonomy":"category","embeddable":true,"href":"https:\/\/www.richteronweb.de\/index.php?rest_route=%2Fwp%2Fv2%2Fcategories&post=24394"},{"taxonomy":"post_tag","embeddable":true,"href":"https:\/\/www.richteronweb.de\/index.php?rest_route=%2Fwp%2Fv2%2Ftags&post=24394"}],"curies":[{"name":"wp","href":"https:\/\/api.w.org\/{rel}","templated":true}]}}