{"id":24323,"date":"2024-02-20T17:35:55","date_gmt":"2024-02-20T16:35:55","guid":{"rendered":"https:\/\/www.richteronweb.de\/?p=24323"},"modified":"2024-02-29T08:48:27","modified_gmt":"2024-02-29T07:48:27","slug":"wenn-der-schatten-kommt-von-carmen-mayer","status":"publish","type":"post","link":"https:\/\/www.richteronweb.de\/?p=24323","title":{"rendered":"Wenn der Schatten kommt von Carmen Mayer"},"content":{"rendered":"<p><a href=\"https:\/\/www.richteronweb.de\/wp-content\/uploads\/2024\/01\/img_20240129_1651467188962617107360015.jpg\"><img loading=\"lazy\" decoding=\"async\" class=\"alignnone size-medium wp-image-24192\" src=\"https:\/\/www.richteronweb.de\/wp-content\/uploads\/2024\/01\/img_20240129_1651467188962617107360015-225x300.jpg\" alt=\"\" width=\"225\" height=\"300\" srcset=\"https:\/\/www.richteronweb.de\/wp-content\/uploads\/2024\/01\/img_20240129_1651467188962617107360015-225x300.jpg 225w, https:\/\/www.richteronweb.de\/wp-content\/uploads\/2024\/01\/img_20240129_1651467188962617107360015-700x933.jpg 700w, https:\/\/www.richteronweb.de\/wp-content\/uploads\/2024\/01\/img_20240129_1651467188962617107360015-768x1024.jpg 768w, https:\/\/www.richteronweb.de\/wp-content\/uploads\/2024\/01\/img_20240129_1651467188962617107360015-1152x1536.jpg 1152w, https:\/\/www.richteronweb.de\/wp-content\/uploads\/2024\/01\/img_20240129_1651467188962617107360015-900x1200.jpg 900w, https:\/\/www.richteronweb.de\/wp-content\/uploads\/2024\/01\/img_20240129_1651467188962617107360015-1280x1707.jpg 1280w, https:\/\/www.richteronweb.de\/wp-content\/uploads\/2024\/01\/img_20240129_1651467188962617107360015.jpg 1500w\" sizes=\"auto, (max-width: 225px) 100vw, 225px\" \/><\/a><\/p>\n<p><span id=\"productTitle\"><em><strong>\u273f*\uff9f\u00a8\uff9f\u270e\u2026.<\/strong><\/em><\/span> <span style=\"color: #000000;\"><em><strong>Ist der Schatten wirklich echt?<\/strong><\/em><\/span><\/p>\n<p><span style=\"color: #000000;\"><em><strong>Ein Kriminalroman von der Autorin Carmen Mayer. Das Buch wurde im <\/strong><\/em><span class=\"a-list-item\"><span class=\"a-text-bold\"><em><strong>\u200e <\/strong><\/em><\/span><em><strong>MAXIMUM Verlag verlegt<\/strong><\/em><\/span><em><strong> und erschien 2022. Zu Beginn der Geschichte wurde mir so eine Art Tagebucheintrag zum Lesen gegeben. Schon allein dieser Text war irgendwie grusslig. Wir lernen die EINE Protagonistin im Kindesalter kennen und werden durch ihre Erinnerungen mit der Gegenwart konfrontiert. Nicht nur ich als Leserin, sondern auch das Ermittlungsteam Bergmann und Plank hat nun genug zu tun, die Morde in der Altm\u00fchl bei Eichst\u00e4tt zu kl\u00e4ren. Eine weibliche Person wird dann durch ein Fundst\u00fcck dann sehr z\u00fcgig zur Tatverd\u00e4chtigten und welchen Hintergrund sie dann zum Morden hat, sind eindeutig ihre Erinnerungen an einen ganz bestimmten Zeitpunkt und deren Folgen daraus. Ich finde es spannend zu lesen, was aus einem Menschen mit Gewalterinnerungen werden kann, wenn man keine psychologische Hilfe erhalten hatte, keine Liebe erfahren oder ein gesichertes Zuhause erleben durfte. Beim Lesen der Geschichte mit den kriminalistischen Z\u00fcgen, bekam ich immer wieder G\u00e4nsehaut. Es ist ein sehr gut geschilderter Ablauf. Ich hoffe sehr, das die Autorin, ihrem Ermittlungsteam aus Eichst\u00e4tt weitere F\u00e4lle zu l\u00f6sen gibt. Ich wurde durchweg mit einem spannenden und leichtem Schreibstil unterhalten und zum mitrecherchieren eingeladen. Absolute Leseempfehlung!<\/strong><\/em><\/span><\/p>\n","protected":false},"excerpt":{"rendered":"<p>\u273f*\uff9f\u00a8\uff9f\u270e\u2026. Ist der Schatten wirklich echt? Ein Kriminalroman von der Autorin Carmen Mayer. Das Buch wurde im \u200e MAXIMUM Verlag verlegt und erschien 2022. Zu Beginn der Geschichte wurde mir so eine Art Tagebucheintrag zum Lesen gegeben. Schon allein dieser &hellip; <a href=\"https:\/\/www.richteronweb.de\/?p=24323\">Weiterlesen <span class=\"meta-nav\">&rarr;<\/span><\/a><\/p>\n","protected":false},"author":1,"featured_media":0,"comment_status":"open","ping_status":"open","sticky":false,"template":"","format":"standard","meta":{"_jetpack_memberships_contains_paid_content":false,"footnotes":""},"categories":[1],"tags":[],"class_list":["post-24323","post","type-post","status-publish","format-standard","hentry","category-lesebuch"],"jetpack_featured_media_url":"","jetpack_sharing_enabled":true,"_links":{"self":[{"href":"https:\/\/www.richteronweb.de\/index.php?rest_route=\/wp\/v2\/posts\/24323","targetHints":{"allow":["GET"]}}],"collection":[{"href":"https:\/\/www.richteronweb.de\/index.php?rest_route=\/wp\/v2\/posts"}],"about":[{"href":"https:\/\/www.richteronweb.de\/index.php?rest_route=\/wp\/v2\/types\/post"}],"author":[{"embeddable":true,"href":"https:\/\/www.richteronweb.de\/index.php?rest_route=\/wp\/v2\/users\/1"}],"replies":[{"embeddable":true,"href":"https:\/\/www.richteronweb.de\/index.php?rest_route=%2Fwp%2Fv2%2Fcomments&post=24323"}],"version-history":[{"count":5,"href":"https:\/\/www.richteronweb.de\/index.php?rest_route=\/wp\/v2\/posts\/24323\/revisions"}],"predecessor-version":[{"id":24331,"href":"https:\/\/www.richteronweb.de\/index.php?rest_route=\/wp\/v2\/posts\/24323\/revisions\/24331"}],"wp:attachment":[{"href":"https:\/\/www.richteronweb.de\/index.php?rest_route=%2Fwp%2Fv2%2Fmedia&parent=24323"}],"wp:term":[{"taxonomy":"category","embeddable":true,"href":"https:\/\/www.richteronweb.de\/index.php?rest_route=%2Fwp%2Fv2%2Fcategories&post=24323"},{"taxonomy":"post_tag","embeddable":true,"href":"https:\/\/www.richteronweb.de\/index.php?rest_route=%2Fwp%2Fv2%2Ftags&post=24323"}],"curies":[{"name":"wp","href":"https:\/\/api.w.org\/{rel}","templated":true}]}}