{"id":24093,"date":"2024-02-29T10:15:34","date_gmt":"2024-02-29T09:15:34","guid":{"rendered":"https:\/\/www.richteronweb.de\/?p=24093"},"modified":"2024-02-29T10:17:37","modified_gmt":"2024-02-29T09:17:37","slug":"interview-mit-petra-a-bauer-katarina-andersson-wallin","status":"publish","type":"post","link":"https:\/\/www.richteronweb.de\/?p=24093","title":{"rendered":"Interview mit Petra A. Bauer\/Katarina Andersson-Wallin"},"content":{"rendered":"<div>\n<p><span style=\"color: #000000;\"><em><strong>\u273d\u2022*\u00a8*\u2022\u0e51\u273f\u0e51\u2605 Autoreninterview \u2605\u0e51\u273f\u0e51\u2022*\u00a8*\u2022\u273d<\/strong><\/em><\/span><\/p>\n<p><span style=\"color: #000000;\"><em><strong>1. Wer ist Petra A. Bauer\/Katarina Andersson-Wallin? Magst du dich mal vorstellen?<\/strong><\/em><\/span><\/p>\n<p><a href=\"https:\/\/www.richteronweb.de\/wp-content\/uploads\/2024\/02\/writingwoman-Foto.jpg\"><img loading=\"lazy\" decoding=\"async\" src=\"https:\/\/www.richteronweb.de\/wp-content\/uploads\/2024\/02\/writingwoman-Foto-225x300.jpg\" alt=\"\" width=\"225\" height=\"300\" \/><\/a><\/p>\n<div>\n<div>\n<p><span style=\"color: #000000;\"><em><strong>Petra ist eine leicht desorganisierte Mutter von vier Kindern und Oma von zwei Enkelm\u00e4dchen. Sie ist seit 40 Jahren mit demselben\u00a0Mann zusammen und seit 25 Jahren schreibend unter dem Namen writingwoman unterwegs.<\/strong><\/em><\/span><\/p>\n<p><span style=\"color: #000000;\"><em><strong>Die Autorin, Bloggerin und Multimediaworkerin hat bislang 15 B\u00fccher in den Bereichen Ratgeber, Krimi, Kinder- und Jugendbuch, Liebesroman und Fantasy in Verlagen ver\u00f6ffentlicht und betreibt eines der \u00e4ltesten deutschen Autorenblogs (writingwomans Autorinnenblog, seit 2002).<\/strong><\/em><\/span><\/p>\n<p><span style=\"color: #000000;\"><em><strong>2018 startete sie zus\u00e4tzlich das AbenteuerSelfpublishing und ver\u00f6ffentlicht B\u00fccher in ihrem Eigenverlag lion23book.<\/strong><\/em><\/span><\/p>\n<div>\n<p><span style=\"color: #000000;\"><em><strong>Eine Auswahl ihrer \u00fcber 800 No- und Low-Content-B\u00fccher ist auf der Website planer-und-lernen.de zu sehen. Ihr Podcast hei\u00dft Biz Women Life.<\/strong><\/em><\/span><\/p>\n<p><span style=\"color: #000000;\"><em><strong>Katarina hat einhausinschweden (Insta), in dem sie am liebsten Zeit mit ihrer gesamten Familie verbringt. Sie liebt die schwedischen W\u00e4lder und Seen und die nachbarlose Stille dort.<\/strong><\/em><\/span><\/p>\n<\/div>\n<\/div>\n<\/div>\n<\/div>\n<div>\n<p><span style=\"color: #000000;\"><em><strong>2. Die wohl meistgestellte Frage: Wie bist du zum Schreiben gekommen?<\/strong><\/em><\/span><\/p>\n<p><span style=\"color: #000000;\"><em><strong>Ich konnte schon vor der Schule lesen und schreiben, und damit musste ich ja was anfangen.<\/strong><\/em><\/span><br \/>\n<span style=\"color: #000000;\"><em><strong>Tats\u00e4chlich habe ich mit sechs Jahren beschlossen ein Buch schreiben zu wollen und habe daf\u00fcr die W\u00f6rter in meinem Lieblings-Dolly-Buch (von Enid Blyton) gez\u00e4hlt, weil ich ja schlie\u00dflich wissen musste, wie lang ein Buch sein muss. Sehr viel weiter bin ich damals auch nicht gekommen. Daf\u00fcr habe ich meine gesamte Teeniezeit \u00fcber wie verr\u00fcckt Briefe geschrieben. Ich hatte 16 Brieffreundinnen in aller Welt, mit denen ich auf Deutsch und Englisch kommuniziert habe. An manchen Briefen habe ich monatelang geschrieben und immer wieder Dinge erg\u00e4nzt. Falls es von Interesse ist: Unter https:\/\/mama-im-job.de\/familie\/karriere\/1.-september-tag-des-briefeschreibens habe ich ausf\u00fchrlicher dazu geschrieben.<\/strong><\/em><\/span><br \/>\n<span style=\"color: #000000;\"><em><strong>Sp\u00e4ter kamen Kurzgeschichten dazu.<\/strong><\/em><\/span><br \/>\n<span style=\"color: #000000;\"><em><strong>Als das letzte Kind im Kindergarten war, habe ich die ersten l\u00e4ngeren Sachen geschrieben, um nicht durchzudrehen bei der Stille zu Hause. In die Zeit fallen auch die ersten Artikel f\u00fcr Zeitungen und Zeitschriften zum Thema Frauen und Familie.<\/strong><\/em><\/span><br \/>\n<span style=\"color: #000000;\"><em><strong>So richtig ging es los, als ich durch mein Texterinnennetzwerk die ersten Anfragen bekam, ob ich mir vorstellen k\u00f6nnte, dieses oder jenes Buch zu schreiben. Und wer bin ich, dass ich abgelehnt h\u00e4tte?<\/strong><\/em><\/span><\/p>\n<\/div>\n<p><span style=\"color: #000000;\"><em><strong>3. Warum schreibst du unter einem Pseudonym deine Geschichten? Ist das wegen dem Genre?<\/strong><\/em><\/span><\/p>\n<p><span style=\"color: #000000;\"><em><strong>Ich habe fr\u00fcher immer unter meinem normalen Namen Petra A. Bauer geschrieben und wollte das auch nicht anders. Doch als ich die SwedishRomance-Reihe begann, f\u00fchlte es sich f\u00fcr mich nicht richtig an, meinen deutschen Namen zu verwenden.<\/strong><\/em><\/span><br \/>\n<span style=\"color: #000000;\"><em><strong>Und du hast recht: Auch in Verlagen werden Pseudonyme gerne als Abgrenzung f\u00fcr Genres benutzt. Also gilt in meinem Fall: Wer B\u00fccher von Katarina Andersson-Wallin kauft, bekommt Liebesromane, die in Schweden spielen.<\/strong><\/em><\/span><\/p>\n<p><span style=\"color: #000000;\"><em><strong>4. Wie viel, von dir selbst, steckt in deinen Protagonisten?<\/strong><\/em><\/span><\/p>\n<p><span style=\"color: #000000;\"><em><strong>Wenn du meine Familie fragst: Viel<\/strong><\/em><\/span><br \/>\n<span style=\"color: #000000;\"><em><strong>Vor allem, was die Art angeht, wie einige meiner Protagonisten \u201creden\u201d. Aber nat\u00fcrlich ist einiges von meiner Erlebniswelt enthalten, wie vermutlich bei vielen Schreibenden. Das l\u00e4sst sich oft nur schwer trennen.<\/strong><\/em><\/span><\/p>\n<p><span style=\"color: #000000;\"><em><strong>5. Wie lange schreibst du so an einem deiner Romane?<\/strong><\/em><\/span><\/p>\n<p><span style=\"color: #000000;\"><em><strong>Da gibt es bei mir keinen Richtwert. Am schnellsten war ich bei meinem zweisprachigen Kinderkrimi \u201cPirates of Plymouth\u201d. Damit war ich in zw\u00f6lf Tagen fertig, obwohl ich meiner Lektorin eigentlich nur ein Expos\u00e9 abgeben sollte. Aber da ich Discovery Writer bin, entstehen meine Geschichten beim Schreiben. So ist das passiert.<\/strong><\/em><\/span><br \/>\n<span style=\"color: #000000;\"><em><strong>Ein anderes Projekt, das ich endlich fertigzustellen gedenke, habe ich vor 17 Jahren begonnen \u2026 Dabei wird es am Ende nur maximal 300 Seiten haben.<\/strong><\/em><\/span><br \/>\n<span style=\"color: #000000;\"><em><strong>2023 habe ich zwei Romane ver\u00f6ffentlicht, also brauche ich derzeit ein knappes halbes Jahr. Das kann sich aber auch wieder \u00e4ndern.<\/strong><\/em><\/span><\/p>\n<p><span style=\"color: #000000;\"><em><strong>6. Was machst du hinterher, wenn das Buch beendet und ver\u00f6ffentlicht ist? St\u00fcrzt du dich gleich in den n\u00e4chsten Schreibmarathon?<\/strong><\/em><\/span><\/p>\n<p><span style=\"color: #000000;\"><em><strong>Fr\u00fcher f\u00fchlte ich mich dann immer ein bisschen lost, bis auf das Jahr, in dem ich f\u00fcnf Verlagsvertr\u00e4ge zu erf\u00fcllen hatte. Da blieb mir nichts anderes \u00fcbrig, als direkt weiterzuschreiben.<\/strong><\/em><\/span><br \/>\n<span style=\"color: #000000;\"><em><strong>Heute wird die Phase danach zun\u00e4chst von Marketingma\u00dfnahmen bestimmt. Das kostet immer reichlich Zeit. Aber da ich jetzt meinen kleinen Eigenverlag lion23book.de habe, muss ich nat\u00fcrlich f\u00fcr kontinuierlichen Nachschub sorgen, also schreibe ich danach auch weiter. Derzeit arbeite ich an SwedsihRomance3.<\/strong><\/em><\/span><\/p>\n<p><span style=\"color: #000000;\"><em><strong>7. Wenn Du eine traurige, witzige oder spannende Szene schreibst, f\u00fchlst du dann mit?<\/strong><\/em><\/span><\/p>\n<p><span style=\"color: #000000;\"><em><strong>Ja, das tue ich. Vor allem, wenn ich im Flow bin und eine traurige oder lustige Szene sich quasi wie von selbst schreibt. Ich stecke dann ziemlich tief drin und dann bleibt das Mitf\u00fchlen gar nicht aus. Bei Lussekattertage war beispielsweise die Szene mit dem entdeckten Plattenspieler ziemlich intensiv.<\/strong><\/em><\/span><\/p>\n<p><span style=\"color: #000000;\"><em><strong>8. Ist dir Kritik von deinen Lesern wichtig und wie gehst du damit um?<\/strong><\/em><\/span><\/p>\n<p><span style=\"color: #000000;\"><em><strong>Konstruktive Kritik finde ich gut, und wenn es passt, setze ich davon in den n\u00e4chsten Projekten auch etwas um. Nat\u00fcrlich kann und will ich nicht alles \u00e4ndern, was die Lesenden sich w\u00fcnschen. Au\u00dferdem sind Rezensionen ohnehin nicht f\u00fcr die Autor:innen da, sondern um anderen Lesenden mitzuteilen, wie ein Buch gefallen hat und eine Kaufempfehlung zu geben. Im Nachhinein wird aufgrund solcher Rezis keine Autorin ihr bereits ver\u00f6ffentlichtes Buch umschreiben (was manche Rezensenten zu denken scheinen).<\/strong><\/em><\/span><br \/>\n<span style=\"color: #000000;\"><em><strong>Kritik, die nur darauf abzielt mich zu verletzen, ignoriere ich so gut es geht. Aber zum Gl\u00fcck sind die Rezensionen f\u00fcr meine B\u00fccher meist positiv und liebevoll und machen mir wirklich Freude.<\/strong><\/em><\/span><\/p>\n<p><span style=\"color: #000000;\"><em><strong>9. Welches von den folgenden Fragen, trifft eher auf dich zu?<\/strong><\/em><\/span><\/p>\n<p><span style=\"color: #000000;\"><em><strong>Kaffee oder Tee? \u2013 Immer Tee, manchmal zus\u00e4tzlich Coffee Mocha (Espresso mit Kakao und Milchschaum).<\/strong><\/em><\/span><\/p>\n<p><span style=\"color: #000000;\"><em><strong>Sommer oder Winter? \u2013 Herbst. Ich liebe diese Farben! Fr\u00fcher mochte ich den Sommer gerne, aber bei den irrsinnigen Temperaturen, die inzwischen unsere Sommer bestimmen, bin ich raus. Winter war mir immer zu kalt, aber trockene -16 C\u00b0 in Schweden haben sogar mich zu zweist\u00fcndigen Spazierg\u00e4ngen im Pulverschnee aus dem Haus gelockt.<\/strong><\/em><\/span><\/p>\n<p><span style=\"color: #000000;\"><em><strong>Gut oder B\u00f6se? \u2013 Oh, ich hoffe doch gut! Und bei meinen B\u00fcchern habe ich Schwierigkeiten damit, fiese Antagonisten zu erschaffen.<\/strong><\/em><\/span><\/p>\n<p><span style=\"color: #000000;\"><em><strong>S\u00fc\u00df oder Sauer? \u2013 Salzig. Aber wenn ich zwischen s\u00fc\u00df und sauer w\u00e4hlen muss, dann eher s\u00fc\u00df.<\/strong><\/em><\/span><\/p>\n<p><span style=\"color: #000000;\"><em><strong>Print oder Ebook? \u2013 Print im Erdgeschoss, Ebook abends im Bett.<\/strong><\/em><\/span><\/p>\n<p><span style=\"color: #000000;\"><em><strong>Film oder Buch? \u2013 Buch. Ich war von Buchverfilmungen oft entt\u00e4uscht. Ich habe mich beispielsweise geweigert Die unendliche Geschichte zu sehen, weil alleine die Tatsache, dass es zu diesem Buch einen Film gibt, vollkommen der Aussage des Buches widerspricht. Schlie\u00dflich geht es darum, die Fantasie aufrechtzuerhalten. Stattdessen habe ich den Drachen Fuchur \u2013 dank der Filmtrailer, denen man nicht entkommen konnte \u2013 bis zum heutigen Tag als h\u00e4sslichen fliegenden Hund im Kopf, obwohl er in meiner Vorstellung beim Lesen sehr h\u00fcbsch war. Die Harry Potter-Verfilmungen kamen allerdings meinen Lese-Vorstellungen sehr nahe.<\/strong><\/em><\/span><\/p>\n<p><span style=\"color: #000000;\"><em><strong>Fernsehen oder Lesen? \u2013 Ich liebe TV-Serien! Die gucke ich am liebsten mit unserer J\u00fcngsten, wenn sie da ist, weil wir da so ziemlich auf einer Wellenl\u00e4nge liegen.<\/strong><\/em><\/span><br \/>\n<span style=\"color: #000000;\"><em><strong>Ich lese eigentlich erst wenn ich im Bett bin (oder auf der Toilette). Sobald ich am Schreibtisch oder in meinem Sessel im Wohnzimmer sitze, schreibe ich oder mache andere Dinge die f\u00fcr mein Verlagsbusiness wichtig sind. Dann bleibt der Fernseher tags\u00fcber definitiv aus und ich lese auch keine B\u00fccher.<\/strong><\/em><\/span><\/p>\n<p><span style=\"color: #000000;\"><em><strong>10. Bist du auch auf Messen, wie LBM und FBM &amp; Co anzutreffen? Was machst du dann auf so einer Veranstaltung?<\/strong><\/em><\/span><\/p>\n<p><span style=\"color: #000000;\"><em><strong>Auf der FBM war ich 2003 bis 2005. Das war schon ziemlich cool \u2013 auch die Verlagspartys. Viele (angehende) Autor:innen sagen, die vielen B\u00fccher w\u00fcrden sie einsch\u00fcchtern. Ich habe es eher so gesehen: Wenn so viele Schreibende es schaffen B\u00fccher zu ver\u00f6ffentlichen, schaffe ich das auch. Mein erstes Buch erschien dann ja auch 2004.<\/strong><\/em><\/span><br \/>\n<span style=\"color: #000000;\"><em><strong>Ich bin auf der Messe damals immer mit meinem writingwoman-T-Shirt herumgelaufen und habe mich fragen lassen, was ich denn so schreibe. Das war wirklich hilfreich und hat mir interessante Kontakte beschert.<\/strong><\/em><\/span><br \/>\n<span style=\"color: #000000;\"><em><strong>Ich fand den Messetrubel aber mega anstrengend, weil die FBM nochmal gr\u00f6\u00dfer und businessm\u00e4\u00dfiger ist als die LBM und so weit weg, dass ich zwangsl\u00e4ufig \u00fcbernachten muss. Seither bin ich nur noch in Leipzig anzutreffen, wobei ich nicht ausschlie\u00dfen will, auch nochmal nach Frankfurt zu fahren, wenn es einen konkreten Anlass daf\u00fcr geben sollte.<\/strong><\/em><\/span><br \/>\n<span style=\"color: #000000;\"><em><strong>In Leipzig bin ich halb beruflich, halb privat mit meiner \u00e4lteren Tochter, die in unserer Familie die unangefochtene Leseratte ist (wenn man von ihrer zweij\u00e4hrigen Tochter absieht, die an keinem Buch vorbeikommt, ohne dass es jemand vorlesen muss. Manche kann sie inzwischen auswendig nachsprechen). Ich war aber auch mehrfach nur samstags da, um an der Leipziger Autor\/innenrunde teilzunehmen (https:\/\/autorinnenrunde.de\/). Da empfiehlt es sich aber nicht auf der Messe herumzulaufen, denn samstags gibt es kein Vorankommen in den Hallen.<\/strong><\/em><\/span><br \/>\n<span style=\"color: #000000;\"><em><strong>Im letzten Jahr hat unsere Enkelin (die \u00e4ltere) zwei Autorinnen f\u00fcr meinen Podcast interviewt \u2013 das war auch lustig. F\u00fcr 2025 \u00fcberlege ich, gemeinsam mit einer Freundin einen eigenen Stand zu buchen. Das h\u00e4ngt ein bisschen davon ab, ob ich mein Ver\u00f6ffentlichungsziel f\u00fcr dieses Jahr erreiche, damit sich ein Stand auch lohnt.<\/strong><\/em><\/span><\/p>\n","protected":false},"excerpt":{"rendered":"<p>\u273d\u2022*\u00a8*\u2022\u0e51\u273f\u0e51\u2605 Autoreninterview \u2605\u0e51\u273f\u0e51\u2022*\u00a8*\u2022\u273d 1. Wer ist Petra A. Bauer\/Katarina Andersson-Wallin? Magst du dich mal vorstellen? Petra ist eine leicht desorganisierte Mutter von vier Kindern und Oma von zwei Enkelm\u00e4dchen. Sie ist seit 40 Jahren mit demselben\u00a0Mann zusammen und seit 25 &hellip; <a href=\"https:\/\/www.richteronweb.de\/?p=24093\">Weiterlesen <span class=\"meta-nav\">&rarr;<\/span><\/a><\/p>\n","protected":false},"author":1,"featured_media":0,"comment_status":"open","ping_status":"open","sticky":false,"template":"","format":"standard","meta":{"_jetpack_memberships_contains_paid_content":false,"footnotes":""},"categories":[1],"tags":[],"class_list":["post-24093","post","type-post","status-publish","format-standard","hentry","category-lesebuch"],"jetpack_featured_media_url":"","jetpack_sharing_enabled":true,"_links":{"self":[{"href":"https:\/\/www.richteronweb.de\/index.php?rest_route=\/wp\/v2\/posts\/24093","targetHints":{"allow":["GET"]}}],"collection":[{"href":"https:\/\/www.richteronweb.de\/index.php?rest_route=\/wp\/v2\/posts"}],"about":[{"href":"https:\/\/www.richteronweb.de\/index.php?rest_route=\/wp\/v2\/types\/post"}],"author":[{"embeddable":true,"href":"https:\/\/www.richteronweb.de\/index.php?rest_route=\/wp\/v2\/users\/1"}],"replies":[{"embeddable":true,"href":"https:\/\/www.richteronweb.de\/index.php?rest_route=%2Fwp%2Fv2%2Fcomments&post=24093"}],"version-history":[{"count":15,"href":"https:\/\/www.richteronweb.de\/index.php?rest_route=\/wp\/v2\/posts\/24093\/revisions"}],"predecessor-version":[{"id":24363,"href":"https:\/\/www.richteronweb.de\/index.php?rest_route=\/wp\/v2\/posts\/24093\/revisions\/24363"}],"wp:attachment":[{"href":"https:\/\/www.richteronweb.de\/index.php?rest_route=%2Fwp%2Fv2%2Fmedia&parent=24093"}],"wp:term":[{"taxonomy":"category","embeddable":true,"href":"https:\/\/www.richteronweb.de\/index.php?rest_route=%2Fwp%2Fv2%2Fcategories&post=24093"},{"taxonomy":"post_tag","embeddable":true,"href":"https:\/\/www.richteronweb.de\/index.php?rest_route=%2Fwp%2Fv2%2Ftags&post=24093"}],"curies":[{"name":"wp","href":"https:\/\/api.w.org\/{rel}","templated":true}]}}