{"id":23555,"date":"2023-10-16T11:04:56","date_gmt":"2023-10-16T09:04:56","guid":{"rendered":"https:\/\/www.richteronweb.de\/?p=23555"},"modified":"2023-10-18T10:51:14","modified_gmt":"2023-10-18T08:51:14","slug":"interview-mit-claudius-croenert","status":"publish","type":"post","link":"https:\/\/www.richteronweb.de\/?p=23555","title":{"rendered":"Interview mit Claudius Cr\u00f6nert"},"content":{"rendered":"<p><em><strong><span id=\"fbPhotoSnowliftCaption\" class=\"fbPhotosPhotoCaption\" tabindex=\"0\" data-ft=\"{&quot;tn&quot;:&quot;K&quot;}\"><span class=\"hasCaption\">\u273d\u2022*\u00a8*\u2022\u0e51\u273f\u0e51\u2605 Autoreninterview \u2605\u0e51\u273f\u0e51\u2022*\u00a8*\u2022\u273d<\/span><\/span><\/strong><\/em><\/p>\n<p><i><b>1. Wer ist<\/b><strong> <em>Claudius Cr\u00f6nert<\/em><\/strong><\/i><strong><em>? Magst du dich mal vorstellen?<\/em><\/strong><i><b><\/b><\/i><\/p>\n<p><a href=\"https:\/\/www.richteronweb.de\/wp-content\/uploads\/2023\/10\/Claudius-Croenert.jpg\"><img loading=\"lazy\" decoding=\"async\" class=\"alignnone size-medium wp-image-23576\" src=\"https:\/\/www.richteronweb.de\/wp-content\/uploads\/2023\/10\/Claudius-Croenert-300x220.jpg\" alt=\"\" width=\"300\" height=\"220\" srcset=\"https:\/\/www.richteronweb.de\/wp-content\/uploads\/2023\/10\/Claudius-Croenert-300x220.jpg 300w, https:\/\/www.richteronweb.de\/wp-content\/uploads\/2023\/10\/Claudius-Croenert-700x514.jpg 700w, https:\/\/www.richteronweb.de\/wp-content\/uploads\/2023\/10\/Claudius-Croenert-768x564.jpg 768w, https:\/\/www.richteronweb.de\/wp-content\/uploads\/2023\/10\/Claudius-Croenert-900x661.jpg 900w, https:\/\/www.richteronweb.de\/wp-content\/uploads\/2023\/10\/Claudius-Croenert.jpg 1229w\" sizes=\"auto, (max-width: 300px) 100vw, 300px\" \/><\/a><\/p>\n<p><em><strong>Ich wurde 1961 in Hamburg geboren und bin dort aufgewachsen, lebe aber seit langer Zeit in Berlin, wo ich auch studiert habe (Philosophie und Kunstgeschichte). Viele Jahre habe ich als Journalist gearbeitet. Inzwischen bin ich nur noch Romanautor.<\/strong><\/em><\/p>\n<p><em><strong>2.<\/strong><\/em> <em><strong>Die wohl meist gestellte Frage: Wie bist du zum Schreiben gekommen?<\/strong><\/em><\/p>\n<p><em><strong>Ich habe schon immer geschrieben, schon als Kind, deshalb w\u00fcrde ich sagen: Das Schreiben war in meinem Leben einfach da.<\/strong><\/em><\/p>\n<p><em><strong>3. Du wurdest mit dem Buch \u201cDas ewige Licht von Notre Dame\u201d f\u00fcr den Goldenen Homer 2023 nominiert. Das ist ein Preis f\u00fcr hervoragende Historische Literatur. Wie hast du dich gef\u00fchlt, als du von der Nomminierung erfahren hast?<\/strong><\/em><\/p>\n<p><a href=\"https:\/\/www.richteronweb.de\/wp-content\/uploads\/2023\/07\/358644906_6438525679573240_9133155271940104520_n.jpg\"><img loading=\"lazy\" decoding=\"async\" class=\"alignnone size-medium wp-image-22728\" src=\"https:\/\/www.richteronweb.de\/wp-content\/uploads\/2023\/07\/358644906_6438525679573240_9133155271940104520_n-300x300.jpg\" alt=\"\" width=\"300\" height=\"300\" srcset=\"https:\/\/www.richteronweb.de\/wp-content\/uploads\/2023\/07\/358644906_6438525679573240_9133155271940104520_n-300x300.jpg 300w, https:\/\/www.richteronweb.de\/wp-content\/uploads\/2023\/07\/358644906_6438525679573240_9133155271940104520_n-700x700.jpg 700w, https:\/\/www.richteronweb.de\/wp-content\/uploads\/2023\/07\/358644906_6438525679573240_9133155271940104520_n-150x150.jpg 150w, https:\/\/www.richteronweb.de\/wp-content\/uploads\/2023\/07\/358644906_6438525679573240_9133155271940104520_n-768x768.jpg 768w, https:\/\/www.richteronweb.de\/wp-content\/uploads\/2023\/07\/358644906_6438525679573240_9133155271940104520_n-88x88.jpg 88w, https:\/\/www.richteronweb.de\/wp-content\/uploads\/2023\/07\/358644906_6438525679573240_9133155271940104520_n-900x900.jpg 900w, https:\/\/www.richteronweb.de\/wp-content\/uploads\/2023\/07\/358644906_6438525679573240_9133155271940104520_n.jpg 1080w\" sizes=\"auto, (max-width: 300px) 100vw, 300px\" \/><\/a><\/p>\n<p><span style=\"color: #000000;\"><em><strong>Als die Shortlist anl\u00e4sslich der Leipziger Buchmesse ver\u00f6ffentlicht wurde und mein Buch darauf stand, war ich stolz.<\/strong> <\/em><\/span><\/p>\n<p><strong><i>4. <\/i><\/strong><span class=\"5yl5\"><i><strong>Wie lange hast du an dem Buch gearbeitet<\/strong><\/i><\/span><em><strong>? <\/strong><\/em><em><strong>Wie verlief die Recherche zu diesem Buch? Welche Rolle spielen wahre Hintergr\u00fcnde und Fakten?<\/strong><\/em><\/p>\n<p><span style=\"color: #000000;\"><em><strong>Ich habe ca. acht Monate an dem Buch gearbeitet. Da ich schon zwei Mittelalter-Romane geschrieben hatte, konnte ich auf ein vorhandenes Wissen bauen. Fragen zum Bau habe ich haupts\u00e4chlich gelesen. Die Kathedrale selbst kannte ich von fr\u00fcheren Besuchen in Paris.<\/strong><\/em><\/span><\/p>\n<p><em><strong>5. Erz\u00e4hl uns doch ein wenig aus deinem Schreiballtag. Wie sieht ein typischer Schreibtag bei dir aus? Hast du bestimmte Rituale?<br \/>\n<\/strong><\/em><\/p>\n<p><em><strong><span style=\"color: #000000;\">Rituale habe ich nicht, aber doch einen Rhythmus, dem ich recht stetig folge. Ich schreibe zu Hause, vor allem morgens und am Vormittag, sechs Tage die Woche. Am Sonntag ist frei. Und so sieht mein Arbeitsplatz aus:<\/span><\/strong><\/em><\/p>\n<p><a href=\"https:\/\/www.richteronweb.de\/wp-content\/uploads\/2023\/10\/claudius-1.jpg\"><img loading=\"lazy\" decoding=\"async\" class=\"alignnone size-medium wp-image-23579\" src=\"https:\/\/www.richteronweb.de\/wp-content\/uploads\/2023\/10\/claudius-1-300x225.jpg\" alt=\"\" width=\"300\" height=\"225\" srcset=\"https:\/\/www.richteronweb.de\/wp-content\/uploads\/2023\/10\/claudius-1-300x225.jpg 300w, https:\/\/www.richteronweb.de\/wp-content\/uploads\/2023\/10\/claudius-1.jpg 640w\" sizes=\"auto, (max-width: 300px) 100vw, 300px\" \/><\/a><\/p>\n<p><em><strong>6. Was machst du hinterher, wenn das Buch beendet und ver\u00f6ffentlicht ist? <\/strong><strong>St\u00fcrzt du dich gleich in einen neuen Schreibmodus?<\/strong><\/em><\/p>\n<p><span style=\"color: #000000;\"><em><strong>Zwischen dem Tag, an dem das Manuskript bzw. das Lektorat beendet ist, und der Ver\u00f6ffentlichung des Buches vergeht einige Zeit. Insofern: Wenn das Buch erscheint, stecke ich l\u00e4ngst in einem anderen Projekt. So ist der Job.<\/strong><\/em><\/span><\/p>\n<p><em><strong>7. Du hast bereits mehrere B\u00fccher geschrieben und ver\u00f6ffentlicht. G<\/strong><\/em><em><strong>ibt es noch Romanideen f\u00fcr andere Genre?<\/strong><\/em><\/p>\n<p><span style=\"color: #000000;\"><em><strong>Ja, die gibt es. Ich habe derzeit Ideen f\u00fcr zwei zeitgeschichtliche Romane und f\u00fcr eine Reihe, die in der Antike spielt.<\/strong><\/em><\/span><\/p>\n<p><em><strong>8. Wei\u00dft du bereits vorher genau, was in deinen B\u00fcchern passiert, d.h. arbeitest du dich an einen genauen Handlungsplan entlang oder brechen dir die Figuren schon mal aus und erfinden ihre ganz eigene Geschichte?<br \/>\n<\/strong><\/em><\/p>\n<p><span style=\"color: #000000;\"><em><strong>Auf diese Frage antworte ich mit einem Sowohl-Als auch. Ich entwerfe einen Handlungsplanung, halte mich aber nicht sklavisch daran.<\/strong><\/em><\/span><\/p>\n<p><em><strong>9. Gibt es bereits neue Projekte, die in Arbeit sind und von denen du erz\u00e4hlen m\u00f6chtest bzw. darfst?<\/strong><\/em><\/p>\n<p><em><strong>Ver\u00f6ffentlicht wurde Ende August mein neuer Roman \u201eDie Kathedrale des K\u00f6nigs\u201c (Ullstein-Verlag). Derzeit schreibe ich an einem weiteren Mittelalter-Roman, der aber nichts mit dem Bau einer Kirche zu tun hat. Es ist der erste Teil einer Trilogie.<\/strong><\/em><\/p>\n<p><em><strong>10. Wie wichtig sind dir die Rezensionen der Leser? Kannst du auch mit der Kritik arbeiten?<\/strong><\/em><\/p>\n<p><span style=\"color: #000000;\"><em><strong>Selbstverst\u00e4ndlich nehme ich Kritik an und auf. Ich versuche zu verstehen, was die Leser interessiert. Allerdings ist das Feedback oft widerspr\u00fcchlich \u2013 die eine mag, was den anderen langweilt. Aber so ist es eben. Romane haben viel mit pers\u00f6nlichem Geschmack zu tun.<\/strong><\/em><\/span><\/p>\n","protected":false},"excerpt":{"rendered":"<p>\u273d\u2022*\u00a8*\u2022\u0e51\u273f\u0e51\u2605 Autoreninterview \u2605\u0e51\u273f\u0e51\u2022*\u00a8*\u2022\u273d 1. Wer ist Claudius Cr\u00f6nert? Magst du dich mal vorstellen? Ich wurde 1961 in Hamburg geboren und bin dort aufgewachsen, lebe aber seit langer Zeit in Berlin, wo ich auch studiert habe (Philosophie und Kunstgeschichte). Viele Jahre &hellip; <a href=\"https:\/\/www.richteronweb.de\/?p=23555\">Weiterlesen <span class=\"meta-nav\">&rarr;<\/span><\/a><\/p>\n","protected":false},"author":1,"featured_media":0,"comment_status":"open","ping_status":"open","sticky":false,"template":"","format":"standard","meta":{"_jetpack_memberships_contains_paid_content":false,"footnotes":""},"categories":[1],"tags":[],"class_list":["post-23555","post","type-post","status-publish","format-standard","hentry","category-lesebuch"],"jetpack_featured_media_url":"","jetpack_sharing_enabled":true,"_links":{"self":[{"href":"https:\/\/www.richteronweb.de\/index.php?rest_route=\/wp\/v2\/posts\/23555","targetHints":{"allow":["GET"]}}],"collection":[{"href":"https:\/\/www.richteronweb.de\/index.php?rest_route=\/wp\/v2\/posts"}],"about":[{"href":"https:\/\/www.richteronweb.de\/index.php?rest_route=\/wp\/v2\/types\/post"}],"author":[{"embeddable":true,"href":"https:\/\/www.richteronweb.de\/index.php?rest_route=\/wp\/v2\/users\/1"}],"replies":[{"embeddable":true,"href":"https:\/\/www.richteronweb.de\/index.php?rest_route=%2Fwp%2Fv2%2Fcomments&post=23555"}],"version-history":[{"count":7,"href":"https:\/\/www.richteronweb.de\/index.php?rest_route=\/wp\/v2\/posts\/23555\/revisions"}],"predecessor-version":[{"id":23669,"href":"https:\/\/www.richteronweb.de\/index.php?rest_route=\/wp\/v2\/posts\/23555\/revisions\/23669"}],"wp:attachment":[{"href":"https:\/\/www.richteronweb.de\/index.php?rest_route=%2Fwp%2Fv2%2Fmedia&parent=23555"}],"wp:term":[{"taxonomy":"category","embeddable":true,"href":"https:\/\/www.richteronweb.de\/index.php?rest_route=%2Fwp%2Fv2%2Fcategories&post=23555"},{"taxonomy":"post_tag","embeddable":true,"href":"https:\/\/www.richteronweb.de\/index.php?rest_route=%2Fwp%2Fv2%2Ftags&post=23555"}],"curies":[{"name":"wp","href":"https:\/\/api.w.org\/{rel}","templated":true}]}}