{"id":23034,"date":"2023-08-08T09:05:24","date_gmt":"2023-08-08T07:05:24","guid":{"rendered":"https:\/\/www.richteronweb.de\/?p=23034"},"modified":"2023-08-08T09:06:33","modified_gmt":"2023-08-08T07:06:33","slug":"leuchtturmherzen-von-silvia-konnerth","status":"publish","type":"post","link":"https:\/\/www.richteronweb.de\/?p=23034","title":{"rendered":"Leuchtturmherzen von Silvia Konnerth"},"content":{"rendered":"<p><a href=\"https:\/\/www.richteronweb.de\/wp-content\/uploads\/2023\/08\/img_20230725_123311694406145290504988-scaled.jpg\"><img loading=\"lazy\" decoding=\"async\" class=\"alignnone size-medium wp-image-22981\" src=\"https:\/\/www.richteronweb.de\/wp-content\/uploads\/2023\/08\/img_20230725_123311694406145290504988-225x300.jpg\" alt=\"\" width=\"225\" height=\"300\" srcset=\"https:\/\/www.richteronweb.de\/wp-content\/uploads\/2023\/08\/img_20230725_123311694406145290504988-225x300.jpg 225w, https:\/\/www.richteronweb.de\/wp-content\/uploads\/2023\/08\/img_20230725_123311694406145290504988-700x933.jpg 700w, https:\/\/www.richteronweb.de\/wp-content\/uploads\/2023\/08\/img_20230725_123311694406145290504988-768x1024.jpg 768w, https:\/\/www.richteronweb.de\/wp-content\/uploads\/2023\/08\/img_20230725_123311694406145290504988-1152x1536.jpg 1152w, https:\/\/www.richteronweb.de\/wp-content\/uploads\/2023\/08\/img_20230725_123311694406145290504988-1536x2048.jpg 1536w, https:\/\/www.richteronweb.de\/wp-content\/uploads\/2023\/08\/img_20230725_123311694406145290504988-900x1200.jpg 900w, https:\/\/www.richteronweb.de\/wp-content\/uploads\/2023\/08\/img_20230725_123311694406145290504988-1280x1707.jpg 1280w, https:\/\/www.richteronweb.de\/wp-content\/uploads\/2023\/08\/img_20230725_123311694406145290504988-scaled.jpg 1920w\" sizes=\"auto, (max-width: 225px) 100vw, 225px\" \/><\/a><\/p>\n<p>\u273f*\uff9f\u00a8\uff9f\u270e\u2026. <span style=\"color: #000000;\"><em><strong>Literatur f\u00fcr das Herz<\/strong><\/em><\/span><\/p>\n<p><span style=\"color: #000000;\"><em><strong>Ich bin Wiederholungsleserin mit den Geschichten von der Autorin Silvia Konnerth. Sie schafft es mich immer wieder gef\u00fchlsm\u00e4\u00dfig in viele Schichten mitzunehmen. Familie, Gl\u00fcck, Liebe, Trauer, Tod u.a. Dann hat sie einen guten Schreibstil, in dem man sich einfach fallen lassen kann ohne sich anstrengen zu m\u00fcssen. Man genie\u00dft die Lesezeit! Diesmal haben wir einige Protagonisten. Aber Marie und Hannes haben die Geschichte erz\u00e4hlt. Denn Simon ist leider zu fr\u00fch gegangen und die Familie von Marie gibt ihr die n\u00f6tige St\u00fctze und Sicherheit. Marie und Hannes haben eine unterschiedliche Art ihre Trauer, um den verungl\u00fcckten Simon zu verarbeiten. Aber Jahre sp\u00e4ter treffen sie sich wieder. Nur ist das eine M\u00f6glichkeit sich ihren \u00c4ngsten nun zu stellen. Echt gut geschrieben, leider war es zwischenzeitlich aber auch mal zu langatmig. Allerdings eine Geschichte mit Trauerbew\u00e4ltigung ist nicht Ohne. Ich habe viel geheult, beim Lesen kommen einem die eigenen Gedanken von Verstorbenen an die Oberfl\u00e4che und man muss noch mehr heulen. Das Buch erschien mit den 432 Seiten im Blanvalet Verlag. Absolute Leseempfehlung!<\/strong> <\/em><\/span><\/p>\n","protected":false},"excerpt":{"rendered":"<p>\u273f*\uff9f\u00a8\uff9f\u270e\u2026. Literatur f\u00fcr das Herz Ich bin Wiederholungsleserin mit den Geschichten von der Autorin Silvia Konnerth. Sie schafft es mich immer wieder gef\u00fchlsm\u00e4\u00dfig in viele Schichten mitzunehmen. Familie, Gl\u00fcck, Liebe, Trauer, Tod u.a. Dann hat sie einen guten Schreibstil, in &hellip; <a href=\"https:\/\/www.richteronweb.de\/?p=23034\">Weiterlesen <span class=\"meta-nav\">&rarr;<\/span><\/a><\/p>\n","protected":false},"author":1,"featured_media":0,"comment_status":"open","ping_status":"open","sticky":false,"template":"","format":"standard","meta":{"_jetpack_memberships_contains_paid_content":false,"footnotes":""},"categories":[1],"tags":[],"class_list":["post-23034","post","type-post","status-publish","format-standard","hentry","category-lesebuch"],"jetpack_featured_media_url":"","jetpack_sharing_enabled":true,"_links":{"self":[{"href":"https:\/\/www.richteronweb.de\/index.php?rest_route=\/wp\/v2\/posts\/23034","targetHints":{"allow":["GET"]}}],"collection":[{"href":"https:\/\/www.richteronweb.de\/index.php?rest_route=\/wp\/v2\/posts"}],"about":[{"href":"https:\/\/www.richteronweb.de\/index.php?rest_route=\/wp\/v2\/types\/post"}],"author":[{"embeddable":true,"href":"https:\/\/www.richteronweb.de\/index.php?rest_route=\/wp\/v2\/users\/1"}],"replies":[{"embeddable":true,"href":"https:\/\/www.richteronweb.de\/index.php?rest_route=%2Fwp%2Fv2%2Fcomments&post=23034"}],"version-history":[{"count":4,"href":"https:\/\/www.richteronweb.de\/index.php?rest_route=\/wp\/v2\/posts\/23034\/revisions"}],"predecessor-version":[{"id":23038,"href":"https:\/\/www.richteronweb.de\/index.php?rest_route=\/wp\/v2\/posts\/23034\/revisions\/23038"}],"wp:attachment":[{"href":"https:\/\/www.richteronweb.de\/index.php?rest_route=%2Fwp%2Fv2%2Fmedia&parent=23034"}],"wp:term":[{"taxonomy":"category","embeddable":true,"href":"https:\/\/www.richteronweb.de\/index.php?rest_route=%2Fwp%2Fv2%2Fcategories&post=23034"},{"taxonomy":"post_tag","embeddable":true,"href":"https:\/\/www.richteronweb.de\/index.php?rest_route=%2Fwp%2Fv2%2Ftags&post=23034"}],"curies":[{"name":"wp","href":"https:\/\/api.w.org\/{rel}","templated":true}]}}