{"id":22762,"date":"2023-08-06T14:31:04","date_gmt":"2023-08-06T12:31:04","guid":{"rendered":"https:\/\/www.richteronweb.de\/?p=22762"},"modified":"2023-10-18T10:35:42","modified_gmt":"2023-10-18T08:35:42","slug":"interview-mit-stina-jensen","status":"publish","type":"post","link":"https:\/\/www.richteronweb.de\/?p=22762","title":{"rendered":"Interview mit Stina Jensen"},"content":{"rendered":"<p><em><strong><span id=\"fbPhotoSnowliftCaption\" class=\"fbPhotosPhotoCaption\" tabindex=\"0\" data-ft=\"{&quot;tn&quot;:&quot;K&quot;}\"><span class=\"hasCaption\">\u273d\u2022*\u00a8*\u2022\u0e51\u273f\u0e51\u2605 Autoreninterview \u2605\u0e51\u273f\u0e51\u2022*\u00a8*\u2022\u273d<\/span><\/span><\/strong><\/em><\/p>\n<p><em><strong>1. Wer ist Stina Jensen? Magst du dich mal vorstellen?<br \/>\n<\/strong><\/em><\/p>\n<p><a href=\"https:\/\/www.richteronweb.de\/wp-content\/uploads\/2023\/07\/stina-jensen-1-scaled.jpg\"><img loading=\"lazy\" decoding=\"async\" class=\"alignnone size-medium wp-image-23008\" src=\"https:\/\/www.richteronweb.de\/wp-content\/uploads\/2023\/07\/stina-jensen-1-300x200.jpg\" alt=\"\" width=\"300\" height=\"200\" srcset=\"https:\/\/www.richteronweb.de\/wp-content\/uploads\/2023\/07\/stina-jensen-1-300x200.jpg 300w, https:\/\/www.richteronweb.de\/wp-content\/uploads\/2023\/07\/stina-jensen-1-700x467.jpg 700w, https:\/\/www.richteronweb.de\/wp-content\/uploads\/2023\/07\/stina-jensen-1-768x513.jpg 768w, https:\/\/www.richteronweb.de\/wp-content\/uploads\/2023\/07\/stina-jensen-1-1536x1025.jpg 1536w, https:\/\/www.richteronweb.de\/wp-content\/uploads\/2023\/07\/stina-jensen-1-2048x1367.jpg 2048w, https:\/\/www.richteronweb.de\/wp-content\/uploads\/2023\/07\/stina-jensen-1-900x601.jpg 900w, https:\/\/www.richteronweb.de\/wp-content\/uploads\/2023\/07\/stina-jensen-1-1280x854.jpg 1280w\" sizes=\"auto, (max-width: 300px) 100vw, 300px\" \/><\/a><\/p>\n<p><span style=\"color: #000000;\"><em><strong>Im richtigen Leben hei\u00dfe ich Ivonne Keller. Da meine ersten Romane Thriller waren, habe ich \u2013 auch, um f\u00fcr die Leser:innen den Genrewechsel transparenter zu machen \u2013 f\u00fcr die Liebesromane ein Pseudonym gew\u00e4hlt, mit dem ich mich wohlf\u00fchle und das einen nordischen Touch hat. Als Stina Jensen schreibe ich inzwischen aber auch Krimis. \u00dcbrigens, bitte keine Hemmungen haben, mich als Stina anzusprechen, ich reagiere auf diesen Namen wie auf meinen eigenen. <\/strong><\/em><\/span><\/p>\n<p><span style=\"color: #000000;\"><em><strong>2. Die wohl meist gestellte Frage: Wie bist du zum Schreiben gekommen?<\/strong><\/em><\/span><\/p>\n<p><span style=\"color: #000000;\"><em><strong>Das kann jede:r sehr gerne <a style=\"color: #000000;\" href=\"https:\/\/www.ivonne-keller.de\/ueber-mich\">hier<\/a> nachlesen. Es war wirklich zuf\u00e4llig! Obwohl ein Freund immer sagt, ich h\u00e4tte schon als Jugendliche erz\u00e4hlt, ich w\u00fcrde so gern mal einen Schwedenkrimi schreiben. Dazu ist es zwar nie gekommen, aber der Traum vom Schreiben war offenbar vorhanden.<\/strong><\/em><\/span><\/p>\n<p><span style=\"color: #000000;\"><em><strong>3. Soeben ist dein neuer Roman &#8220;St\u00fcrmisch verliebt (Inselk\u00fcsse &amp; Strandkorbgl\u00fcck 2)&#8221; im Buchhandel erschienen. Du hast mit drei anderen Autoren eine Buchreihe erschaffen. Magst du uns etwas \u00fcber eure Zusammenarbeit erz\u00e4hlen, oder wie es dazu gekommen ist, ein Projekt gemeinsam zu starten?<\/strong><\/em><\/span><\/p>\n<p><span style=\"color: #000000;\"><em><strong>Im Mai 2022 ist eine Anfrage von Karin Lindberg in mein Facebook-Postfach geflattert. Wir kannten uns schon von Buchmessen und \u00fcber tolino media und waren uns sympathisch. Sie hat mich gefragt, ob ich Interesse h\u00e4tte, bei einer Buchreihe mit ein paar Autorinnen mitzumachen, Karin Koenicke w\u00e4re auch mit im Boot. Ich habe spontan Ja gesagt, denn was kann einem als Autorin eigentlich Besseres passieren, als mal aus dem sonst so einsamen Schreibprozess auszubrechen und gemeinsam mit Gleichgesinnten zu brainstormen? Wir haben dann direkt mit der Planung losgelegt. <\/strong><\/em><\/span><\/p>\n<p><span style=\"color: #000000;\"><em><strong>4. Wie lange, hast du immer an einem deiner B\u00fccher gearbeitet? Brauchst du f\u00fcr jedes Werk gleich lang?<\/strong><\/em><\/span><\/p>\n<p><span style=\"color: #000000;\"><em><strong>Seit acht Jahren schreibe ich hauptberuflich, daher kann ich mich voll dem Schreiben widmen und brauche f\u00fcr die erste Rohfassung ca. acht Wochen. Danach folgt noch das Lektorat. Alles in allem sind es dann etwa drei Monate von der Idee bis zum fertigen Buch. Als ich noch nebenberuflich geschrieben habe, waren es acht Monate. F\u00fcr Thriller und Krimis brauche ich aber l\u00e4nger, da ich da mehr F\u00e4den in der Hand halten muss und das \u201ewer wei\u00df was wann\u201c sehr wichtig ist. Da darf man nicht den \u00dcberblick verlieren.<\/strong><\/em><\/span><\/p>\n<p><span style=\"color: #000000;\"><em><strong>5. Wie viele sind es denn mitlerweile geworden in deiner Autorenlaufbahn? Denn du schreibst ja in mehreren Genre? Warum?<\/strong><\/em><\/span><\/p>\n<p><span style=\"color: #000000;\"><em><strong>Insgesamt sind es jetzt 28 Romane. Die allermeisten sind Liebes- und Frauenromane, die an traumhaften Orten \u2013 auf Inseln oder in den Bergen \u2013 spielen. Ich mag es, eine spannende Geschichte in eine ebenso spannende oder romantische Landschaft zu verlegen \u2013 die Ideen kommen dabei dann wie von selbst. Viele Leser:innen meiner Liebesromane melden mir zur\u00fcck, dass sie meine Geschichten sehr spannend finden, insofern liegt es dann nahe, dass ich mich gelegentlich doch noch in die \u201erichtige\u201c Spannung verlege. Sie ist ein Teil meiner Kreativit\u00e4t. \u201eNur\u201c Liebe und Missverst\u00e4ndnisse w\u00e4ren mir wohl zu langweilig.<\/strong><\/em><\/span><\/p>\n<p><span style=\"color: #000000;\"><em><strong>6. Wenn Du eine traurige, witzige oder spannende Szene schreibst, f\u00fchlst du dann mit?<\/strong><\/em><\/span><\/p>\n<p><span style=\"color: #000000;\"><em><strong>Beim Schreiben selbst nicht unbedingt, da ich dann oft an den S\u00e4tzen feile, um die richtigen Worte zu finden. Aber beim \u00dcberarbeiten lache ich oft, oder aber ich kriege einen Klo\u00df im Hals. Da wei\u00df ich dann, dass ich wahrscheinlich alles richtig gemacht habe.<\/strong><\/em><\/span><\/p>\n<p><em><span style=\"color: #000000;\"><strong>7. K\u00f6nntest du deinen Arbeitsplatz beschreiben? Und wenn du aus dem Fenster deines Schreibplatzes schaust, was siehst du?<\/strong><\/span><strong><br \/>\n<\/strong><\/em><\/p>\n<p><a href=\"https:\/\/www.richteronweb.de\/wp-content\/uploads\/2023\/08\/IMG_5594-scaled.jpeg\"><img loading=\"lazy\" decoding=\"async\" class=\"alignnone size-medium wp-image-23010\" src=\"https:\/\/www.richteronweb.de\/wp-content\/uploads\/2023\/08\/IMG_5594-225x300.jpeg\" alt=\"\" width=\"225\" height=\"300\" srcset=\"https:\/\/www.richteronweb.de\/wp-content\/uploads\/2023\/08\/IMG_5594-225x300.jpeg 225w, https:\/\/www.richteronweb.de\/wp-content\/uploads\/2023\/08\/IMG_5594-700x932.jpeg 700w, https:\/\/www.richteronweb.de\/wp-content\/uploads\/2023\/08\/IMG_5594-768x1022.jpeg 768w, https:\/\/www.richteronweb.de\/wp-content\/uploads\/2023\/08\/IMG_5594-1154x1536.jpeg 1154w, https:\/\/www.richteronweb.de\/wp-content\/uploads\/2023\/08\/IMG_5594-1539x2048.jpeg 1539w, https:\/\/www.richteronweb.de\/wp-content\/uploads\/2023\/08\/IMG_5594-900x1198.jpeg 900w, https:\/\/www.richteronweb.de\/wp-content\/uploads\/2023\/08\/IMG_5594-1280x1704.jpeg 1280w, https:\/\/www.richteronweb.de\/wp-content\/uploads\/2023\/08\/IMG_5594-scaled.jpeg 1923w\" sizes=\"auto, (max-width: 225px) 100vw, 225px\" \/><\/a><\/p>\n<p><span style=\"color: #000000;\"><em><strong>Fr\u00fcher habe ich \u201e\u00fcberall\u201c geschrieben, sei es in der S-Bahn, in einer M\u00f6belhauskantine oder auch in der \u00f6rtlichen Bibliothek \u2013 nur nicht zu Hause, dort konnte ich mich noch nie gut konzentrieren. Als dann der Corona-Lockdown kam, habe ich mir im Nachbarort ein eigenes B\u00fcro gemietet, in das ich seither jeden Tag fahre wie andere zur Arbeit. Dort gibt es einen h\u00f6henverstellbaren Schreibtisch, zwei gro\u00dfe Bildschirme und auch eine Kitchenette und ein Sofa. Es ist fast wie eine kleine Wohnung. Der Blick aus dem Fenster geht zu einer Fabrikhalle. Ich sitze folglich mit dem R\u00fccken zum Fenster. <\/strong><\/em><\/span><\/p>\n<p><span style=\"color: #000000;\"><em><strong>8. Was ist bis jetzt der Sch\u00f6nste Moment in deiner bisherigen Zeit als Autorin gewesen?<\/strong><\/em><\/span><\/p>\n<p><span style=\"color: #000000;\"><em><strong>Wahrscheinlich der, als ich vor mehr als zehn Jahren von Droemer Knaur mein erstes Vertragsangebot bekam. Diese E-Mail zu lesen, war ein besonderer Moment, den ich wohl nie vergessen werde. Trotzdem habe ich mich drei Jahre und zwei weitere Thriller sp\u00e4ter f\u00fcrs Selfpublishing entschieden, da ich vom Schreiben leben wollte und das w\u00e4re als Verlagsautorin unter den gegebenen Umst\u00e4nden nicht m\u00f6glich gewesen.<\/strong><\/em><\/span><\/p>\n<p><span style=\"color: #000000;\"><em><strong>9. Hast Du Vorbilder im Schreibbereich \u2013 Lieblingsautoren oder Romane, die Du selbst gern geschrieben h\u00e4ttest?<\/strong><\/em><\/span><\/p>\n<p><span style=\"color: #000000;\"><em><strong>Ich liebe die Romane von Jojo Moyes, Marian Keyes, Rosie Walsh oder Carley Fortune, um nur ein paar zu nennen. Meist lese ich englischsprachige B\u00fccher, weil ich im Deutschen die Sprache zu oft analysiere, das hemmt meinen Lesefluss. Zuletzt habe ich auf Deutsch den Thriller\u201c Wolfskinder\u201c von Vera Buck gelesen, der mich absolut gefesselt hat. Diesen Roman h\u00e4tte ich sehr gerne selbst geschrieben. Unglaublich spannend. Eines meiner absoluten Lieblingsb\u00fccher ist \u201eDie Einsamkeit der Primzahlen\u201c von Paolo Giardano. <\/strong><\/em><\/span><\/p>\n<p><span style=\"color: #000000;\"><em><strong>10. Gibt es bereits neue Projekte, die in Arbeit sind und von denen Du erz\u00e4hlen m\u00f6chtest bzw. darfst?<\/strong><\/em><\/span><\/p>\n<p><span style=\"color: #000000;\"><em><strong>Im Oktober erscheint der siebte Teil meiner WINTERknistern-Reihe. Die Rohfassung ist gerade fertig geworden. Wie bei allen meinen Reihen wird auch in diesem Roman wieder eine Nebenfigur eines Vorg\u00e4ngerromans zur Hauptfigur. Wer \u201eMondschein, Flan und Winterherzen\u201c gelesen hat, darf sich auf ein Wiedersehen mit Melissa freuen, die \u2013 damals noch \u2013 Ehefrau von Carolas Kurkollegen Patrick auf Mallorca. Ich wollte unbedingt wissen, was es mit dieser Frau (und ihrer Ehe) auf sich hat und ob sie wirklich so selbstbewusst und stark ist, wie sie sich gab. Ich liebe es, auf diese Weise Figuren n\u00e4her kennenzulernen, die sich in meine Geschichten schleichen.<\/strong><\/em><\/span><\/p>\n<p><span style=\"color: #000000;\"><em><strong>Vielen Dank f\u00fcr die spannenden Fragen!<\/strong><\/em><\/span><\/p>\n","protected":false},"excerpt":{"rendered":"<p>\u273d\u2022*\u00a8*\u2022\u0e51\u273f\u0e51\u2605 Autoreninterview \u2605\u0e51\u273f\u0e51\u2022*\u00a8*\u2022\u273d 1. Wer ist Stina Jensen? Magst du dich mal vorstellen? Im richtigen Leben hei\u00dfe ich Ivonne Keller. Da meine ersten Romane Thriller waren, habe ich \u2013 auch, um f\u00fcr die Leser:innen den Genrewechsel transparenter zu machen \u2013 &hellip; <a href=\"https:\/\/www.richteronweb.de\/?p=22762\">Weiterlesen <span class=\"meta-nav\">&rarr;<\/span><\/a><\/p>\n","protected":false},"author":1,"featured_media":0,"comment_status":"open","ping_status":"open","sticky":false,"template":"","format":"standard","meta":{"_jetpack_memberships_contains_paid_content":false,"footnotes":""},"categories":[1],"tags":[],"class_list":["post-22762","post","type-post","status-publish","format-standard","hentry","category-lesebuch"],"jetpack_featured_media_url":"","jetpack_sharing_enabled":true,"_links":{"self":[{"href":"https:\/\/www.richteronweb.de\/index.php?rest_route=\/wp\/v2\/posts\/22762","targetHints":{"allow":["GET"]}}],"collection":[{"href":"https:\/\/www.richteronweb.de\/index.php?rest_route=\/wp\/v2\/posts"}],"about":[{"href":"https:\/\/www.richteronweb.de\/index.php?rest_route=\/wp\/v2\/types\/post"}],"author":[{"embeddable":true,"href":"https:\/\/www.richteronweb.de\/index.php?rest_route=\/wp\/v2\/users\/1"}],"replies":[{"embeddable":true,"href":"https:\/\/www.richteronweb.de\/index.php?rest_route=%2Fwp%2Fv2%2Fcomments&post=22762"}],"version-history":[{"count":5,"href":"https:\/\/www.richteronweb.de\/index.php?rest_route=\/wp\/v2\/posts\/22762\/revisions"}],"predecessor-version":[{"id":23662,"href":"https:\/\/www.richteronweb.de\/index.php?rest_route=\/wp\/v2\/posts\/22762\/revisions\/23662"}],"wp:attachment":[{"href":"https:\/\/www.richteronweb.de\/index.php?rest_route=%2Fwp%2Fv2%2Fmedia&parent=22762"}],"wp:term":[{"taxonomy":"category","embeddable":true,"href":"https:\/\/www.richteronweb.de\/index.php?rest_route=%2Fwp%2Fv2%2Fcategories&post=22762"},{"taxonomy":"post_tag","embeddable":true,"href":"https:\/\/www.richteronweb.de\/index.php?rest_route=%2Fwp%2Fv2%2Ftags&post=22762"}],"curies":[{"name":"wp","href":"https:\/\/api.w.org\/{rel}","templated":true}]}}