{"id":22699,"date":"2023-08-30T00:15:14","date_gmt":"2023-08-29T22:15:14","guid":{"rendered":"https:\/\/www.richteronweb.de\/?p=22699"},"modified":"2023-08-30T11:27:31","modified_gmt":"2023-08-30T09:27:31","slug":"der-eiserne-herzog-historischer-roman-von-ulf-schiewe","status":"publish","type":"post","link":"https:\/\/www.richteronweb.de\/?p=22699","title":{"rendered":"Blogger f\u00fcr HOMER (Teil 9) &#8211; Buchvorstellung: Der eiserne Herzog (Historischer Roman) von Ulf Schiewe"},"content":{"rendered":"<p><a href=\"https:\/\/www.richteronweb.de\/wp-content\/uploads\/2023\/05\/354265302_1468798310591744_7335856949256122999_n.jpg\"><img loading=\"lazy\" decoding=\"async\" class=\"alignnone size-medium wp-image-22531\" src=\"https:\/\/www.richteronweb.de\/wp-content\/uploads\/2023\/05\/354265302_1468798310591744_7335856949256122999_n-300x251.jpg\" alt=\"\" width=\"300\" height=\"251\" srcset=\"https:\/\/www.richteronweb.de\/wp-content\/uploads\/2023\/05\/354265302_1468798310591744_7335856949256122999_n-300x251.jpg 300w, https:\/\/www.richteronweb.de\/wp-content\/uploads\/2023\/05\/354265302_1468798310591744_7335856949256122999_n.jpg 470w\" sizes=\"auto, (max-width: 300px) 100vw, 300px\" \/><\/a><\/p>\n<h2 class=\"a-spacing-none a-text-normal\"><span class=\"a-size-extra-large\" style=\"color: #800000;\"><strong>Buchvorstellung<\/strong><\/span><\/h2>\n<p><span style=\"color: #000000;\"><em><strong>Der eiserne Herzog (Historischer Roman) von Ulf Schiewe<\/strong><\/em><\/span><\/p>\n<p><a href=\"https:\/\/www.richteronweb.de\/wp-content\/uploads\/2023\/07\/358664303_6438525692906572_4998893866235105311_n.jpg\"><img loading=\"lazy\" decoding=\"async\" class=\"alignnone size-medium wp-image-22700\" src=\"https:\/\/www.richteronweb.de\/wp-content\/uploads\/2023\/07\/358664303_6438525692906572_4998893866235105311_n-300x300.jpg\" alt=\"\" width=\"300\" height=\"300\" srcset=\"https:\/\/www.richteronweb.de\/wp-content\/uploads\/2023\/07\/358664303_6438525692906572_4998893866235105311_n-300x300.jpg 300w, https:\/\/www.richteronweb.de\/wp-content\/uploads\/2023\/07\/358664303_6438525692906572_4998893866235105311_n-700x700.jpg 700w, https:\/\/www.richteronweb.de\/wp-content\/uploads\/2023\/07\/358664303_6438525692906572_4998893866235105311_n-150x150.jpg 150w, https:\/\/www.richteronweb.de\/wp-content\/uploads\/2023\/07\/358664303_6438525692906572_4998893866235105311_n-768x768.jpg 768w, https:\/\/www.richteronweb.de\/wp-content\/uploads\/2023\/07\/358664303_6438525692906572_4998893866235105311_n-88x88.jpg 88w, https:\/\/www.richteronweb.de\/wp-content\/uploads\/2023\/07\/358664303_6438525692906572_4998893866235105311_n-900x900.jpg 900w, https:\/\/www.richteronweb.de\/wp-content\/uploads\/2023\/07\/358664303_6438525692906572_4998893866235105311_n.jpg 1080w\" sizes=\"auto, (max-width: 300px) 100vw, 300px\" \/><\/a><\/p>\n<div id=\"detailBullets_feature_div\">\n<ul class=\"a-unordered-list a-nostyle a-vertical a-spacing-none detail-bullet-list\">\n<li><span style=\"color: #000000;\"><em><strong><span class=\"a-list-item\"> <span class=\"a-text-bold\">Herausgeber \u200f : \u200e <\/span> L\u00fcbbe; 1. Aufl. 2022 Edition (28. Oktober 2022) <\/span><\/strong><\/em><\/span><\/li>\n<li><span style=\"color: #000000;\"><em><strong><span class=\"a-list-item\"> <span class=\"a-text-bold\">Sprache \u200f : \u200e <\/span> Deutsch <\/span><\/strong><\/em><\/span><\/li>\n<li><span style=\"color: #000000;\"><em><strong><span class=\"a-list-item\"> <span class=\"a-text-bold\">Broschiert \u200f : \u200e <\/span> 560 Seiten <\/span><\/strong><\/em><\/span><\/li>\n<li><span style=\"color: #000000;\"><em><strong><span class=\"a-list-item\"> <span class=\"a-text-bold\">ISBN-10 \u200f : \u200e <\/span> 3785728182 <\/span><\/strong><\/em><\/span><\/li>\n<li><span style=\"color: #000000;\"><em><strong><span class=\"a-list-item\"> <span class=\"a-text-bold\">ISBN-13 \u200f : \u200e <\/span> 978-3785728185 <\/span><\/strong><\/em><\/span><\/li>\n<li><span style=\"color: #000000;\"><em><strong><span class=\"a-list-item\"> <span class=\"a-text-bold\">Lesealter \u200f : \u200e <\/span> Ab 16\u00a0Jahren <\/span><\/strong><\/em><\/span><\/li>\n<li><span style=\"color: #000000;\"><em><strong><span class=\"a-list-item\"> <span class=\"a-text-bold\">Abmessungen \u200f : \u200e <\/span> 13.5 x 3.3 x 21.4 cm <\/span><\/strong><\/em><\/span><\/li>\n<\/ul>\n<p><span style=\"color: #000000;\"><em><strong>Klappentext:<\/strong><\/em><\/span><br \/>\n<span style=\"color: #000000;\"><em><strong>Die Krone Englands &#8211; und zwei M\u00e4nner, die um sie k\u00e4mpfen<br \/>\n<\/strong><\/em><\/span><span style=\"color: #000000;\"><em><strong>Nur dank der Hilfe einiger weniger Getreuer konnte Guilhem als Kind die Verfolgung durch seine Widersacher \u00fcberleben. Doch er hat sich durchgek\u00e4mpft und als Herzog der Normandie behauptet. Als es ihm gelingt, den letzten Widerstand zu brechen, und sein Werben um die sch\u00f6ne Matilda erfolgreich ist, scheint er am Ziel all seiner Tr\u00e4ume zu sein. Erst recht, als sein Onkel, K\u00f6nig Eadweard von England, ihn \u00fcberraschend zum Thronerben erkl\u00e4rt. Englands Krone &#8211; wer w\u00fcrde das ablehnen? Matilda aber hat gr\u00f6\u00dfte Bedenken, denn Guilhem hat einen m\u00e4chtigen Gegner: Harold Godwinson, dessen Familie ebenfalls Anspruch auf den Thron erhebt &#8230;<br \/>\n<\/strong><\/em><\/span><span style=\"color: #000000;\"><em><strong><span class=\"a-text-bold a-text-italic\">England am Vorabend der ber\u00fchmten Schlacht von Hastings &#8211; Ulf Schiewes neuer Roman macht Geschichte lebendig.<\/span><\/strong><\/em><\/span><\/p>\n<p><em><strong>\u00dcber den Autor:<br \/>\n<\/strong><span style=\"color: #000000;\"><strong><span class=\"a-text-bold\">Ulf Schiewe<\/span> wurde 1947 im Weserbergland geboren und wuchs in M\u00fcnster auf. Er arbeitete lange als Software-Entwickler und Marketingmanager in f\u00fchrenden Positionen bei internationalen Unternehmen und lebte \u00fcber zwanzig Jahre im Ausland, unter anderem in der Schweiz, in Paris, Brasilien, Belgien und Schweden. Schon als Kind war Ulf Schiewe ein begeisterter Leser, zum Schreiben fand er mit Ende 50. Im Jahre 2005 begann Ulf Schiewe neben der beruflichen T\u00e4tigkeit seinen Deb\u00fctroman<i>: &#8220;Der Bastard von Tolosa&#8221;<\/i> zu schreiben, der dann 2009 bei Droemer Knaur erschien. Sp\u00e4ter wurde Ulf Schiewe vollzeitig als Schriftsteller t\u00e4tig, auch f\u00fcr den Bastei L\u00fcbbe. Inzwischen sind es 15 Romane geworden. Au\u00dferdem gr\u00fcndeten am 1. Februar 2015 mehrere AutorInnen historischer Romane, darunter sehr aktiv Ulf Schiewe, den Verein \u201eHOMER \u2013 Historische Literatur\u201c f\u00fcr <\/strong><strong>alle historischen Genres und Subgenres. Dabei wurde er f\u00fcr seine Historischen Romane mehrmals ausgezeichnet :<\/strong><\/span><\/em><\/p>\n<ul>\n<li><span style=\"color: #000000;\"><em><strong>2014 <a class=\"mw-redirect\" style=\"color: #000000;\" title=\"Silberner Homer\" href=\"https:\/\/de.wikipedia.org\/wiki\/Silberner_Homer\">Silberner Homer<\/a> in der Kategorie Spannung &amp; Abenteuer f\u00fcr Das Schwert des Normannen<\/strong><\/em><\/span><\/li>\n<li><span style=\"color: #000000;\"><em><strong>2014 <a class=\"mw-redirect\" style=\"color: #000000;\" title=\"Bronzener Homer\" href=\"https:\/\/de.wikipedia.org\/wiki\/Bronzener_Homer\">Bronzener Homer<\/a> f\u00fcr Die Hure Babylon zu den Ereignissen des Zweiten Kreuzzugs<\/strong><\/em><\/span><\/li>\n<li><span style=\"color: #000000;\"><em><strong>2020 <a class=\"mw-redirect\" style=\"color: #000000;\" title=\"Goldener Homer\" href=\"https:\/\/de.wikipedia.org\/wiki\/Goldener_Homer\">Goldener Homer<\/a> f\u00fcr Die Kinder von Nebra als besten historischen Roman des Jahres<\/strong><\/em><\/span><\/li>\n<\/ul>\n<p><em><span style=\"color: #000000;\"><strong>Er vestarb dieses Jahr im M\u00e4rz 2023.<br \/>\n<\/strong><\/span><\/em><\/p>\n<h2><span style=\"color: #800000;\">Hintergrund ist die Krone Englands &#8211; um die zwei starke Pers\u00f6nlichkeiten AD 1049 k\u00e4mpfen<\/span><\/h2>\n<p><span style=\"color: #000000;\"><em><strong>Um 1049 wurde zwischen Wilhelm und Mathilde, der Tochter Baldwins V., Graf von Flandern, und Enkelin Roberts II. von Frankreich, eine Heirat geplant. Diese Verbindung untersagte Leo IX. auf dem Konzil zu Reims im Oktober 1049, vermutlich wegen des zu nahen Verwandtschaftsgrades. Wilhelm und Mathilde waren Vetter und Base 4. Grades, da beide in direkter Linie von Rollo dem Wikinger abstammten. Die Heirat fand aber 1051 in Eu dennoch statt. Wilhelm brachte seine Frau sofort nach Rouen. Zun\u00e4chst f\u00fchrte die Ehe jedoch zum Kirchenbann. Genehmigt wurde die Verbindung schlie\u00dflich erst 1059 durch Papst Nikolaus II., nachdem dieser ein B\u00fcndnis mit Wilhelms Verwandten geschlossen hatte. Aus Dankbarkeit oder auch um den Papst g\u00fcnstig zu stimmen, stifteten die Eheleute je ein Kloster \u00f6stlich und westlich der Burg in Caen: die Damen-Abtei (Abbaye-aux-Dames) und die Herren-Abtei (Abbaye-aux-hommes).\u00a0 Mathilde wurde in St.-Trinit\u00e9 in der Abbaye-aux-Dames bestattet.<\/strong><\/em><\/span><\/p>\n<p><span style=\"color: #000000;\"><em><strong>Die Jahre 1047 bis 1060 waren von gr\u00f6\u00dfter Bedeutung f\u00fcr die Geschichte der Normandie. Den Auftakt bildete ein Aufstand im Jahr 1047, der fast den Herzog gest\u00fcrzt h\u00e4tte. Darauf folgte eine zweite Krise, in der sich Wilhelm zwischen 1052 und 1054 nicht nur einem feindlichen B\u00fcndnis seiner eigenen Vasallen, sondern auch einem Bund der franz\u00f6sischen Lehnsleute unter der F\u00fchrung ihres K\u00f6nigs entgegenstellen musste. In diesen 14 Jahren befand sich der Herzog fast ununterbrochen im Kriegszustand. Nach 1054 entspannte sich die Lage.<\/strong><\/em><\/span><\/p>\n<p><span style=\"color: #000000;\"><em><strong>Seit 1042 herrschte der angels\u00e4chsische K\u00f6nig Eduard der Bekenner \u00fcber England. Vor seiner Kr\u00f6nung verbrachte er mehrere Jahre im Herzogtum Normandie, dessen Strukturen er als Vorbild ansah. Um England eine \u00e4hnliche Verwaltung zu geben, errichtete er ebenfalls eine Zentralverwaltung und besetzte zahlreiche wichtige Positionen mit Normannen. Im Jahr 1050 kam es daher zu einem Aufstand der angels\u00e4chsischen Adligen unter der F\u00fchrung Godwins von Wessex, Eduards Schwiegervater. Eduard konnte den Aufstand niederschlagen und verwies 1051 die R\u00e4delsf\u00fchrer des Landes.<\/strong><\/em><\/span><\/p>\n<p><span style=\"color: #000000;\"><em><strong>In diese Zeit f\u00e4llt der Besuch Wilhelms bei Eduard. Da Eduard selbst keine Kinder hatte, soll ihm dieser bei dieser Gelegenheit Versprechungen gemacht haben, dass Wilhelm sein Nachfolger auf dem Thron von England werden solle. 1052 kehrte die Familie Godwins mit Armeen zur\u00fcck, und Eduard musste sie wieder in den alten Stand einsetzen. Als 1053 Godwin bei einem Essen mit Eduard starb, folgte ihm sein Sohn Harold Godwinson als m\u00e4chtigster englischer Herzog nach.<\/strong><\/em><\/span><\/p>\n<p><span style=\"color: #000000;\"><em><strong>Im Jahr 1064 wurde Harold von Eduard \u00fcber den Kanal zu Wilhelm geschickt und erlitt dabei einen harten Schiffbruch, bei dem f\u00fcnf seiner M\u00e4nner starben. Er wurde in Beaurain von Graf Guy de Ponthieu gefangen genommen. Als Wilhelm davon erfuhr, befreite er Harold aus den H\u00e4nden des Grafen, nahm ihm den Treueeid ab und zog mit ihm gemeinsam in einen siegreichen Feldzug. Wilhelm sicherte sich so nicht nur die Zusage des aktuellen Herrschers \u00fcber die Thronfolge, sondern verpflichtete auch seinen h\u00e4rtesten Konkurrenten um den Thron zum Gehorsam. Harold freilich sah diesen Eid als nicht bindend, war er doch seiner Ansicht nach in Gefangenschaft unter Zwang abgegeben worden.<\/strong><\/em><\/span><\/p>\n<p><span style=\"color: #000000;\"><em><strong>Am 5. Januar 1066 starb Eduard der Bekenner. Da er keine Nachkommen hinterlie\u00df, war abzusehen, dass die Thronfolge in kriegerischen Handlungen gekl\u00e4rt werden w\u00fcrde, in denen Wilhelm eine wesentliche Rolle spielen sollte. Zu den Handelnden geh\u00f6rten au\u00dferdem Harold Godwinson, dessen Bruder Graf Tostig von Northumbria und K\u00f6nig Harald Hardr\u00e5de von Norwegen. Harold Godwinson wurde vom Witenagemot zum neuen K\u00f6nig erkoren und direkt im Anschluss an Eduards Beerdigung in der Westminster Abbey zum K\u00f6nig gekr\u00f6nt. Wilhelm jedoch bestand darauf, dass Eduard ihn bereits zu seinem Nachfolger bestimmt habe. Die Machtergreifung Harolds sah er daher als pers\u00f6nliche Beleidigung und politische Herausforderung an. Er war sich bewusst, dass seine Anspr\u00fcche nur mit Gewalt durchzusetzen waren.<br \/>\n<\/strong><\/em><\/span><\/p>\n<p><span style=\"color: #000000;\"><em><strong>Ein Ausschnitt aus dem Teppich von Bayeux, der die Schlacht bei Hastings zeigt. Im Buch &#8220;Der eiserene Herzog&#8221; von Ulf Schiewe erf\u00e4hrt man wundersch\u00f6n um- und beschrieben mehr von der Schlacht bei Hastings. Deshalb m\u00f6chte ich nicht mehr dar\u00fcber berichten. Es ist echt lesenswert!<br \/>\n<\/strong><\/em><\/span><\/p>\n<figure class=\"mw-default-size\"><a class=\"mw-file-description\" href=\"https:\/\/de.wikipedia.org\/wiki\/Datei:Normans_Bayeux.jpg\"><img loading=\"lazy\" decoding=\"async\" class=\"mw-file-element\" src=\"https:\/\/upload.wikimedia.org\/wikipedia\/commons\/thumb\/4\/47\/Normans_Bayeux.jpg\/220px-Normans_Bayeux.jpg\" srcset=\"\/\/upload.wikimedia.org\/wikipedia\/commons\/thumb\/4\/47\/Normans_Bayeux.jpg\/330px-Normans_Bayeux.jpg 1.5x, \/\/upload.wikimedia.org\/wikipedia\/commons\/thumb\/4\/47\/Normans_Bayeux.jpg\/440px-Normans_Bayeux.jpg 2x\" width=\"220\" height=\"105\" data-file-width=\"553\" data-file-height=\"263\" \/><\/a><\/figure>\n<p>&nbsp;<\/p>\n<p><span style=\"color: #000000;\"><em><strong>Quelle: Wikipedia, amazon und Google<\/strong><\/em><\/span><\/p>\n<h2><span style=\"color: #800000;\"><strong>Buchbesprechung<\/strong><\/span><\/h2>\n<p><em><strong>Nachdem ich im Oktober 2022 den Autor auf der HOMER Preiserleihnung pers\u00f6nlich kennen lernen durfte, habe ich dieses Jahr zum wiederholten Male als HOMER Bloggerin meinen ersten Ulf Schiewe Roman gelesen. Als ich das Buch aufschlug, waren meine Gedanken, wie kann man sich nur so viele Orte und Namen f\u00fcr Personen merken. Dann noch die Aufgliederung in Buch 1,2 und 3. Ich bin ehrlich \u2013 ich habe es wieder zur Seite gelegt. Durch das Buddyread mit einer Bloggerfreundin habe ich mich durchgerungen, mit dem Lesen, zu beginnen. Ich wurde in das Jahr AD 1049 zu den Normannen entf\u00fchrt und lernte die ersten beiden wichtigsten Protagonisten Guilhelm und Matilda kennen. Und die Geschichte wie die Beiden sich kennen und lieben lernten, war so spannend geschrieben worden, so dass man sich die damalige geschichtliche Zeit vorstellen konnte. Nat\u00fcrlich sind in Gedanken Bilder erschienen, wie man das im Fernsehen in den Dokumentationen schon mal gesehen hatte. Ulf Schiewe hat es bei mir geschafft, das ich alles lebhaft \u2013 w\u00e4hrend der Lesezeit \u2013 erleben konnte. Nun wurde mir aber nicht nur das damalige normanische Herzogtum, sondern auch das englische K\u00f6nigreich vermittelt. Ich lernte einige englische Grafschaften und deren Earls&amp;Lords und den K\u00f6nig von England kennen. Hier wurden wirklich gute Charaktere erschaffen. Diese Schlacht zwischen dem normanischen Herzog und dem damaligen K\u00f6nig Harold von England war Wirklichkeit. Ulf Schiewe hat mich in seinen Zeilen, die um Liebe, Macht und Krieg ging, auf unterschiedlichste Gef\u00fchlsebenen mitgenommen. Sein Schreibstil verhalf mir auch, recht z\u00fcgig das Buch, mit mehr als 500 Seiten, auszulesen. Jetzt nach dem Beenden der Geschichte halte ich das Buch in der Hand und muss feststellen, dass das Buchcover perfekt zur Geschichte stimmig ist. Ich m\u00f6chte euch f\u00fcr das letzte Buch vom Schriftsteller Ulf Schiewe (verstarb im M\u00e4rz 2023) eine Leseempfehlung aussprechen.\u00a0<\/strong><\/em><\/p>\n<p><a href=\"https:\/\/www.richteronweb.de\/wp-content\/uploads\/2023\/07\/IMG_20230706_113506-scaled.jpg\"><img loading=\"lazy\" decoding=\"async\" class=\"alignnone size-medium wp-image-22676\" src=\"https:\/\/www.richteronweb.de\/wp-content\/uploads\/2023\/07\/IMG_20230706_113506-225x300.jpg\" alt=\"\" width=\"225\" height=\"300\" srcset=\"https:\/\/www.richteronweb.de\/wp-content\/uploads\/2023\/07\/IMG_20230706_113506-225x300.jpg 225w, https:\/\/www.richteronweb.de\/wp-content\/uploads\/2023\/07\/IMG_20230706_113506-700x933.jpg 700w, https:\/\/www.richteronweb.de\/wp-content\/uploads\/2023\/07\/IMG_20230706_113506-768x1024.jpg 768w, https:\/\/www.richteronweb.de\/wp-content\/uploads\/2023\/07\/IMG_20230706_113506-1152x1536.jpg 1152w, https:\/\/www.richteronweb.de\/wp-content\/uploads\/2023\/07\/IMG_20230706_113506-1536x2048.jpg 1536w, https:\/\/www.richteronweb.de\/wp-content\/uploads\/2023\/07\/IMG_20230706_113506-900x1200.jpg 900w, https:\/\/www.richteronweb.de\/wp-content\/uploads\/2023\/07\/IMG_20230706_113506-1280x1707.jpg 1280w, https:\/\/www.richteronweb.de\/wp-content\/uploads\/2023\/07\/IMG_20230706_113506-scaled.jpg 1920w\" sizes=\"auto, (max-width: 225px) 100vw, 225px\" \/><\/a><\/p>\n<h2><span style=\"color: #800000;\">H\u00f6rbuchbesprechung<\/span><\/h2>\n<p><em><strong>Der (eiserne) normannische Herzog erk\u00e4mpft sich seinen Anspruch auf den Thron Englands zur\u00fcck. Es geht um Liebe, Macht, L\u00fcgen und Intrigen, die mit Krieg endeten. Ich wurde vom Autor Ulf Schiewe in eine Zeit mitgenommen, die ich durch seinen Schreibstil lebhaft mitf\u00fchlen konnte. Die H\u00f6rbuchdauer betr\u00e4gt 16 Stunden und 18 Minunten und das Buch wurde vom Sprecher Reinhard Kuhnert richtig gut vorgelesen. Das Taschenbuch erschien im L\u00fcbbe Verlag und das ungek\u00fcrzte H\u00f6rbuch im L\u00fcbbe Audio, das wiederum auch bei Audible k\u00e4uflich zu erwerben ist. Da ich von der historischen Zeit in der die Geschichte abspielen wird, nicht so ganz meins war, bin ich aber mit dem H\u00f6rbuch und zusammen mit dem Buch ganz schnell im AD 1049 aufw\u00e4rts mitgerissen worden. Fantastisch, das letzte Buch von Ulf Schiewe (verstarb im M\u00e4rz 2023).<\/strong><\/em><\/p>\n<p><a href=\"https:\/\/www.richteronweb.de\/wp-content\/uploads\/2023\/07\/IMG-20230707-WA0002.jpg\"><img loading=\"lazy\" decoding=\"async\" class=\"alignnone size-medium wp-image-22641\" src=\"https:\/\/www.richteronweb.de\/wp-content\/uploads\/2023\/07\/IMG-20230707-WA0002-225x300.jpg\" alt=\"\" width=\"225\" height=\"300\" srcset=\"https:\/\/www.richteronweb.de\/wp-content\/uploads\/2023\/07\/IMG-20230707-WA0002-225x300.jpg 225w, https:\/\/www.richteronweb.de\/wp-content\/uploads\/2023\/07\/IMG-20230707-WA0002-700x933.jpg 700w, https:\/\/www.richteronweb.de\/wp-content\/uploads\/2023\/07\/IMG-20230707-WA0002-768x1024.jpg 768w, https:\/\/www.richteronweb.de\/wp-content\/uploads\/2023\/07\/IMG-20230707-WA0002-1152x1536.jpg 1152w, https:\/\/www.richteronweb.de\/wp-content\/uploads\/2023\/07\/IMG-20230707-WA0002-900x1200.jpg 900w, https:\/\/www.richteronweb.de\/wp-content\/uploads\/2023\/07\/IMG-20230707-WA0002-1280x1707.jpg 1280w, https:\/\/www.richteronweb.de\/wp-content\/uploads\/2023\/07\/IMG-20230707-WA0002.jpg 1536w\" sizes=\"auto, (max-width: 225px) 100vw, 225px\" \/><\/a><\/p>\n<h2><strong><span style=\"color: #800000;\">Fahrplan von den BloggerInnen f\u00fcr HOMER 2023<\/span><br \/>\n<\/strong><\/h2>\n<p><em><strong>Hier habt ihr die M\u00f6glichkeit nochmals alle Beitr\u00e4ge auf den teilnehmenden Blogs nachzulesen.<\/strong><\/em><\/p>\n<p><em><span style=\"color: #000000;\"><strong> <a href=\"https:\/\/www.richteronweb.de\/wp-content\/uploads\/2023\/07\/FB_IMG_1689329424933.jpg\"><img loading=\"lazy\" decoding=\"async\" class=\"alignnone size-medium wp-image-22703\" src=\"https:\/\/www.richteronweb.de\/wp-content\/uploads\/2023\/07\/FB_IMG_1689329424933-300x300.jpg\" alt=\"\" width=\"300\" height=\"300\" srcset=\"https:\/\/www.richteronweb.de\/wp-content\/uploads\/2023\/07\/FB_IMG_1689329424933-300x300.jpg 300w, https:\/\/www.richteronweb.de\/wp-content\/uploads\/2023\/07\/FB_IMG_1689329424933-700x700.jpg 700w, https:\/\/www.richteronweb.de\/wp-content\/uploads\/2023\/07\/FB_IMG_1689329424933-150x150.jpg 150w, https:\/\/www.richteronweb.de\/wp-content\/uploads\/2023\/07\/FB_IMG_1689329424933-768x768.jpg 768w, https:\/\/www.richteronweb.de\/wp-content\/uploads\/2023\/07\/FB_IMG_1689329424933-88x88.jpg 88w, https:\/\/www.richteronweb.de\/wp-content\/uploads\/2023\/07\/FB_IMG_1689329424933-900x900.jpg 900w, https:\/\/www.richteronweb.de\/wp-content\/uploads\/2023\/07\/FB_IMG_1689329424933.jpg 1080w\" sizes=\"auto, (max-width: 300px) 100vw, 300px\" \/><\/a><\/strong><\/span><\/em><\/p>\n<p><em><strong>Ren\u00e9 Anour \u2013 Die Toten\u00e4rztin &#8211; Donaunebel<\/strong><\/em><br \/>\n<em><strong>Manuela \u2013 <\/strong><\/em><span style=\"color: #800000;\"><a style=\"color: #800000;\" href=\"https:\/\/lesenswertesausdembuecherhaus.blogspot.com\/2023\/07\/rene-anour-die-totenarztin-donaunebel.html?fbclid=IwAR29D_b2dWB-2lbc2P3Wl8BxCdCE3KMnlAXdaqiy0f_HD7t_tL1AzgP1rso\"><em><strong>Das B\u00fccherhaus<\/strong><\/em><\/a><\/span><\/p>\n<p><em><strong>Alex Beer \u2013 Felix Blom &#8211; Der H\u00e4ftling aus Moabit<\/strong><\/em><br \/>\n<em><strong>Nadine \u2013 <\/strong><\/em><span style=\"color: #800000;\"><a style=\"color: #800000;\" href=\"https:\/\/kunterbuntebuecherreisen.wordpress.com\/2023\/07\/25\/blogger-fur-homer-2023\/?fbclid=IwAR3ymIrhzYIVzvW5KKRuw0JXQ7I1xh1E0zkUjhzvZ3NGYT_Of9_PaLQy03U\"><em><strong>Kunterbunte B\u00fccherreisen<\/strong><\/em><\/a><\/span><\/p>\n<p><em><strong>Eva Gr\u00fcbl \u2013 Botschafterin des Friedens<\/strong><\/em><br \/>\n<em><strong>Tanja \u2013 <\/strong><\/em><span style=\"color: #800000;\"><a style=\"color: #800000;\" href=\"https:\/\/nichtohnebuch.blogspot.com\/2023\/07\/blogger-fur-homer-2023-eva-grubl.html\"><em><strong>NichtohneBuch<\/strong><\/em><\/a><\/span><\/p>\n<p><em><strong>Heidrun Hurst \u2013 Die Kr\u00e4utersammlerin und der junge Fl\u00f6\u00dfer<\/strong><\/em><br \/>\n<em><strong>Sabine \u2013 <\/strong><\/em><span style=\"color: #800000;\"><a style=\"color: #800000;\" href=\"https:\/\/buchmomente.blogspot.com\/2023\/08\/rezension-heidrun-hurst-die.html?fbclid=IwAR3zN8e4HIysKEDdF0aiKMp7zLz24u3sNJrJVeOM1BaoXNXgCsqsQ_2mjew\"><em><strong>BUCHMOMENTE<\/strong><\/em><\/a><\/span><\/p>\n<p><em><strong>Hendrik Lambertus \u2013 Der Zorn der Flut<\/strong><\/em><br \/>\n<em><strong>Carmen \u2013 <\/strong><\/em><span style=\"color: #800000;\"><a style=\"color: #800000;\" href=\"https:\/\/carmensbuecherkabinett.de\/2023\/08\/10\/lambertus-hendrik-der-zorn-der-flut\/?fbclid=IwAR1KpZwW8e4LZXyFEXcCQi9dVBx1_9uHnQhpgUCx1zwenfSJLkOJH2FNC_s#more-16816\"><em><strong>CARMENS B\u00dcCHERKABINETT<\/strong><\/em><\/a><\/span><\/p>\n<p><em><strong>Silke Elzner \u2013 Die letzte Fehde an der Havel<\/strong><\/em><br \/>\n<em><strong>Uwe \u2013 <\/strong><\/em><span style=\"color: #800000;\"><a style=\"color: #800000;\" href=\"https:\/\/litterae-artesque.blogspot.com\/2023\/08\/elzner-silke-die-letzte-fehde-der-havel.html\"><em><strong>LITTERAE ARTESQUE<\/strong><\/em><\/a><\/span><\/p>\n<p><em><strong>Claudius Cr\u00f6nert \u2013 Das ewige Licht von Notre-Dame<\/strong><\/em><br \/>\n<em><strong>Patricia \u2013 <\/strong><\/em><span style=\"color: #800000;\"><a style=\"color: #800000;\" href=\"https:\/\/nichtohnebuch.blogspot.com\/2023\/08\/blogger-fur-homer-das-ewige-licht-von.html\"><em><strong>NichtohneBuch<\/strong><\/em><\/a><\/span><\/p>\n<p><em><strong>Ana Pawlik \u2013 Die Welt im Nebel<\/strong><\/em><br \/>\n<em><strong>Anke \u2013<\/strong><\/em><span style=\"color: #800000;\"><a style=\"color: #800000;\" href=\"https:\/\/svanvithe.blogspot.com\/2023\/08\/blogger-fur-homer-2023-die-welt-im-nebel.html?fbclid=IwAR0TSvZVRJ-f9_6U-OyRx1ZAW_gEyBSs0g7KQPeMCfHHPWflvjjp--eA2aY\"><em><strong> Svanvithe<\/strong><\/em><\/a><\/span><\/p>\n<p><em><strong>Ulf Schiewe \u2013 Der eiserne Herzog<\/strong><\/em><br \/>\n<em><strong>Alexandra \u2013 <\/strong><\/em><em><strong><span style=\"color: #800000;\">Lesebuch<\/span><\/strong><\/em><\/p>\n<\/div>\n","protected":false},"excerpt":{"rendered":"<p>Buchvorstellung Der eiserne Herzog (Historischer Roman) von Ulf Schiewe Herausgeber \u200f : \u200e L\u00fcbbe; 1. Aufl. 2022 Edition (28. Oktober 2022) Sprache \u200f : \u200e Deutsch Broschiert \u200f : \u200e 560 Seiten ISBN-10 \u200f : \u200e 3785728182 ISBN-13 \u200f : &hellip; <a href=\"https:\/\/www.richteronweb.de\/?p=22699\">Weiterlesen <span class=\"meta-nav\">&rarr;<\/span><\/a><\/p>\n","protected":false},"author":1,"featured_media":0,"comment_status":"open","ping_status":"open","sticky":false,"template":"","format":"standard","meta":{"_jetpack_memberships_contains_paid_content":false,"footnotes":""},"categories":[1],"tags":[],"class_list":["post-22699","post","type-post","status-publish","format-standard","hentry","category-lesebuch"],"jetpack_featured_media_url":"","jetpack_sharing_enabled":true,"_links":{"self":[{"href":"https:\/\/www.richteronweb.de\/index.php?rest_route=\/wp\/v2\/posts\/22699","targetHints":{"allow":["GET"]}}],"collection":[{"href":"https:\/\/www.richteronweb.de\/index.php?rest_route=\/wp\/v2\/posts"}],"about":[{"href":"https:\/\/www.richteronweb.de\/index.php?rest_route=\/wp\/v2\/types\/post"}],"author":[{"embeddable":true,"href":"https:\/\/www.richteronweb.de\/index.php?rest_route=\/wp\/v2\/users\/1"}],"replies":[{"embeddable":true,"href":"https:\/\/www.richteronweb.de\/index.php?rest_route=%2Fwp%2Fv2%2Fcomments&post=22699"}],"version-history":[{"count":22,"href":"https:\/\/www.richteronweb.de\/index.php?rest_route=\/wp\/v2\/posts\/22699\/revisions"}],"predecessor-version":[{"id":23168,"href":"https:\/\/www.richteronweb.de\/index.php?rest_route=\/wp\/v2\/posts\/22699\/revisions\/23168"}],"wp:attachment":[{"href":"https:\/\/www.richteronweb.de\/index.php?rest_route=%2Fwp%2Fv2%2Fmedia&parent=22699"}],"wp:term":[{"taxonomy":"category","embeddable":true,"href":"https:\/\/www.richteronweb.de\/index.php?rest_route=%2Fwp%2Fv2%2Fcategories&post=22699"},{"taxonomy":"post_tag","embeddable":true,"href":"https:\/\/www.richteronweb.de\/index.php?rest_route=%2Fwp%2Fv2%2Ftags&post=22699"}],"curies":[{"name":"wp","href":"https:\/\/api.w.org\/{rel}","templated":true}]}}