{"id":22515,"date":"2023-07-06T09:44:22","date_gmt":"2023-07-06T07:44:22","guid":{"rendered":"https:\/\/www.richteronweb.de\/?p=22515"},"modified":"2023-10-18T10:32:11","modified_gmt":"2023-10-18T08:32:11","slug":"interview-mit-asta-mueller","status":"publish","type":"post","link":"https:\/\/www.richteronweb.de\/?p=22515","title":{"rendered":"Interview mit Asta M\u00fcller"},"content":{"rendered":"<p><em><strong><span id=\"fbPhotoSnowliftCaption\" class=\"fbPhotosPhotoCaption\" tabindex=\"0\" data-ft=\"{&quot;tn&quot;:&quot;K&quot;}\"><span class=\"hasCaption\">\u273d\u2022*\u00a8*\u2022\u0e51\u273f\u0e51\u2605 Autoreninterview \u2605\u0e51\u273f\u0e51\u2022*\u00a8*\u2022\u273d<\/span><\/span><\/strong><\/em><\/p>\n<p><i><b>1. Wer ist<\/b><strong> <em>Asta M\u00fcller<\/em><\/strong><\/i><strong><em>? Magst du dich mal vorstellen?<br \/>\n<\/em><\/strong><\/p>\n<p><a href=\"https:\/\/www.richteronweb.de\/wp-content\/uploads\/2023\/07\/9c89dfad-fb54-435e-bae9-db8a3e26e141.jpg\"><img loading=\"lazy\" decoding=\"async\" class=\"alignnone size-medium wp-image-22604\" src=\"https:\/\/www.richteronweb.de\/wp-content\/uploads\/2023\/07\/9c89dfad-fb54-435e-bae9-db8a3e26e141-225x300.jpg\" alt=\"\" width=\"225\" height=\"300\" srcset=\"https:\/\/www.richteronweb.de\/wp-content\/uploads\/2023\/07\/9c89dfad-fb54-435e-bae9-db8a3e26e141-225x300.jpg 225w, https:\/\/www.richteronweb.de\/wp-content\/uploads\/2023\/07\/9c89dfad-fb54-435e-bae9-db8a3e26e141-700x933.jpg 700w, https:\/\/www.richteronweb.de\/wp-content\/uploads\/2023\/07\/9c89dfad-fb54-435e-bae9-db8a3e26e141.jpg 768w\" sizes=\"auto, (max-width: 225px) 100vw, 225px\" \/><\/a><\/p>\n<p><span style=\"color: #000000;\"><em><strong>Hallo Alex, erst einmal herzlichen Dank f\u00fcr deine interessanten Fragen, die ich gerne versuchen werde, zu beantworten.<\/strong><\/em><\/span><\/p>\n<p><span style=\"color: #000000;\"><em><strong>Mit vollem Namen hei\u00dfe ich: Asta Michaela M\u00fcller-Gropengiesser, da der selbst f\u00fcr mich zu lang ist, habe ich ihn abgek\u00fcrzt in Asta M\u00fcller. Ich bin gl\u00fccklich verheiratet, und wir haben eine Tochter (25), die noch in Schottland studiert. Ich bin in Hamburg geboren und lebe dort immer noch, obwohl ich in meinem Leben schon um die halbe Welt gereist bin. Doch in Hamburg bin ich zuhause.\u00a0<\/strong><\/em><\/span><br \/>\n<span style=\"color: #000000;\"><em><strong>Urspr\u00fcnglich habe ich Design studiert und Ewigkeiten als Creative Director gearbeitet. Ich war quasi die Quelle der Inspiration in Werbeagenturen und verantwortlich f\u00fcr alle anderen Kreativen. Was mir auch sehr viel Freude gemacht hat.<\/strong><\/em><\/span><br \/>\n<span style=\"color: #000000;\"><em><strong>Bevor ich Lesen und Schreiben lernte, habe ich schon Geschichten erfunden und sie liebend gern anderen erz\u00e4hlt. Ich habe mich immer in andere Welten getr\u00e4umt und dabei spannende Dinge erlebt.<\/strong><\/em><\/span><br \/>\n<span style=\"color: #000000;\"><em><strong>Meine anderen Hobbys waren Lesen, Malen, Fotografieren und sogar die Musik. Schon fr\u00fch liebte ich es zu singen, obwohl ich nicht mit einer starken Stimme beschenkt wurde. <\/strong><\/em><\/span><br \/>\n<span style=\"color: #000000;\"><em><strong>Die Schwierigkeit bestand sp\u00e4ter f\u00fcr mich darin, herauszufinden, was ich davon ernsthaft vertiefen wollte. Denn au\u00dfer Lesen, sind die anderen Hobbys zeitaufwendig, wenn man sie ernsthaft betreiben will.<\/strong><\/em><\/span><\/p>\n<p><span style=\"color: #000000;\"><em><strong>Das f\u00fchrt dann auch gleich zu deiner n\u00e4chsten Frage. <\/strong><\/em><\/span><\/p>\n<p><span style=\"color: #000000;\"><em><strong>2. Die wohl meist gestellte Frage: Wie bist du zum Schreiben gekommen?<\/strong><\/em><\/span><\/p>\n<p><span style=\"color: #000000;\"><em><strong>Als unsere Tochter geboren wurde und ich in meinem Hauptberuf etwas zur\u00fccktreten musste, habe ich die wenige freie Zeit, die man als junge Mama hat, genutzt und versucht herauszufinden, wo denn nun mein Herz dranh\u00e4ngt. Musizieren schob ich erst einmal beiseite, da das \u00dcben nicht nur laut, sondern auch sehr aufwendig war. Also wurde nur noch auf Familienfesten Musik gemacht und nur so zum Spa\u00df.<\/strong><\/em><\/span><br \/>\n<span style=\"color: #000000;\"><em><strong>Die Malerei habe ich noch l\u00e4nger als Hobby neben meiner eigentlichen Leidenschaft, dem Schreiben und Erfinden von Geschichten verfolgt. Sie blieb leider auf der Strecke, als mich meine eigenen Welten so fesselten, dass ich nichts anderes mehr wollte, als alle meine Ideen niederzuschreiben.<\/strong><\/em><\/span><br \/>\n<span style=\"color: #000000;\"><em><strong>Bevor ich jedoch etwas an Verlage einreichte, besuchte ich viele Schreib-Seminare und schloss mich einigen wichtigen Autoren- und Schreibgruppen an, mit denen ich noch heute in engem Kontakt stehe. Es reicht ja nicht nur gute Ideen zu haben, man ben\u00f6tigt auch eine Menge Handwerkszeug.<\/strong><\/em><\/span><br \/>\n<span style=\"color: #000000;\"><em><strong>Im Klartext hie\u00df das, ich habe zuerst eine epische Trilogie von je Band \u00fcber tausend Seiten f\u00fcr die Schublade produziert. Dabei jedoch schon meine \u201eG\u00f6tterwelt\u201c und die \u201eAhnen\u201c erfunden, die in fast allen meiner bisher erschienenen Romane den Weltenhintergrund bilden.<\/strong><\/em><\/span><br \/>\n<span style=\"color: #000000;\"><em><strong>Es war also nicht nur eine verdammt gute Schreib\u00fcbung, sondern ist die eigentliche Basis meiner jetzigen Geschichten.<\/strong><\/em><\/span><br \/>\n<span style=\"color: #000000;\"><em><strong>\u00dcbrigens \u00fcberarbeite ich gerade diese ersten drei B\u00e4nde, indem ich sie schleife und k\u00fcrze. Auch wenn sie noch nicht ver\u00f6ffentlicht sind, so hat diese Grundlage schon viele Fans. Der erste Band, der in sich abgeschlossen ist, wird \u201eDer dunkle Ahne\u201c hei\u00dfen und viel \u00fcber die Hintergr\u00fcnde meiner \u201eG\u00f6tterwelten\u201c verraten. Es ist eine Very-Bad-Boy-Story daher auch der Name \u201eDer dunkle Ahne\u201c.<\/strong><\/em><\/span><\/p>\n<p><span style=\"color: #000000;\"><em><strong>3. Wie kamst du auf die Idee zu diesem Buchtitel und Buchcover f\u00fcr diesen Roman?<\/strong><\/em><\/span><\/p>\n<p><span style=\"color: #000000;\"><em><strong>Ups, da habe ich schon etwas vorgegriffen. also zur\u00fcck zu \u201eKairra. Geschenk der G\u00f6tter\u201c. Die Geschichte spielt auf der unertr\u00e4glich hei\u00dfen Sonnenwelt, die \u201eb\u00f6se\u201c G\u00f6tter nur erschaffen haben, um sich an dem Leid der Bewohner zu erg\u00f6tzen.<\/strong><\/em><\/span><br \/>\n<span style=\"color: #000000;\"><em><strong>In meinem \u201eG\u00f6tterversum\u201c wurden alle Welten nur zur Unterhaltung der G\u00f6tter entworfen. Diese Welten sind also \u00e4hnlich wie \u201eVideo Games\u201c oder \u201eReality Shows\u201c rein zu ihrem Vergn\u00fcgen erfunden worden.<\/strong><\/em><\/span><br \/>\n<span style=\"color: #000000;\"><em><strong>Doch es gibt auch gute G\u00f6tter, die friedliche Welten erdacht haben, und diese G\u00f6tter stehen meiner Protagonistin zur Seite.<\/strong><\/em><\/span><br \/>\n<span style=\"color: #000000;\"><em><strong>Deshalb sollte der Roman zuerst: \u201eKairra, Spiel der G\u00f6tter\u201c hei\u00dfen. Doch den Zusatz \u201eSpiel der G\u00f6tter\u201c gab es schon. Wer den Roman kennt, wei\u00df dass Kairra ein Geschenk f\u00fcr ihre Welt ist. Deshalb war dies meine zweite Idee.<\/strong><\/em><\/span><br \/>\n<span style=\"color: #000000;\"><em><strong>Das Cover wurde unter Ber\u00fccksichtigung meiner Vorschl\u00e4ge vom Knaur Verlag gestaltet, das hei\u00dft, von deren Werbeagentur. Das W\u00fcstenbild, das unten eingeblendet ist, und meine urspr\u00fcngliche Coveridee waren Anregungen f\u00fcr die Werbeagentur. Auf meiner alten Coveridee war mir die Frau zu puppig und die Wimpern auch zu lang. Ich zeige es euch hier gerne: <\/strong><\/em><\/span><\/p>\n<p><a href=\"https:\/\/www.richteronweb.de\/wp-content\/uploads\/2023\/07\/Fotolia_11107987_L-Wueste-Kopie.jpg\"><img loading=\"lazy\" decoding=\"async\" class=\"size-medium wp-image-22605\" src=\"https:\/\/www.richteronweb.de\/wp-content\/uploads\/2023\/07\/Fotolia_11107987_L-Wueste-Kopie-199x300.jpg\" alt=\"\" width=\"199\" height=\"300\" srcset=\"https:\/\/www.richteronweb.de\/wp-content\/uploads\/2023\/07\/Fotolia_11107987_L-Wueste-Kopie-199x300.jpg 199w, https:\/\/www.richteronweb.de\/wp-content\/uploads\/2023\/07\/Fotolia_11107987_L-Wueste-Kopie-700x1054.jpg 700w, https:\/\/www.richteronweb.de\/wp-content\/uploads\/2023\/07\/Fotolia_11107987_L-Wueste-Kopie-768x1156.jpg 768w, https:\/\/www.richteronweb.de\/wp-content\/uploads\/2023\/07\/Fotolia_11107987_L-Wueste-Kopie-1021x1536.jpg 1021w, https:\/\/www.richteronweb.de\/wp-content\/uploads\/2023\/07\/Fotolia_11107987_L-Wueste-Kopie-1361x2048.jpg 1361w, https:\/\/www.richteronweb.de\/wp-content\/uploads\/2023\/07\/Fotolia_11107987_L-Wueste-Kopie-900x1355.jpg 900w, https:\/\/www.richteronweb.de\/wp-content\/uploads\/2023\/07\/Fotolia_11107987_L-Wueste-Kopie-1280x1927.jpg 1280w, https:\/\/www.richteronweb.de\/wp-content\/uploads\/2023\/07\/Fotolia_11107987_L-Wueste-Kopie.jpg 1568w\" sizes=\"auto, (max-width: 199px) 100vw, 199px\" \/><\/a><\/p>\n<p><a href=\"https:\/\/www.richteronweb.de\/wp-content\/uploads\/2023\/07\/Fotolia_29785734_L-Kairra-Kopie.jpg\"><img loading=\"lazy\" decoding=\"async\" class=\"size-medium wp-image-22606\" src=\"https:\/\/www.richteronweb.de\/wp-content\/uploads\/2023\/07\/Fotolia_29785734_L-Kairra-Kopie-200x300.jpg\" alt=\"\" width=\"200\" height=\"300\" srcset=\"https:\/\/www.richteronweb.de\/wp-content\/uploads\/2023\/07\/Fotolia_29785734_L-Kairra-Kopie-200x300.jpg 200w, https:\/\/www.richteronweb.de\/wp-content\/uploads\/2023\/07\/Fotolia_29785734_L-Kairra-Kopie-700x1050.jpg 700w, https:\/\/www.richteronweb.de\/wp-content\/uploads\/2023\/07\/Fotolia_29785734_L-Kairra-Kopie-768x1152.jpg 768w, https:\/\/www.richteronweb.de\/wp-content\/uploads\/2023\/07\/Fotolia_29785734_L-Kairra-Kopie-1024x1536.jpg 1024w, https:\/\/www.richteronweb.de\/wp-content\/uploads\/2023\/07\/Fotolia_29785734_L-Kairra-Kopie-1365x2048.jpg 1365w, https:\/\/www.richteronweb.de\/wp-content\/uploads\/2023\/07\/Fotolia_29785734_L-Kairra-Kopie-900x1351.jpg 900w, https:\/\/www.richteronweb.de\/wp-content\/uploads\/2023\/07\/Fotolia_29785734_L-Kairra-Kopie-1280x1921.jpg 1280w, https:\/\/www.richteronweb.de\/wp-content\/uploads\/2023\/07\/Fotolia_29785734_L-Kairra-Kopie.jpg 1570w\" sizes=\"auto, (max-width: 200px) 100vw, 200px\" \/><\/a><\/p>\n<p><a href=\"https:\/\/www.richteronweb.de\/wp-content\/uploads\/2023\/06\/343450461_963706951301278_8764160950753234996_n.jpg\"><img loading=\"lazy\" decoding=\"async\" class=\"alignnone size-medium wp-image-22516\" src=\"https:\/\/www.richteronweb.de\/wp-content\/uploads\/2023\/06\/343450461_963706951301278_8764160950753234996_n-225x300.jpg\" alt=\"\" width=\"225\" height=\"300\" srcset=\"https:\/\/www.richteronweb.de\/wp-content\/uploads\/2023\/06\/343450461_963706951301278_8764160950753234996_n-225x300.jpg 225w, https:\/\/www.richteronweb.de\/wp-content\/uploads\/2023\/06\/343450461_963706951301278_8764160950753234996_n-700x933.jpg 700w, https:\/\/www.richteronweb.de\/wp-content\/uploads\/2023\/06\/343450461_963706951301278_8764160950753234996_n-768x1024.jpg 768w, https:\/\/www.richteronweb.de\/wp-content\/uploads\/2023\/06\/343450461_963706951301278_8764160950753234996_n-1152x1536.jpg 1152w, https:\/\/www.richteronweb.de\/wp-content\/uploads\/2023\/06\/343450461_963706951301278_8764160950753234996_n-900x1200.jpg 900w, https:\/\/www.richteronweb.de\/wp-content\/uploads\/2023\/06\/343450461_963706951301278_8764160950753234996_n-1280x1707.jpg 1280w, https:\/\/www.richteronweb.de\/wp-content\/uploads\/2023\/06\/343450461_963706951301278_8764160950753234996_n.jpg 1536w\" sizes=\"auto, (max-width: 225px) 100vw, 225px\" \/><\/a><\/p>\n<p><span style=\"color: #000000;\"><em><strong>4. Wie lange, hast du immer an einem der B\u00fccher gearbeitet? Brauchst du f\u00fcr jedes Werk gleich lang? Wie viele sind es denn mitlerweile geworden in deiner Autorenlaufbahn? <\/strong><\/em><\/span><\/p>\n<p><span style=\"color: #000000;\"><em><strong>Das ist immer sehr unterschiedlich. Die ersten drei B\u00e4nde, die noch unver\u00f6ffentlicht sind, aber immerhin zusammen \u00fcber 2000 Seiten haben, hatte ich ratzfatz fertig. Also alle in einem Jahr, die haben sich quasi von ganz allein geschrieben. Erst nach einigen Seminaren wurde mir klar, dass ich noch reichlich daran feilen musste. Es sind zwar wirklich tolle Ideen, aber der Schreibstil steckte noch in den Anf\u00e4ngerschuhen.<\/strong><\/em><\/span><br \/>\n<span style=\"color: #000000;\"><em><strong>Mit einer Leseprobe meines vierten Romans: \u201eRELAX, das Ende aller Tr\u00e4ume\u201c habe ich dann einen Wettbewerb gewonnen und damit einen Verlagsvertrag bei einem Unterverlag von Droemer Knaur. Die Leseprobe hatte allerdings nur knappe 60 Seiten und nun musste ich pl\u00f6tzlich innerhalb von 3 Monaten alles fertigschreiben. Das habe ich dann trotz Kind und Brotjob tats\u00e4chlich hingekriegt.<\/strong><\/em><\/span><br \/>\n<span style=\"color: #000000;\"><em><strong>Mit \u201eYohna \u2013 Erdenkind\u201c war es \u00e4hnlich.<\/strong><\/em><\/span><br \/>\n<span style=\"color: #000000;\"><em><strong>Danach startete ich ein neues Projekt, meinen bisher einzigen Nicht-Fantasy-Roman, einem New Adult \u201eVilla to be\u201c. Als Rowohlt damals Interesse daran zeigte, habe ich den auch schnell fertig gestellt. Er ist dann aber nicht bei Rowohlt erschienen, sondern ich habe einen Selfpublishing Versuch damit gestartet. Aber auch daf\u00fcr habe ich nicht l\u00e4nger als 3 \u2013 4 Monate gebraucht.<\/strong><\/em><\/span><br \/>\n<span style=\"color: #000000;\"><em><strong>Nur \u201eKairra. Geschenk der G\u00f6tter\u201c hat extrem lange gedauert. Die Idee, den ersten Plot, und eine 43-seitige Leseprobe hatte ich schon vor \u00fcber 13 Jahren fertig, also noch vor meinen anderen Ver\u00f6ffentlichungen. Auch damit gewann ich einen Schreibwettbewerb. <\/strong><\/em><\/span><br \/>\n<span style=\"color: #000000;\"><em><strong>Doch als ich endlich soweit war, daran weiterzuschreiben, nachdem meine anderen B\u00fccher das Licht der Buchwelt erblickt hatten, spielte mein Leben verr\u00fcckt. Zwei .Umz\u00fcge innerhalb k\u00fcrzester Zeit und meine pl\u00f6tzlich erkrankte Mutter, die ich dann lange Jahre pflegte, nahmen mir die Kraft. Ich konnte mich nicht mehr darauf konzentrieren. Ich schrieb immer ein bisschen weiter und pausierte dann wieder, wenn ich zu angespannt war.<\/strong><\/em><\/span><br \/>\n<span style=\"color: #000000;\"><em><strong>Wenn man also so will, habe ich f\u00fcr Kairra nach dem Erscheinen der anderen Romane, 7 Jahre gebraucht. Daf\u00fcr bin ich aber besonders stolz darauf. Und ich habe schlie\u00dflich das Versprechen an meine Mutter eingehalten und die Geschichte fertiggestellt, die sie leider nicht mehr lesen konnte. Doch ich wei\u00df, der Rest h\u00e4tte ihr genauso gefallen, wie der Anfang, den ich ihr noch am Krankenbett vorlesen konnte.<\/strong><\/em><\/span><\/p>\n<p><span style=\"color: #000000;\"><em><strong>5. Wenn Du eine traurige, witzige oder spannende Szene schreibst, f\u00fchlst du dann mit?<\/strong><\/em><\/span><\/p>\n<p><span style=\"color: #000000;\"><em><strong>Oh ja, und wie! Ganz furchtbar geweint habe ich bei der \u201eVilla to be\u201c. Eine andere dramatische Stelle in meinem jetzigen \u201eDer dunkle Ahne\u201c ersch\u00fcttert mich jedes Mal beim Schreiben und beim wiederholten lesen. Mit meiner Freundin und meinem Mann haben wir dar\u00fcber schon im Team geheult.<\/strong><\/em><\/span><br \/>\n<span style=\"color: #000000;\"><em><strong>Manche Szenen mag ich besonders gern, weil die Dialoge so lustig sind und ich die Charaktere so gerne hab.<\/strong><\/em><\/span><\/p>\n<p><span style=\"color: #000000;\"><em><strong>6. Was ist bis jetzt der Sch\u00f6nste Moment in deiner bisherigen Zeit als Autorin gewesen?<\/strong><\/em><\/span><\/p>\n<p><span style=\"color: #000000;\"><em><strong>Das ist nicht leicht zu sagen. Es gibt so viele! Angefangen von dem Moment, als mein Verlag sagte, sie w\u00fcrden meinen ersten Roman gerne ver\u00f6ffentlichen. Ich musste die Mail zigmal lesen, um den Inhalt zu verstehen und ihn auch zu glauben. Sp\u00e4ter, wenn als ich den Roman dann gedruckt in den H\u00e4nden hielt, bin ich vor Stolz fast geplatzt und dachte: Wow, das hast alles du geschrieben? Wie cool ist das denn?<\/strong><\/em><\/span><br \/>\n<span style=\"color: #000000;\"><em><strong>Nach der Ver\u00f6ffentlichung kamen dann die Reaktionen von begeisterten Leserreaktionen dazu. Das haut einen um, wenn man mitbekommt, wie fremde Menschen in den eigenen Geschichten mitfiebern.<\/strong><\/em><\/span><br \/>\n<span style=\"color: #000000;\"><em><strong>Dann nat\u00fcrlich meine erste Lesung in Leipzig auf der Buchmesse. Ich hatte voll Lampenfieber und dann wurde es doch ganz toll. Du siehst, es gibt unendlich viele \u201esch\u00f6nste\u201c Momente.<\/strong><\/em><\/span><\/p>\n<p><span style=\"color: #000000;\"><em><strong>7. Erz\u00e4hl uns doch ein wenig aus deinem Schreiballtag. Wie sieht ein typischer Schreibtag bei dir aus? Hast du bestimmte Rituale?<\/strong><\/em><\/span><\/p>\n<p><span style=\"color: #000000;\"><em><strong>\u00c4hm, ich brauche immer Kaffee mit ganz viel Mandelmilch, das ist quasi mein Motor. Ohne Kaffee geht nichts. UND Ruhe \u2026 absolute Ruhe, denn ich lasse mich wahnsinnig schnell ablenken.\u00a0Ansonsten gibt es keine typischen Schreiballtage. Ich schreibe einfach immer dann, wenn es m\u00f6glich ist, selbst mitten in der Nacht, wenn mich die Ideen nicht schlafen lassen.<\/strong><\/em><\/span><\/p>\n<p><span style=\"color: #000000;\"><em><strong>8. Du hast bereits mehrere B\u00fccher geschrieben und ver\u00f6ffentlicht. Welche Genre sind das denn genau?<\/strong><\/em><\/span><\/p>\n<p><span style=\"color: #000000;\"><em><strong>In erster Linie handelte es sich immer um Fantasy oder Romantasy-Romane, bis auf den einen New Adult, der keinerlei fantastische Elemente enth\u00e4lt, sondern eher schon fast biografische.<\/strong><\/em><\/span><br \/>\n<span style=\"color: #000000;\"><em><strong>Ich glaube, ich k\u00f6nnte alles schreiben, mich muss nur die Muse packen. Doch da ich mein G\u00f6tterversum rund um die Ahnen (wie in YOHNA, RELAX und KAIRRA) noch lange nicht auserz\u00e4hlt habe, bleibe ich erst einmal dabei.<\/strong><\/em><\/span><\/p>\n<p><span style=\"color: #000000;\"><em><strong>9. Wei\u00dft du bereits vorher genau, was in deinen B\u00fcchern passiert, d.h. arbeitest du dich an einen genauen Handlungsplan entlang oder brechen dir die Figuren schon mal aus und erfinden ihre ganz eigene Geschichte? <\/strong><\/em><\/span><\/p>\n<p><span style=\"color: #000000;\"><em><strong>Eigentlich wei\u00df ich vorher nicht genau, was in meinen Geschichten passiert. Ich habe zwar so einen groben Pitch im Kopf, aber ausschlaggebend sind f\u00fcr mich immer die Charaktere. Kairra zum Beispiel, ich wollte die Geschichte einer jungen Frau erz\u00e4hlen, die auf einer t\u00f6dlichen Welt um ihr \u00dcberleben k\u00e4mpft. Die \u00fcber sich hinausw\u00e4chst und am Ende sogar die G\u00f6tter \u00fcberzeugt. Ich habe mir eine Welt vorgestellt, die so unwirtlich wie die Sonnenwelt ist. Zwei Sonnen verbrennen alles, was sich tags\u00fcber an die Oberfl\u00e4che wagt. Meine Kairra sollte zu den Verdammten geh\u00f6ren, die ausgeschlossen von dem Schutz der Stadt, einen unterirdischen Ring darum gebildet haben, in der Hoffnung, irgendwann selbst so privilegiert zu leben wie die St\u00e4dter, die als einzige einen Schutzschild gegen die Strahlung haben. Doch die lassen niemand rein.<\/strong><\/em><\/span><br \/>\n<span style=\"color: #000000;\"><em><strong>Somit hatte Kairra einen Grund zu k\u00e4mpfen, den ich noch verst\u00e4rkt habe, weil sie um ihren kleinen Bruder f\u00fcrchten muss. Kairra erh\u00e4lt Hilfe, Verb\u00fcndete und und und \u2026<\/strong><\/em><\/span><br \/>\n<span style=\"color: #000000;\"><em><strong>Du siehst, meine Geschichten wachsen von ganz allein. Ich habe einen Anfang, ein Ende und dann erz\u00e4hlen sie sich.<\/strong><\/em><\/span><\/p>\n<p><span style=\"color: #000000;\"><em><strong>10. Gibt es bereits neue Projekte, die in Arbeit sind und von denen du erz\u00e4hlen m\u00f6chtest bzw. darfst?<\/strong><\/em><\/span><\/p>\n<p><span style=\"color: #000000;\"><em><strong>Oh ja, und ich bin auch schon ziemlich weit. Wie ich oben schon erw\u00e4hnt habe, arbeite ich an einem Band \u00fcber den Ursprung meiner G\u00f6tter und Ahnen (es werden insgesamt 3 abgeschlossene Teile).<\/strong><\/em><\/span><br \/>\n<span style=\"color: #000000;\"><em><strong>Die Ahnen sind eigentlich sehr friedlich, doch der dunkle Ahne will Rache und sein Weg wird sehr hart. Er ist \u2013 wie alle Ahnen und G\u00f6tter &#8211; verdammt arrogant, sieht verflucht gut aus und wei\u00df das auch. Er wehrt sich gegen die Liebe und nimmt seinen Rachefeldzug immer wieder als Ausrede, um ihr zu entkommen. Er bricht unz\u00e4hlige Herzen, aber seins wird auch immer wieder gebrochen.<\/strong><\/em><\/span><\/p>\n","protected":false},"excerpt":{"rendered":"<p>\u273d\u2022*\u00a8*\u2022\u0e51\u273f\u0e51\u2605 Autoreninterview \u2605\u0e51\u273f\u0e51\u2022*\u00a8*\u2022\u273d 1. Wer ist Asta M\u00fcller? Magst du dich mal vorstellen? Hallo Alex, erst einmal herzlichen Dank f\u00fcr deine interessanten Fragen, die ich gerne versuchen werde, zu beantworten. Mit vollem Namen hei\u00dfe ich: Asta Michaela M\u00fcller-Gropengiesser, da der &hellip; <a href=\"https:\/\/www.richteronweb.de\/?p=22515\">Weiterlesen <span class=\"meta-nav\">&rarr;<\/span><\/a><\/p>\n","protected":false},"author":1,"featured_media":0,"comment_status":"open","ping_status":"open","sticky":false,"template":"","format":"standard","meta":{"_jetpack_memberships_contains_paid_content":false,"footnotes":""},"categories":[1],"tags":[],"class_list":["post-22515","post","type-post","status-publish","format-standard","hentry","category-lesebuch"],"jetpack_featured_media_url":"","jetpack_sharing_enabled":true,"_links":{"self":[{"href":"https:\/\/www.richteronweb.de\/index.php?rest_route=\/wp\/v2\/posts\/22515","targetHints":{"allow":["GET"]}}],"collection":[{"href":"https:\/\/www.richteronweb.de\/index.php?rest_route=\/wp\/v2\/posts"}],"about":[{"href":"https:\/\/www.richteronweb.de\/index.php?rest_route=\/wp\/v2\/types\/post"}],"author":[{"embeddable":true,"href":"https:\/\/www.richteronweb.de\/index.php?rest_route=\/wp\/v2\/users\/1"}],"replies":[{"embeddable":true,"href":"https:\/\/www.richteronweb.de\/index.php?rest_route=%2Fwp%2Fv2%2Fcomments&post=22515"}],"version-history":[{"count":4,"href":"https:\/\/www.richteronweb.de\/index.php?rest_route=\/wp\/v2\/posts\/22515\/revisions"}],"predecessor-version":[{"id":23658,"href":"https:\/\/www.richteronweb.de\/index.php?rest_route=\/wp\/v2\/posts\/22515\/revisions\/23658"}],"wp:attachment":[{"href":"https:\/\/www.richteronweb.de\/index.php?rest_route=%2Fwp%2Fv2%2Fmedia&parent=22515"}],"wp:term":[{"taxonomy":"category","embeddable":true,"href":"https:\/\/www.richteronweb.de\/index.php?rest_route=%2Fwp%2Fv2%2Fcategories&post=22515"},{"taxonomy":"post_tag","embeddable":true,"href":"https:\/\/www.richteronweb.de\/index.php?rest_route=%2Fwp%2Fv2%2Ftags&post=22515"}],"curies":[{"name":"wp","href":"https:\/\/api.w.org\/{rel}","templated":true}]}}