{"id":22456,"date":"2023-06-14T15:26:19","date_gmt":"2023-06-14T13:26:19","guid":{"rendered":"https:\/\/www.richteronweb.de\/?p=22456"},"modified":"2023-06-14T18:48:08","modified_gmt":"2023-06-14T16:48:08","slug":"meine-midsommer-momente-von-sina-kaiser","status":"publish","type":"post","link":"https:\/\/www.richteronweb.de\/?p=22456","title":{"rendered":"Meine Midsommar Momente von Sina Kaiser"},"content":{"rendered":"<p><a href=\"https:\/\/www.richteronweb.de\/wp-content\/uploads\/2023\/06\/IMG_20230612_064441-scaled.jpg\"><img loading=\"lazy\" decoding=\"async\" class=\"alignnone size-medium wp-image-22457\" src=\"https:\/\/www.richteronweb.de\/wp-content\/uploads\/2023\/06\/IMG_20230612_064441-225x300.jpg\" alt=\"\" width=\"225\" height=\"300\" srcset=\"https:\/\/www.richteronweb.de\/wp-content\/uploads\/2023\/06\/IMG_20230612_064441-225x300.jpg 225w, https:\/\/www.richteronweb.de\/wp-content\/uploads\/2023\/06\/IMG_20230612_064441-700x933.jpg 700w, https:\/\/www.richteronweb.de\/wp-content\/uploads\/2023\/06\/IMG_20230612_064441-768x1024.jpg 768w, https:\/\/www.richteronweb.de\/wp-content\/uploads\/2023\/06\/IMG_20230612_064441-1152x1536.jpg 1152w, https:\/\/www.richteronweb.de\/wp-content\/uploads\/2023\/06\/IMG_20230612_064441-1536x2048.jpg 1536w, https:\/\/www.richteronweb.de\/wp-content\/uploads\/2023\/06\/IMG_20230612_064441-900x1200.jpg 900w, https:\/\/www.richteronweb.de\/wp-content\/uploads\/2023\/06\/IMG_20230612_064441-1280x1707.jpg 1280w, https:\/\/www.richteronweb.de\/wp-content\/uploads\/2023\/06\/IMG_20230612_064441-scaled.jpg 1920w\" sizes=\"auto, (max-width: 225px) 100vw, 225px\" \/><\/a><\/p>\n<p><em><strong>\u273f*\uff9f\u00a8\uff9f\u270e\u2026.<\/strong><\/em><span style=\"color:#000000;\"><em><strong> Inspirationen f\u00fcr mein erstes Mittsommer Fest<\/strong><\/em><\/span><\/p>\n<p class=\"a-spacing-none a-text-normal\" id=\"title\"><span style=\"color:#000000;\"><span class=\"a-size-extra-large\" id=\"productTitle\"><em><strong> Die sch\u00f6nsten schwedischen Traditionen zum Selbermachen und Nachkochen sind in diesem mit 112 Seiten gebundenen Bildband als Anleitung f\u00fcr ein Mittsommer-Fest von<\/strong><\/em><\/span><em><strong> Sina Kaiser vorgestellt. Es wurde mir von Groh Verlag zugeschickt, weil ich mich in das Buchcover verliebt hatte und unbedingt haben mu\u00dfte. Und ich wurde ganz und gar nicht entt\u00e4uscht. Sina Kaiser hat hier ein echt tolles Exemplar \u00fcber das Schwedische Mittsommer geschaffen. Man kann diesen b<\/strong><\/em><span class=\"a-text-bold\"><em><strong>ezaubernden Bildband mit den skandinavischen Ideen rund um den Sommer auch an die beste Freundin verschenken. Man findet laut Klappentext diese Inhalte im Bildband:<\/strong><\/em><\/span><\/span><\/p>\n<ul class=\"a-unordered-list a-vertical\">\n<li><span style=\"color:#000000;\"><span class=\"a-list-item\"><em><strong>Rezepte, Deko-Ideen, Spiele f\u00fcr Gro\u00df und Klein, Bastel-Anleitungen und Geschichten aus Skandinavien<\/strong><\/em><\/span><\/span><\/li>\n<li><span style=\"color:#000000;\"><span class=\"a-list-item\"><em><strong>Von Skandinavien-Expertin Sina Kaiser (preisgekr\u00f6nter Blog <\/strong><\/em><span class=\"a-text-italic\"><em><strong>Nordlandfieber<\/strong><\/em><\/span><em><strong>)<\/strong><\/em><\/span><\/span><\/li>\n<li><span style=\"color:#000000;\"><span class=\"a-list-item\"><em><strong>Edle Ausstattung in Leinen-Haptik, mit zahlreichen Fotos und Illustrationen<\/strong><\/em><\/span><\/span><\/li>\n<li><span style=\"color:#000000;\"><span class=\"a-list-item\"><em><strong>Geschenkbuch Sommer mit 112 Seiten (Ma\u00dfe: 19,6 x 22,6 cm)<\/strong><\/em><\/span><\/span><\/li>\n<\/ul>\n<p><span style=\"color:#000000;\"><em><strong>Ich werde dieses Jahr, also kommende Woche, einige Inspirationen an Mittsommer von Sina Kaiser umsetzen. Absolut zu empfehlen, f\u00fcr alle, die ein Sommerfest planen<\/strong><\/em>.<\/span><\/p>\n","protected":false},"excerpt":{"rendered":"<p>\u273f*\uff9f\u00a8\uff9f\u270e\u2026. Inspirationen f\u00fcr mein erstes Mittsommer Fest Die sch\u00f6nsten schwedischen Traditionen zum Selbermachen und Nachkochen sind in diesem mit 112 Seiten gebundenen Bildband als Anleitung f\u00fcr ein Mittsommer-Fest von Sina Kaiser vorgestellt. Es wurde mir von Groh Verlag zugeschickt, weil &hellip; <a href=\"https:\/\/www.richteronweb.de\/?p=22456\">Weiterlesen <span class=\"meta-nav\">&rarr;<\/span><\/a><\/p>\n","protected":false},"author":1,"featured_media":0,"comment_status":"open","ping_status":"open","sticky":false,"template":"","format":"standard","meta":{"_jetpack_memberships_contains_paid_content":false,"footnotes":""},"categories":[1],"tags":[],"class_list":["post-22456","post","type-post","status-publish","format-standard","hentry","category-lesebuch"],"jetpack_featured_media_url":"","jetpack_sharing_enabled":true,"_links":{"self":[{"href":"https:\/\/www.richteronweb.de\/index.php?rest_route=\/wp\/v2\/posts\/22456","targetHints":{"allow":["GET"]}}],"collection":[{"href":"https:\/\/www.richteronweb.de\/index.php?rest_route=\/wp\/v2\/posts"}],"about":[{"href":"https:\/\/www.richteronweb.de\/index.php?rest_route=\/wp\/v2\/types\/post"}],"author":[{"embeddable":true,"href":"https:\/\/www.richteronweb.de\/index.php?rest_route=\/wp\/v2\/users\/1"}],"replies":[{"embeddable":true,"href":"https:\/\/www.richteronweb.de\/index.php?rest_route=%2Fwp%2Fv2%2Fcomments&post=22456"}],"version-history":[{"count":4,"href":"https:\/\/www.richteronweb.de\/index.php?rest_route=\/wp\/v2\/posts\/22456\/revisions"}],"predecessor-version":[{"id":22462,"href":"https:\/\/www.richteronweb.de\/index.php?rest_route=\/wp\/v2\/posts\/22456\/revisions\/22462"}],"wp:attachment":[{"href":"https:\/\/www.richteronweb.de\/index.php?rest_route=%2Fwp%2Fv2%2Fmedia&parent=22456"}],"wp:term":[{"taxonomy":"category","embeddable":true,"href":"https:\/\/www.richteronweb.de\/index.php?rest_route=%2Fwp%2Fv2%2Fcategories&post=22456"},{"taxonomy":"post_tag","embeddable":true,"href":"https:\/\/www.richteronweb.de\/index.php?rest_route=%2Fwp%2Fv2%2Ftags&post=22456"}],"curies":[{"name":"wp","href":"https:\/\/api.w.org\/{rel}","templated":true}]}}