{"id":22411,"date":"2023-05-31T12:52:06","date_gmt":"2023-05-31T10:52:06","guid":{"rendered":"https:\/\/www.richteronweb.de\/?p=22411"},"modified":"2023-05-31T12:52:31","modified_gmt":"2023-05-31T10:52:31","slug":"lesung-mit-alex-beer","status":"publish","type":"post","link":"https:\/\/www.richteronweb.de\/?p=22411","title":{"rendered":"Lesung: Alex Beer"},"content":{"rendered":"<p><span id=\"fbPhotoSnowliftCaption\" class=\"fbPhotosPhotoCaption\" tabindex=\"0\" data-ft=\"{\"><span class=\"hasCaption\"><em><strong>\u2606\u00b4\u00a8)<\/strong><\/em><br \/>\n<em><strong>. \u00b8.\u2022\u00b4 \u00b8.\u2022*\u00b4\u00a8) \u2606.(\u00af`\u2022.\u2022\u00b4\u00af)<\/strong><\/em><br \/>\n<em><strong>(.\u00b8.\u2022\u00b4 (\u00b8.\u2022` \u2606 \u00a4\u00ba.`\u2022.\u00b8.\u2022\u00b4 \u2606\u2026.. <\/strong><\/em><\/span><\/span><span id=\"fbPhotoSnowliftCaption\" class=\"fbPhotosPhotoCaption\" tabindex=\"0\" data-ft=\"{\"><span class=\"hasCaption\"><em><strong>Lesung mit<\/strong><\/em><\/span><\/span> <span style=\"color: #000000;\"><em><strong>Alex Beer<\/strong><\/em><\/span><\/p>\n<p><span style=\"color: #000000;\"><em><strong>Am 10. Mai 2023 war ich wieder in Baden Baden in der Buchhandlung M\u00e4x&amp;Moritz zu einer Lesung. Diesmal wurde die \u00f6sterreichische Schriftstellerin Alex Beer in die Buchhandlung eingeladen. Sie war mir sofort sympathisch. Ich mag Autoren mit Dialekt. Nun begann die Lesung an diesem Abend wieder mit einer Begr\u00fc\u00dfung durch Herrn Strass. Er verwickelte die Autorin in ein sehr interessantes Autorengespr\u00e4ch. Man erfuhr so einiges \u00fcber ihr Autorenleben, denn viele Leser\/innen meinen, sie w\u00e4re ein m\u00e4nnlicher Autor, aber ich wei\u00df es besser, sie ist durch und durch weiblich.<\/strong> <\/em><\/span><\/p>\n<p><span style=\"color: #000000;\"><em><strong>Alex Beer, geboren in Bregenz, hat Arch\u00e4ologie studiert und lebt in Wien. Ihre spannende Krimi-Reihe um den Ermittler August Emmerich ist preisgekr\u00f6nt \u2013 neben zahlreichen Shortlist-Nominierungen (u.a. f\u00fcr den Friedrich Glauser Preis, Viktor Crime Award, Crime Cologne Award) erhielt sie den Leo-Perutz-Preis f\u00fcr Kriminalliteratur 2017 und 2019 und wurde ausgezeichnet mit dem Krimi-Publikumspreis des Deutschen Buchhandels MIMI 2020. Alex Beer wurde au\u00dferdem der \u00d6sterreichische Krimipreis 2019 verliehen. Neben dem Wiener Kriminalinspektor hat Alex Beer mit Isaak Rubinstein eine weitere faszinierende Figur erschaffen, die in der Reihe \u00bbUnter W\u00f6lfen\u00ab w\u00e4hrend des Zweiten Weltkriegs in N\u00fcrnberg ermittelt.<\/strong><\/em><\/span><\/p>\n<p><a href=\"https:\/\/www.richteronweb.de\/wp-content\/uploads\/2023\/05\/IMG_20230510_200107.jpg\"><img loading=\"lazy\" decoding=\"async\" class=\"alignnone size-medium wp-image-22412\" src=\"https:\/\/www.richteronweb.de\/wp-content\/uploads\/2023\/05\/IMG_20230510_200107-300x225.jpg\" alt=\"\" width=\"300\" height=\"225\" srcset=\"https:\/\/www.richteronweb.de\/wp-content\/uploads\/2023\/05\/IMG_20230510_200107-300x225.jpg 300w, https:\/\/www.richteronweb.de\/wp-content\/uploads\/2023\/05\/IMG_20230510_200107-700x525.jpg 700w, https:\/\/www.richteronweb.de\/wp-content\/uploads\/2023\/05\/IMG_20230510_200107-768x576.jpg 768w, https:\/\/www.richteronweb.de\/wp-content\/uploads\/2023\/05\/IMG_20230510_200107-1536x1152.jpg 1536w, https:\/\/www.richteronweb.de\/wp-content\/uploads\/2023\/05\/IMG_20230510_200107-900x675.jpg 900w, https:\/\/www.richteronweb.de\/wp-content\/uploads\/2023\/05\/IMG_20230510_200107-1280x960.jpg 1280w, https:\/\/www.richteronweb.de\/wp-content\/uploads\/2023\/05\/IMG_20230510_200107.jpg 1600w\" sizes=\"auto, (max-width: 300px) 100vw, 300px\" \/><\/a><\/p>\n<p><span style=\"color: #000000;\"><em><strong>Nach dem Gespr\u00e4ch stellte sie das Buch<\/strong><\/em><\/span> &#8220;<em><strong>Felix Blom &#8211; Der H\u00e4ftling aus Moabit&#8221; vor. Das Buch wurde dieses Jahr auch auf die Shortlist f\u00fcr den Goldenen Homer nominiert, mit weiteren 8 historischen B\u00fccher. An dieser Stelle erstmal noch Herzlichen Gl\u00fcckwunsch! Ich selbst habe ihre Krimis u.a. von den F\u00e4llen des Kriminalinspektors Emmerich noch nicht gelesen. Sie sollen eine spannende Erz\u00e4hlung haben, bis ins Details stimmen und ein reines Lesevergn\u00fcgen sein. Nun habe ich mich aber erst in die Geschichte von Felix Blom fallen lassen und freu mich auf die ganze Geschichte. <\/strong><\/em><\/p>\n<p><a href=\"https:\/\/www.richteronweb.de\/wp-content\/uploads\/2023\/05\/IMG_20230510_200320.jpg\"><img loading=\"lazy\" decoding=\"async\" class=\"alignnone size-medium wp-image-22413\" src=\"https:\/\/www.richteronweb.de\/wp-content\/uploads\/2023\/05\/IMG_20230510_200320-225x300.jpg\" alt=\"\" width=\"225\" height=\"300\" srcset=\"https:\/\/www.richteronweb.de\/wp-content\/uploads\/2023\/05\/IMG_20230510_200320-225x300.jpg 225w, https:\/\/www.richteronweb.de\/wp-content\/uploads\/2023\/05\/IMG_20230510_200320-700x933.jpg 700w, https:\/\/www.richteronweb.de\/wp-content\/uploads\/2023\/05\/IMG_20230510_200320-768x1024.jpg 768w, https:\/\/www.richteronweb.de\/wp-content\/uploads\/2023\/05\/IMG_20230510_200320-1152x1536.jpg 1152w, https:\/\/www.richteronweb.de\/wp-content\/uploads\/2023\/05\/IMG_20230510_200320-900x1200.jpg 900w, https:\/\/www.richteronweb.de\/wp-content\/uploads\/2023\/05\/IMG_20230510_200320.jpg 1200w\" sizes=\"auto, (max-width: 225px) 100vw, 225px\" \/><\/a><\/p>\n<p><span style=\"color: #000000;\"><em><strong>Als sie begann vorzulesen, ist man ihr auch schon verfallen. Denn wie sie so mit ihrem Dialekt vorsprach, bin ich irgendwie schon in eine andere Welt katapultiert worden. Berlin um 1878 ist schon ganz anders als das heutige 2023. Und dann der Buchbeginn mit einem Zeitungsartikel macht richtig Lust auf mehr&#8230;<\/strong><\/em><\/span><\/p>\n<p><span style=\"color: #000000;\"><em><strong>Nach der Lesung bekam das Publikum die M\u00f6glichkeit, bei einem Glas Sekt, sich mit der Autorin auszutauschen. Ich nahm diese als M\u00f6glichkeit, eine Widmung in mein Buch zu bekommen und uns \u00fcber ihre Nomminierung f\u00fcr den historischen Literaturpreis Homer etwas auszutauschen. Ich freu mich sehr, sie wieder im Oktober bei der Preisverleihung zu treffen und dr\u00fccke ihr die Daumen.<\/strong> <\/em><\/span><\/p>\n","protected":false},"excerpt":{"rendered":"<p>\u2606\u00b4\u00a8) . \u00b8.\u2022\u00b4 \u00b8.\u2022*\u00b4\u00a8) \u2606.(\u00af`\u2022.\u2022\u00b4\u00af) (.\u00b8.\u2022\u00b4 (\u00b8.\u2022` \u2606 \u00a4\u00ba.`\u2022.\u00b8.\u2022\u00b4 \u2606\u2026.. Lesung mit Alex Beer Am 10. Mai 2023 war ich wieder in Baden Baden in der Buchhandlung M\u00e4x&amp;Moritz zu einer Lesung. Diesmal wurde die \u00f6sterreichische Schriftstellerin Alex Beer in die &hellip; <a href=\"https:\/\/www.richteronweb.de\/?p=22411\">Weiterlesen <span class=\"meta-nav\">&rarr;<\/span><\/a><\/p>\n","protected":false},"author":1,"featured_media":0,"comment_status":"open","ping_status":"open","sticky":false,"template":"","format":"standard","meta":{"_jetpack_memberships_contains_paid_content":false,"footnotes":""},"categories":[1],"tags":[],"class_list":["post-22411","post","type-post","status-publish","format-standard","hentry","category-lesebuch"],"jetpack_featured_media_url":"","jetpack_sharing_enabled":true,"_links":{"self":[{"href":"https:\/\/www.richteronweb.de\/index.php?rest_route=\/wp\/v2\/posts\/22411","targetHints":{"allow":["GET"]}}],"collection":[{"href":"https:\/\/www.richteronweb.de\/index.php?rest_route=\/wp\/v2\/posts"}],"about":[{"href":"https:\/\/www.richteronweb.de\/index.php?rest_route=\/wp\/v2\/types\/post"}],"author":[{"embeddable":true,"href":"https:\/\/www.richteronweb.de\/index.php?rest_route=\/wp\/v2\/users\/1"}],"replies":[{"embeddable":true,"href":"https:\/\/www.richteronweb.de\/index.php?rest_route=%2Fwp%2Fv2%2Fcomments&post=22411"}],"version-history":[{"count":3,"href":"https:\/\/www.richteronweb.de\/index.php?rest_route=\/wp\/v2\/posts\/22411\/revisions"}],"predecessor-version":[{"id":22416,"href":"https:\/\/www.richteronweb.de\/index.php?rest_route=\/wp\/v2\/posts\/22411\/revisions\/22416"}],"wp:attachment":[{"href":"https:\/\/www.richteronweb.de\/index.php?rest_route=%2Fwp%2Fv2%2Fmedia&parent=22411"}],"wp:term":[{"taxonomy":"category","embeddable":true,"href":"https:\/\/www.richteronweb.de\/index.php?rest_route=%2Fwp%2Fv2%2Fcategories&post=22411"},{"taxonomy":"post_tag","embeddable":true,"href":"https:\/\/www.richteronweb.de\/index.php?rest_route=%2Fwp%2Fv2%2Ftags&post=22411"}],"curies":[{"name":"wp","href":"https:\/\/api.w.org\/{rel}","templated":true}]}}