{"id":22253,"date":"2023-04-30T10:27:51","date_gmt":"2023-04-30T08:27:51","guid":{"rendered":"https:\/\/www.richteronweb.de\/?p=22253"},"modified":"2023-05-01T12:26:10","modified_gmt":"2023-05-01T10:26:10","slug":"blogtour-ankuendigung-ueber-das-buch-das-strandbad-am-wolzensee-von-britta-orlowski","status":"publish","type":"post","link":"https:\/\/www.richteronweb.de\/?p=22253","title":{"rendered":"Blogtour Ank\u00fcndigung \u00fcber das Buch &#8211; Das Strandbad am Wolzensee von Britta Orlowski"},"content":{"rendered":"<p><a href=\"https:\/\/www.richteronweb.de\/wp-content\/uploads\/2023\/05\/FB_IMG_1682491592158.jpg\"><img loading=\"lazy\" decoding=\"async\" class=\"alignnone size-medium wp-image-22165\" src=\"https:\/\/www.richteronweb.de\/wp-content\/uploads\/2023\/05\/FB_IMG_1682491592158-300x300.jpg\" alt=\"\" width=\"300\" height=\"300\" srcset=\"https:\/\/www.richteronweb.de\/wp-content\/uploads\/2023\/05\/FB_IMG_1682491592158-300x300.jpg 300w, https:\/\/www.richteronweb.de\/wp-content\/uploads\/2023\/05\/FB_IMG_1682491592158-700x700.jpg 700w, https:\/\/www.richteronweb.de\/wp-content\/uploads\/2023\/05\/FB_IMG_1682491592158-150x150.jpg 150w, https:\/\/www.richteronweb.de\/wp-content\/uploads\/2023\/05\/FB_IMG_1682491592158-768x768.jpg 768w, https:\/\/www.richteronweb.de\/wp-content\/uploads\/2023\/05\/FB_IMG_1682491592158-88x88.jpg 88w, https:\/\/www.richteronweb.de\/wp-content\/uploads\/2023\/05\/FB_IMG_1682491592158-900x900.jpg 900w, https:\/\/www.richteronweb.de\/wp-content\/uploads\/2023\/05\/FB_IMG_1682491592158.jpg 1080w\" sizes=\"auto, (max-width: 300px) 100vw, 300px\" \/><\/a><br \/>\n<span style=\"color: #000000;\"><em><strong>Ich m\u00f6chte euch von Montag,01.05.23 bis zum Sonntag,09.05.23 einladen, an der Blogtour f\u00fcr das neue Buch &#8220;Das Strandbad am Wolzensee&#8221; von Britta Orlowski reinzulesen. Es sind mehrere Bloggerinnen, die mit mir, euch Infos \u00fcber das Buch mitgeben m\u00f6chten. Es wird \u00fcber die 50ziger Jahre erz\u00e4hlt, eine Buchvorstellung mit Rezension, ein Mini-Interview, Protagonisten Vorstellungen, eine Live Lesung und einiges mehr geben. Die Blogtour wird zum Gr\u00f6\u00dften Teil auf den Social Medias zu finden sein &#8211; Instagramm, Facebook und einige Buchblogs habe ich f\u00fcr euch hier verlinkt, um ein besseres Suchen zu erm\u00f6glichen. <\/strong><\/em><\/span><br \/>\n<span style=\"color: #000000;\"><em><strong>Den Blogtour Fahrplan findet ihr hier: <\/strong><\/em><\/span><\/p>\n<p><em><strong>Tag 1 ist B\u00e4rbel mit dem Thema 50 Jahre<\/strong><\/em><br \/>\n<span style=\"color: #800000;\"><em><strong><a style=\"color: #800000;\" href=\"https:\/\/www.instagram.com\/baerbelw._baerbelsbuecherwelt\/\">https:\/\/www.instagram.com\/baerbelw._baerbelsbuecherwelt\/<\/a><\/strong><\/em><\/span><br \/>\n<span style=\"color: #800000;\"><em><strong><a style=\"color: #800000;\" href=\"https:\/\/www.facebook.com\/BaerbelsBuecherWelt\/\">https:\/\/www.facebook.com\/BaerbelsBuecherWelt\/<\/a><\/strong><\/em><\/span><\/p>\n<p><em><strong>Tag 2 ist Alexandra mit einer Buchvorstellung und Rezension<\/strong><\/em><br \/>\n<span style=\"color: #800000;\"><em><strong><a style=\"color: #800000;\" href=\"https:\/\/www.richteronweb.de\">https:\/\/www.richteronweb.de<\/a><\/strong><\/em><\/span><br \/>\n<span style=\"color: #800000;\"><em><strong><a style=\"color: #800000;\" href=\"https:\/\/www.instagram.com\/lesebuch_meinebuecherundich\/\">https:\/\/www.instagram.com\/lesebuch_meinebuecherundich\/<\/a><\/strong><\/em><\/span><br \/>\n<span style=\"color: #800000;\"><a href=\"https:\/\/www.facebook.com\/alexandra.richter.902\"><em><strong><span style=\"color: #800000;\">https:\/\/www.facebook.com\/alexandra.richter.902<\/span><\/strong><\/em><\/a><\/span><\/p>\n<p><em><strong>Tag 3 ist Nicole mit dem Setting<\/strong><\/em><br \/>\n<span style=\"color: #800000;\"><em><strong><a style=\"color: #800000;\" href=\"https:\/\/www.instagram.com\/nicole_leseeule\/\">https:\/\/www.instagram.com\/nicole_leseeule\/<\/a><\/strong><\/em><\/span><\/p>\n<p><em><strong>Tag 4 ist Simone mit einer Protagonisten Vorstellung<\/strong><\/em><br \/>\n<span style=\"color: #800000;\"><em><strong><a style=\"color: #800000;\" href=\"https:\/\/ninis-kleine-fluchten.blogspot.com\/\">https:\/\/ninis-kleine-fluchten.blogspot.com\/<\/a><\/strong><\/em><\/span><br \/>\n<span style=\"color: #800000;\"><em><strong><a style=\"color: #800000;\" href=\"https:\/\/www.instagram.com\/nini_lifeungesch\/\">https:\/\/www.instagram.com\/nini_lifeungesch\/<\/a><\/strong><\/em><\/span><\/p>\n<p><em><strong>Tag 5 ist Ulrike mit einem Insta Reel<\/strong><\/em><br \/>\n<span style=\"color: #800000;\"><em><strong><a style=\"color: #800000;\" href=\"https:\/\/www.instagram.com\/klanguli\/\">https:\/\/www.instagram.com\/klanguli\/<\/a><\/strong><\/em><\/span><\/p>\n<p><em><strong>Tag 6 ist Angelique mit Textschnipsel<\/strong><\/em><br \/>\n<span style=\"color: #800000;\"><em><strong><a style=\"color: #800000;\" href=\"https:\/\/angeliquesleseecke.blogspot.com\/\">https:\/\/angeliquesleseecke.blogspot.com\/<\/a><\/strong><\/em><\/span><br \/>\n<span style=\"color: #800000;\"><em><strong><a style=\"color: #800000;\" href=\"https:\/\/www.instagram.com\/angeliques.leseecke\/\">https:\/\/www.instagram.com\/angeliques.leseecke\/<\/a><\/strong><\/em><br \/>\n<a style=\"color: #800000;\" href=\"https:\/\/www.facebook.com\/angeliques.leseecke\"><em><strong>https:\/\/www.facebook.com\/angeliques.leseecke<\/strong><\/em><\/a><\/span><\/p>\n<p><em><strong>Tag 7 ist Tanja mit einem Mini Interview<\/strong><\/em><br \/>\n<span style=\"color: #800000;\"><em><strong><a href=\"https:\/\/www.instagram.com\/tanjasbuecherinsel\/\"><span style=\"color: #800000;\">https:\/\/www.instagram.com\/tanjasbuecherinsel\/<\/span><\/a><\/strong><\/em><\/span><\/p>\n<p><em><strong>Tag 8 ist Kathrin mit Zitaten<\/strong><\/em><br \/>\n<span style=\"color: #800000;\"><em><strong><a style=\"color: #800000;\" href=\"https:\/\/www.instagram.com\/bogenprinzessin_meets_waldfee\/\">https:\/\/www.instagram.com\/bogenprinzessin_meets_waldfee\/<\/a><\/strong><\/em><\/span><br \/>\n<span style=\"color: #800000;\"><em><strong><a style=\"color: #800000;\" href=\"https:\/\/bogenprinzessin-trifft-buecher.jimdofree.com\/\">https:\/\/bogenprinzessin-trifft-buecher.jimdofree.com\/<\/a><\/strong><\/em><\/span><\/p>\n<p><em><strong>Tag 9 ist Anett um 19 Uhr mit der Live-Lesung<\/strong><\/em><br \/>\n<span style=\"color: #800000;\"><em><strong><a style=\"color: #800000;\" href=\"https:\/\/www.instagram.com\/bogenprinzessin_meets_books\/\">https:\/\/www.instagram.com\/bogenprinzessin_meets_books\/<\/a><\/strong><\/em><\/span><\/p>\n<p><span style=\"color: #000000;\"><em><strong>Nun habt eine sch\u00f6ne unterhaltsame und informative Blogtour \u00fcber das Buch &#8220;Das Strandbad am Wolzensee&#8221; von Britta Orlowski<\/strong><\/em><em>.<\/em> <\/span><\/p>\n","protected":false},"excerpt":{"rendered":"<p>Ich m\u00f6chte euch von Montag,01.05.23 bis zum Sonntag,09.05.23 einladen, an der Blogtour f\u00fcr das neue Buch &#8220;Das Strandbad am Wolzensee&#8221; von Britta Orlowski reinzulesen. Es sind mehrere Bloggerinnen, die mit mir, euch Infos \u00fcber das Buch mitgeben m\u00f6chten. Es wird &hellip; <a href=\"https:\/\/www.richteronweb.de\/?p=22253\">Weiterlesen <span class=\"meta-nav\">&rarr;<\/span><\/a><\/p>\n","protected":false},"author":1,"featured_media":0,"comment_status":"open","ping_status":"open","sticky":false,"template":"","format":"standard","meta":{"_jetpack_memberships_contains_paid_content":false,"footnotes":""},"categories":[1],"tags":[],"class_list":["post-22253","post","type-post","status-publish","format-standard","hentry","category-lesebuch"],"jetpack_featured_media_url":"","jetpack_sharing_enabled":true,"_links":{"self":[{"href":"https:\/\/www.richteronweb.de\/index.php?rest_route=\/wp\/v2\/posts\/22253","targetHints":{"allow":["GET"]}}],"collection":[{"href":"https:\/\/www.richteronweb.de\/index.php?rest_route=\/wp\/v2\/posts"}],"about":[{"href":"https:\/\/www.richteronweb.de\/index.php?rest_route=\/wp\/v2\/types\/post"}],"author":[{"embeddable":true,"href":"https:\/\/www.richteronweb.de\/index.php?rest_route=\/wp\/v2\/users\/1"}],"replies":[{"embeddable":true,"href":"https:\/\/www.richteronweb.de\/index.php?rest_route=%2Fwp%2Fv2%2Fcomments&post=22253"}],"version-history":[{"count":4,"href":"https:\/\/www.richteronweb.de\/index.php?rest_route=\/wp\/v2\/posts\/22253\/revisions"}],"predecessor-version":[{"id":22268,"href":"https:\/\/www.richteronweb.de\/index.php?rest_route=\/wp\/v2\/posts\/22253\/revisions\/22268"}],"wp:attachment":[{"href":"https:\/\/www.richteronweb.de\/index.php?rest_route=%2Fwp%2Fv2%2Fmedia&parent=22253"}],"wp:term":[{"taxonomy":"category","embeddable":true,"href":"https:\/\/www.richteronweb.de\/index.php?rest_route=%2Fwp%2Fv2%2Fcategories&post=22253"},{"taxonomy":"post_tag","embeddable":true,"href":"https:\/\/www.richteronweb.de\/index.php?rest_route=%2Fwp%2Fv2%2Ftags&post=22253"}],"curies":[{"name":"wp","href":"https:\/\/api.w.org\/{rel}","templated":true}]}}