{"id":22202,"date":"2023-04-30T09:30:12","date_gmt":"2023-04-30T07:30:12","guid":{"rendered":"https:\/\/www.richteronweb.de\/?p=22202"},"modified":"2023-04-30T09:29:40","modified_gmt":"2023-04-30T07:29:40","slug":"lit-love-on-tour-romance-auf-der-lbm-2023-online","status":"publish","type":"post","link":"https:\/\/www.richteronweb.de\/?p=22202","title":{"rendered":"R\u00fcckblick lit.Love ON TOUR Romance auf der LBM 2023 online"},"content":{"rendered":"<div class=\"field field--name-field-autor field--type-entity-reference field--label-hidden d-flex field__items\">\n<div class=\"field__item\">\n<div class=\"flex_column av-1d6ll5v-afe9bf7b5a97ea46eb9aed07a5523b3f av_three_fifth avia-builder-el-13 el_after_av_two_fifth avia-builder-el-last flex_column_div \">\n<section class=\"av_textblock_section av-lfveco67-f67924ef72209c9bc66bd9a2f90228f4\">\n<div class=\"avia_textblock\">\n<div class=\"flex_column av-q3a16r-1bd3625b84990546f49e0c2196e8c694 av_three_fifth avia-builder-el-6 el_after_av_two_fifth avia-builder-el-last flex_column_div column-top-margin\">\n<section class=\"av_textblock_section av-lfve2p3i-0c9a8ba6267e45fa2af478344d0b7133\">\n<div class=\"avia_textblock\">\n<p><span style=\"color: #000000;\"><em><strong>Heute habe ich einen kleinen R\u00fcckblick vom gestrigen Nachmittag f\u00fcr meine Community. Ich war online auf der LBM 2023 und konnte so etwas Buchmessen Luft miterleben. Die lit.Love on Tour hatte es m\u00f6glich gemacht, einige Talks live auf dem Computer mitzuverfolgen. Die Autorinnen stellten sich und ihre Werke vor. Es waren sch\u00f6ne Stunden mit viel Romatik.<\/strong> <\/em><\/span><\/p>\n<p><a href=\"https:\/\/www.richteronweb.de\/wp-content\/uploads\/2023\/04\/Meike-Werkmeister-Katrin-Burseg.jpg\"><img loading=\"lazy\" decoding=\"async\" class=\"alignnone size-medium wp-image-22208\" src=\"https:\/\/www.richteronweb.de\/wp-content\/uploads\/2023\/04\/Meike-Werkmeister-Katrin-Burseg-300x169.jpg\" alt=\"\" width=\"300\" height=\"169\" srcset=\"https:\/\/www.richteronweb.de\/wp-content\/uploads\/2023\/04\/Meike-Werkmeister-Katrin-Burseg-300x169.jpg 300w, https:\/\/www.richteronweb.de\/wp-content\/uploads\/2023\/04\/Meike-Werkmeister-Katrin-Burseg-700x394.jpg 700w, https:\/\/www.richteronweb.de\/wp-content\/uploads\/2023\/04\/Meike-Werkmeister-Katrin-Burseg-768x432.jpg 768w, https:\/\/www.richteronweb.de\/wp-content\/uploads\/2023\/04\/Meike-Werkmeister-Katrin-Burseg.jpg 800w\" sizes=\"auto, (max-width: 300px) 100vw, 300px\" \/><\/a><\/p>\n<div class=\"flex_column av-q3a16r-1bd3625b84990546f49e0c2196e8c694 av_three_fifth avia-builder-el-6 el_after_av_two_fifth avia-builder-el-last flex_column_div column-top-margin\">\n<div class=\"av-special-heading av-lfve1xx4-f46d4f0d3ed4ed860243d1b2c5a6b580 av-special-heading-h3 avia-builder-el-7 el_before_av_hr avia-builder-el-first \">\n<h3 class=\"av-special-heading-tag\"><strong>29. April 2023, 12.00 Uhr<\/strong><\/h3>\n<div class=\"hr av-lfve5eyb-bba7dd3c766b63985e764a1c28645456 hr-invisible avia-builder-el-8 el_after_av_heading el_before_av_textblock \">\n<p><em><strong>Wellen, Wind und Meer: Ein Sommer am Atlantik er\u00f6ffnet neue Horizonte<\/strong><\/em><\/p>\n<p>&nbsp;<\/p>\n<\/div>\n<\/div>\n<div class=\"avia_textblock\">\n<p><em><strong>Ein Sommerurlaub an der Atlantikk\u00fcste wird f\u00fcr die Hauptfiguren in Katrin Bursegs Roman \u201cAdas Fest\u201d und \u201cAm Horizont wartet die Sonne\u201d von Meike Werkmeister zum wichtigsten im Leben. Als die 74-j\u00e4hrige Ada beschlie\u00dft, mit einem letzten Familienfest Abschied von ihrem geliebten Haus an der franz\u00f6sischen Atlantikk\u00fcste zu nehmen, dr\u00e4ngen pl\u00f6tzlich lange verborgene Geheimnisse ans Licht, die die Familie vor eine Zerrei\u00dfprobe stellen. Werkmeisters Heldin Katrin dagegen sucht in einer Auszeit an der portugiesischen Atlantikk\u00fcste genau diesen Bruch mit ihrem bisherigen pflichterf\u00fcllten Leben und genie\u00dft die neue Freiheit. Was genau bringt die Frauen in beiden Romanen zu den Wendepunkten ihres Lebens \u2013 oder ist es doch die magische Energie von Wellen, Wind und Meer, die am Ende neue Horizonte f\u00fcr alle er\u00f6ffnet?<\/strong><\/em><br \/>\n<em><strong>Moderation: Karla Paul<br \/>\nDauer: 45 min<br \/>\nVerlag: Goldmann &amp; Diana<br \/>\n<\/strong><\/em><\/p>\n<p><em><strong>Zum Livestream:<span style=\"color: #000000;\"><a style=\"color: #000000;\" href=\"https:\/\/litlounge.de\/online-event\/wellen-wind-und-meer-ein-sommer-am-atlantik-eroeffnet-neue-horizonte\" target=\"_blank\" rel=\"noopener\">Wellen, Wind und Meer: Ein Sommer am Atlantik er\u00f6ffnet neue Horizonte | litlounge.de<\/a><\/span><\/strong><\/em><\/p>\n<p>&nbsp;<\/p>\n<p><a href=\"https:\/\/www.richteronweb.de\/wp-content\/uploads\/2023\/04\/IMG_20230429_121641.jpg\"><img loading=\"lazy\" decoding=\"async\" class=\"alignnone size-medium wp-image-22227\" src=\"https:\/\/www.richteronweb.de\/wp-content\/uploads\/2023\/04\/IMG_20230429_121641-300x225.jpg\" alt=\"\" width=\"300\" height=\"225\" srcset=\"https:\/\/www.richteronweb.de\/wp-content\/uploads\/2023\/04\/IMG_20230429_121641-300x225.jpg 300w, https:\/\/www.richteronweb.de\/wp-content\/uploads\/2023\/04\/IMG_20230429_121641-700x525.jpg 700w, https:\/\/www.richteronweb.de\/wp-content\/uploads\/2023\/04\/IMG_20230429_121641-768x576.jpg 768w, https:\/\/www.richteronweb.de\/wp-content\/uploads\/2023\/04\/IMG_20230429_121641-1536x1152.jpg 1536w, https:\/\/www.richteronweb.de\/wp-content\/uploads\/2023\/04\/IMG_20230429_121641-900x675.jpg 900w, https:\/\/www.richteronweb.de\/wp-content\/uploads\/2023\/04\/IMG_20230429_121641-1280x960.jpg 1280w, https:\/\/www.richteronweb.de\/wp-content\/uploads\/2023\/04\/IMG_20230429_121641.jpg 1600w\" sizes=\"auto, (max-width: 300px) 100vw, 300px\" \/><\/a><\/p>\n<p><a href=\"https:\/\/www.richteronweb.de\/wp-content\/uploads\/2023\/04\/IMG_20230429_121602.jpg\"><img loading=\"lazy\" decoding=\"async\" class=\"alignnone size-medium wp-image-22228\" src=\"https:\/\/www.richteronweb.de\/wp-content\/uploads\/2023\/04\/IMG_20230429_121602-300x225.jpg\" alt=\"\" width=\"300\" height=\"225\" srcset=\"https:\/\/www.richteronweb.de\/wp-content\/uploads\/2023\/04\/IMG_20230429_121602-300x225.jpg 300w, https:\/\/www.richteronweb.de\/wp-content\/uploads\/2023\/04\/IMG_20230429_121602-700x525.jpg 700w, https:\/\/www.richteronweb.de\/wp-content\/uploads\/2023\/04\/IMG_20230429_121602-768x576.jpg 768w, https:\/\/www.richteronweb.de\/wp-content\/uploads\/2023\/04\/IMG_20230429_121602-1536x1152.jpg 1536w, https:\/\/www.richteronweb.de\/wp-content\/uploads\/2023\/04\/IMG_20230429_121602-900x675.jpg 900w, https:\/\/www.richteronweb.de\/wp-content\/uploads\/2023\/04\/IMG_20230429_121602-1280x960.jpg 1280w, https:\/\/www.richteronweb.de\/wp-content\/uploads\/2023\/04\/IMG_20230429_121602.jpg 1600w\" sizes=\"auto, (max-width: 300px) 100vw, 300px\" \/><\/a><\/p>\n<p><a href=\"https:\/\/www.richteronweb.de\/wp-content\/uploads\/2023\/04\/IMG_20230429_122512.jpg\"><img loading=\"lazy\" decoding=\"async\" class=\"alignnone size-medium wp-image-22230\" src=\"https:\/\/www.richteronweb.de\/wp-content\/uploads\/2023\/04\/IMG_20230429_122512-300x225.jpg\" alt=\"\" width=\"300\" height=\"225\" srcset=\"https:\/\/www.richteronweb.de\/wp-content\/uploads\/2023\/04\/IMG_20230429_122512-300x225.jpg 300w, https:\/\/www.richteronweb.de\/wp-content\/uploads\/2023\/04\/IMG_20230429_122512-700x525.jpg 700w, https:\/\/www.richteronweb.de\/wp-content\/uploads\/2023\/04\/IMG_20230429_122512-768x576.jpg 768w, https:\/\/www.richteronweb.de\/wp-content\/uploads\/2023\/04\/IMG_20230429_122512-1536x1152.jpg 1536w, https:\/\/www.richteronweb.de\/wp-content\/uploads\/2023\/04\/IMG_20230429_122512-900x675.jpg 900w, https:\/\/www.richteronweb.de\/wp-content\/uploads\/2023\/04\/IMG_20230429_122512-1280x960.jpg 1280w, https:\/\/www.richteronweb.de\/wp-content\/uploads\/2023\/04\/IMG_20230429_122512.jpg 1600w\" sizes=\"auto, (max-width: 300px) 100vw, 300px\" \/><\/a><\/p>\n<p><em><strong><span style=\"color: #000000;\">Mein Beitrag zum Talk:<\/span><\/strong><\/em><\/p>\n<p><em><strong>Ich habe mich so sehr gefreut, die Meike Werkmeister mal wieder zu sehen, leider nur online. Denn ich war nicht in Leipzig vor Ort, bei dieser wundervollen Aktion von der lit.Love on Tour. Ich bekam aber eine geniale M\u00f6glichkeit \u00fcber ein Stream, fast in der ersten Reihe, teilzunehmen. Hat schon was die Technik-Welt! Au\u00dferdem bekam ich von der <span class=\"_aacl _aaco _aacw _aacx _aad7 _aade\">ehrlich &amp; anders Gmbh ein Mega Romance Buchpaket zugesendet, um es mir mit Chips, Popcorn und \u00b4ner Fanta bequem am Laptop zu machen. Danke an dieser Stelle!<br \/>\n<\/span><\/strong><\/em><\/p>\n<p><em><strong>Nun war ich wie gesagt, anwesend und habe neugierig zugeh\u00f6rt, so das ich mir erst fast am Ende \u00fcberlegt hatte, einen kleinen Beitrag f\u00fcr meinen Blog zu schreiben. Und schnell noch Fotos geschossen und nur den letzten Teil des Spiels notiert. \u00dcbrigens w\u00fcnsche ich mir auch irgendwann die Karla Paul mal kennen zu lernen. Sie hat eine sehr unterhaltsame und erfrischende Moderation gemacht. <\/strong><\/em><\/p>\n<p><em><strong>Zu den Fragen hatte ich so einige richtig beantworten. Die Moderation wollte vom Publikum wissen, wer hinter den Fragen steckte. Meike schw\u00e4rmte damals f\u00fcr einen Fu\u00dfballer namens Karlheinz Riedle. Den kannte ich noch nicht mal. Und sie vereist immer mit mehr Lebensmittel-Pakete als mit Kleidung im Gep\u00e4ck, k\u00f6nnte ja sein das sie verhungern mu\u00df.<\/strong><\/em><\/p>\n<p><em><strong>Nun wurde mir eine neue Autorin bei diesem Talk vorgestellt, n\u00e4mlich die Katrin Burseg. Sie kam auch super sympatisch r\u00fcber. Wenn ich vor Ort gewesen w\u00e4re, h\u00e4tte ich mit ihr geschnackt, um sie n\u00e4her kennen zulernen. Katrin Burseg hatte mal in einem Berliner Hotel einen Hollywood Schauspieler getroffen. Sie wurde von <span class=\"yKMVIe\" role=\"heading\" aria-level=\"1\">Keanu Reeves<\/span> mit einem &#8220;Hi&#8221; im Aufzug begr\u00fc\u00dft. Ich glaube ich h\u00e4tte kein Ton rausgebracht. Au\u00dferdem nimmt die Autorin immer ihren Bonsai mit in den Urlaub. Habt ihr auch schon mal eine Pflanze mit in den Urlaub mitgenommen? Da habe ich kurz gedacht, die meint das wohl nicht ernst, aber doch, sie macht das&#8230; Und als sie damals vor langer Zeit das Leben erblickte, war die holl\u00e4ndische K\u00f6nigin in Deutschland und ihre Mutter war eine Niederl\u00e4nderin und schrieb einen Brief an die K\u00f6nigliche Hoheit. Und diese schrieb ihr Gl\u00fcckw\u00fcnsche zur Geburt ihrer Tochter ein Paar Zeilen zur\u00fcck. Dieser Brief wird in der Familie gut aufbewahrt als Erinnerung.<\/strong><\/em><\/p>\n<\/div>\n<\/div>\n<p>&nbsp;<\/p>\n<p><a href=\"https:\/\/www.richteronweb.de\/wp-content\/uploads\/2023\/04\/Caren-Benedikt.jpg\"><img loading=\"lazy\" decoding=\"async\" class=\"alignnone size-medium wp-image-22209\" src=\"https:\/\/www.richteronweb.de\/wp-content\/uploads\/2023\/04\/Caren-Benedikt-300x169.jpg\" alt=\"\" width=\"300\" height=\"169\" srcset=\"https:\/\/www.richteronweb.de\/wp-content\/uploads\/2023\/04\/Caren-Benedikt-300x169.jpg 300w, https:\/\/www.richteronweb.de\/wp-content\/uploads\/2023\/04\/Caren-Benedikt-700x394.jpg 700w, https:\/\/www.richteronweb.de\/wp-content\/uploads\/2023\/04\/Caren-Benedikt-768x432.jpg 768w, https:\/\/www.richteronweb.de\/wp-content\/uploads\/2023\/04\/Caren-Benedikt.jpg 800w\" sizes=\"auto, (max-width: 300px) 100vw, 300px\" \/><\/a><\/p>\n<div class=\"flex_column av-6ugtggz-1d262a6b0a16b23d53ffb7d270d7808d av_three_fifth avia-builder-el-20 el_after_av_two_fifth avia-builder-el-last flex_column_div \">\n<div class=\"av-special-heading av-lfza332i-eff052629ca98a44ec0726b91e891a63 av-special-heading-h3 avia-builder-el-21 el_before_av_hr avia-builder-el-first \">\n<h3 class=\"av-special-heading-tag\"><span style=\"color: #000000;\">29. April 2023, 14.00 Uhr<\/span><\/h3>\n<\/div>\n<section class=\"av_textblock_section av-lfza3oqx-12fa0296593fc487ceac3873060378ee\">\n<div class=\"avia_textblock\">\n<p><em><strong><span style=\"color: #000000;\">Zwischen Liebe und Verrat: Eine Familiendynastie im Glanz der Macht<\/span><\/strong><\/em><\/p>\n<p><em><strong><span style=\"color: #000000;\">Caren Benedikt ist Expertin, wenn es um selbstzerst\u00f6rerische Familienbande geht, und entwirft mitrei\u00dfende Familiensagas in faszinierenden Settings. In ihrem aktuellen Roman \u201eClub Paradies \u2013 Im Glanz der Macht\u201c erz\u00e4hlt sie vom Aufstieg und Fall des Immobilienpatriarchen Hanns Borchardt und seiner Familie im Berlin der bewegten 70-Jahre mit all seinen schillernden Pers\u00f6nlichkeiten. Im Gespr\u00e4ch mit G\u00fcnter Keil erz\u00e4hlt die Bestsellerautorin, wie sie Geheimnisse und Intrigen in ihre Geschichten spinnt und ihre Protagonist*innen entgegen aller moralischer Werte nach Macht und Geld streben l\u00e4sst.<\/span><\/strong><\/em><br \/>\n<em><strong><span style=\"color: #000000;\">Moderation: G\u00fcnter Keil<br \/>\nDauer: 30 min<\/span><\/strong><\/em><br \/>\n<em><strong><span style=\"color: #000000;\">Verlag: Blanvalet<\/span><\/strong><\/em><\/p>\n<p><em><strong><span style=\"color: #000000;\">Zum Livestream: <a style=\"color: #000000;\" href=\"https:\/\/litlounge.de\/online-event\/zwischen-liebe-und-verrat-eine-familiendynastie-im-glanz-der-macht\">Zwischen Liebe und Verrat: Eine Familiendynastie im Glanz der Macht | litlounge.de<\/a><\/span><\/strong><\/em><\/p>\n<p><a href=\"https:\/\/www.richteronweb.de\/wp-content\/uploads\/2023\/04\/IMG_20230429_141446.jpg\"><img loading=\"lazy\" decoding=\"async\" class=\"alignnone size-medium wp-image-22232\" src=\"https:\/\/www.richteronweb.de\/wp-content\/uploads\/2023\/04\/IMG_20230429_141446-300x225.jpg\" alt=\"\" width=\"300\" height=\"225\" srcset=\"https:\/\/www.richteronweb.de\/wp-content\/uploads\/2023\/04\/IMG_20230429_141446-300x225.jpg 300w, https:\/\/www.richteronweb.de\/wp-content\/uploads\/2023\/04\/IMG_20230429_141446-700x525.jpg 700w, https:\/\/www.richteronweb.de\/wp-content\/uploads\/2023\/04\/IMG_20230429_141446-768x576.jpg 768w, https:\/\/www.richteronweb.de\/wp-content\/uploads\/2023\/04\/IMG_20230429_141446-1536x1152.jpg 1536w, https:\/\/www.richteronweb.de\/wp-content\/uploads\/2023\/04\/IMG_20230429_141446-900x675.jpg 900w, https:\/\/www.richteronweb.de\/wp-content\/uploads\/2023\/04\/IMG_20230429_141446-1280x960.jpg 1280w, https:\/\/www.richteronweb.de\/wp-content\/uploads\/2023\/04\/IMG_20230429_141446.jpg 1600w\" sizes=\"auto, (max-width: 300px) 100vw, 300px\" \/><\/a><\/p>\n<p><a href=\"https:\/\/www.richteronweb.de\/wp-content\/uploads\/2023\/04\/IMG_20230429_141609.jpg\"><img loading=\"lazy\" decoding=\"async\" class=\"alignnone size-medium wp-image-22233\" src=\"https:\/\/www.richteronweb.de\/wp-content\/uploads\/2023\/04\/IMG_20230429_141609-300x225.jpg\" alt=\"\" width=\"300\" height=\"225\" srcset=\"https:\/\/www.richteronweb.de\/wp-content\/uploads\/2023\/04\/IMG_20230429_141609-300x225.jpg 300w, https:\/\/www.richteronweb.de\/wp-content\/uploads\/2023\/04\/IMG_20230429_141609-700x525.jpg 700w, https:\/\/www.richteronweb.de\/wp-content\/uploads\/2023\/04\/IMG_20230429_141609-768x576.jpg 768w, https:\/\/www.richteronweb.de\/wp-content\/uploads\/2023\/04\/IMG_20230429_141609-1536x1152.jpg 1536w, https:\/\/www.richteronweb.de\/wp-content\/uploads\/2023\/04\/IMG_20230429_141609-900x675.jpg 900w, https:\/\/www.richteronweb.de\/wp-content\/uploads\/2023\/04\/IMG_20230429_141609-1280x960.jpg 1280w, https:\/\/www.richteronweb.de\/wp-content\/uploads\/2023\/04\/IMG_20230429_141609.jpg 1600w\" sizes=\"auto, (max-width: 300px) 100vw, 300px\" \/><\/a><\/p>\n<p><em><span style=\"color: #000000;\"><strong>Mein Beitrag zum Talk:<\/strong><\/span><\/em><\/p>\n<p><em><span style=\"color: #000000;\"><strong>Wie es so ist habe ich den vollen Talk nicht mitbekommen. Der war direkt in der Mittagessens Zeit. Aber Caren Benedikt alias Petra Mattfeld hatte ich 2019 auf einer Lesung, in Frankfurt, kennen lernen d\u00fcrfen. Auch eine sympatische Autorin, dessen B\u00fccher ich habe, aber noch nicht dazu kam, sie zu lesen. Ich bin einfach von vielen tollen Autorinnen und Autoren umgeben in dieser Buchwelt. Ach, sie ist eigentlich nicht auf der lit.Love on tour Karte erw\u00e4hnt gewesen. Es h\u00e4tte die Autorin Mimi Steinfeld, mit ihrem Buch &#8220;Mein unfassbar kompliziertes Leben (M\u00e4nner nicht mitgez\u00e4hlt)&#8221; sein sollen. Daf\u00fcr erz\u00e4hlte uns Caren Benedikt etwas aus ihrem aktuellen Roman \u201eClub Paradies \u2013 Im Glanz der Macht\u201c, der im M\u00e4rz beim Blanvalet Verlag erschienen ist.<\/strong><\/span><\/em><\/p>\n<p><em><span style=\"color: #000000;\"><strong>Auch hier war es die Fragerunde, die ich haupts\u00e4chlich mitgenommen habe, wer ist Caren Benedikt im realen Leben. Sie hatte ihren drei Kindern in der Kleinkindphase oft Geschichten erz\u00e4hlt, um sie zur Gartenarbeit zu motivieren. Witzige Geschichte mit dem Werthers Echte Goldpapier im Garten. HIHI! K\u00f6nntet ihr euch au\u00dferdem vorstellen, dass sie mal ein Haus zerst\u00f6rt haben soll? Doch, das ist wirklich wahr. An dieser Stelle Danke auch an die Moderation von G\u00fcnter Keil.<\/strong> <\/span><\/em><\/p>\n<p>&nbsp;<\/p>\n<p><a href=\"https:\/\/www.richteronweb.de\/wp-content\/uploads\/2023\/04\/Katja-Keweritsch-Svenja-Lassen.jpg\"><img loading=\"lazy\" decoding=\"async\" class=\"alignnone size-medium wp-image-22210\" src=\"https:\/\/www.richteronweb.de\/wp-content\/uploads\/2023\/04\/Katja-Keweritsch-Svenja-Lassen-300x169.jpg\" alt=\"\" width=\"300\" height=\"169\" srcset=\"https:\/\/www.richteronweb.de\/wp-content\/uploads\/2023\/04\/Katja-Keweritsch-Svenja-Lassen-300x169.jpg 300w, https:\/\/www.richteronweb.de\/wp-content\/uploads\/2023\/04\/Katja-Keweritsch-Svenja-Lassen-700x394.jpg 700w, https:\/\/www.richteronweb.de\/wp-content\/uploads\/2023\/04\/Katja-Keweritsch-Svenja-Lassen-768x432.jpg 768w, https:\/\/www.richteronweb.de\/wp-content\/uploads\/2023\/04\/Katja-Keweritsch-Svenja-Lassen.jpg 800w\" sizes=\"auto, (max-width: 300px) 100vw, 300px\" \/><\/a><\/p>\n<\/div>\n<\/section>\n<\/div>\n<div class=\"flex_column av-32iym77-982034c0370e10519af87fc500585169 av_three_fifth avia-builder-el-34 el_after_av_two_fifth avia-builder-el-last flex_column_div \">\n<div class=\"av-special-heading av-lfza6w8r-f8264f5e23f80e61235c0407dd26df0b av-special-heading-h3 avia-builder-el-35 el_before_av_hr avia-builder-el-first \">\n<h3 class=\"av-special-heading-tag\"><span style=\"color: #000000;\">29. April 2023, 16.00 Uhr<\/span><\/h3>\n<\/div>\n<section class=\"av_textblock_section av-lfza7f4d-a0db0d995f5e03b7cef02351b5d142ea\">\n<div class=\"avia_textblock\">\n<p><em><span style=\"color: #000000;\"><strong>Der Weg ist das Ziel \u2013 vom Gl\u00fcck der Selbstfindung, wenn man einfach mal losl\u00e4uft<\/strong><\/span><\/em><\/p>\n<p><em><span style=\"color: #000000;\"><strong>Waren wir nicht alle schon mal an einem Punkt in unserem Leben, an dem wir einfach nur weg wollten? So wie die Heldin in Katja Keweritschs Roman \u201eAgnes geht\u201c, die nach einem Streit mit ihrem Mann einfach losl\u00e4uft, erst quer durch Hamburg und dann durch das gr\u00fcne Marschland der Elbe. Oder Nora, die in Svenja Lassens Roman \u201eMuscheltr\u00e4ume\u201c auf dem idyllischen Gendarmenpfad an der Flensburger F\u00f6rde ihren Liebeskummer wegwandern will. Manchmal braucht es einen Knall, der uns loslaufen l\u00e4sst, um herauszufinden, was wir wirklich wollen und um wieder zu uns selbst zu finden. Dass man dazu buchst\u00e4blich Wegstrecke zur\u00fccklegen und Umwege in Kauf nehmen muss, um sich frei f\u00fcr ein neues Gl\u00fcck zu machen \u2013 dar\u00fcber und noch viel mehr tauschen sich Katja Keweritsch und Svenja Lassen im Gespr\u00e4ch mit Karla Paul aus.<\/strong><\/span><\/em><br \/>\n<em><span style=\"color: #000000;\"><strong>Moderation: Karla Paul<br \/>\nDauer: 45 min<\/strong><\/span><\/em><br \/>\n<em><span style=\"color: #000000;\"><strong>Verlag: Blanvalet &amp; Diana<br \/>\n<\/strong><\/span><\/em><\/p>\n<p><em><span style=\"color: #000000;\"><strong>Zum Livestream: <a style=\"color: #000000;\" href=\"https:\/\/litlounge.de\/online-event\/der-weg-ist-das-ziel-vom-glueck-der-selbstfindung-wenn-man-einfach-mal-loslaeuft\" target=\"_blank\" rel=\"noopener\">Der Weg ist das Ziel \u2013 vom Gl\u00fcck der Selbstfindung, wenn man einfach mal losl\u00e4uft | litlounge.de<\/a><\/strong><\/span><\/em><\/p>\n<\/div>\n<\/section>\n<\/div>\n<\/div>\n<\/section>\n<\/div>\n<\/div>\n<\/section>\n<\/div>\n<\/div>\n<\/div>\n<p><a href=\"https:\/\/www.richteronweb.de\/wp-content\/uploads\/2023\/04\/IMG_20230429_160343.jpg\"><img loading=\"lazy\" decoding=\"async\" class=\"alignnone size-medium wp-image-22238\" src=\"https:\/\/www.richteronweb.de\/wp-content\/uploads\/2023\/04\/IMG_20230429_160343-300x225.jpg\" alt=\"\" width=\"300\" height=\"225\" srcset=\"https:\/\/www.richteronweb.de\/wp-content\/uploads\/2023\/04\/IMG_20230429_160343-300x225.jpg 300w, https:\/\/www.richteronweb.de\/wp-content\/uploads\/2023\/04\/IMG_20230429_160343-700x525.jpg 700w, https:\/\/www.richteronweb.de\/wp-content\/uploads\/2023\/04\/IMG_20230429_160343-768x576.jpg 768w, https:\/\/www.richteronweb.de\/wp-content\/uploads\/2023\/04\/IMG_20230429_160343-1536x1152.jpg 1536w, https:\/\/www.richteronweb.de\/wp-content\/uploads\/2023\/04\/IMG_20230429_160343-900x675.jpg 900w, https:\/\/www.richteronweb.de\/wp-content\/uploads\/2023\/04\/IMG_20230429_160343-1280x960.jpg 1280w, https:\/\/www.richteronweb.de\/wp-content\/uploads\/2023\/04\/IMG_20230429_160343.jpg 1600w\" sizes=\"auto, (max-width: 300px) 100vw, 300px\" \/><\/a><\/p>\n<p><a href=\"https:\/\/www.richteronweb.de\/wp-content\/uploads\/2023\/04\/IMG_20230429_160513.jpg\"><img loading=\"lazy\" decoding=\"async\" class=\"alignnone size-medium wp-image-22240\" src=\"https:\/\/www.richteronweb.de\/wp-content\/uploads\/2023\/04\/IMG_20230429_160513-225x300.jpg\" alt=\"\" width=\"225\" height=\"300\" srcset=\"https:\/\/www.richteronweb.de\/wp-content\/uploads\/2023\/04\/IMG_20230429_160513-225x300.jpg 225w, https:\/\/www.richteronweb.de\/wp-content\/uploads\/2023\/04\/IMG_20230429_160513-700x933.jpg 700w, https:\/\/www.richteronweb.de\/wp-content\/uploads\/2023\/04\/IMG_20230429_160513-768x1024.jpg 768w, https:\/\/www.richteronweb.de\/wp-content\/uploads\/2023\/04\/IMG_20230429_160513-1152x1536.jpg 1152w, https:\/\/www.richteronweb.de\/wp-content\/uploads\/2023\/04\/IMG_20230429_160513-900x1200.jpg 900w, https:\/\/www.richteronweb.de\/wp-content\/uploads\/2023\/04\/IMG_20230429_160513.jpg 1200w\" sizes=\"auto, (max-width: 225px) 100vw, 225px\" \/><\/a><\/p>\n<p><a href=\"https:\/\/www.richteronweb.de\/wp-content\/uploads\/2023\/04\/IMG_20230429_161713.jpg\"><img loading=\"lazy\" decoding=\"async\" class=\"alignnone size-medium wp-image-22241\" src=\"https:\/\/www.richteronweb.de\/wp-content\/uploads\/2023\/04\/IMG_20230429_161713-225x300.jpg\" alt=\"\" width=\"225\" height=\"300\" srcset=\"https:\/\/www.richteronweb.de\/wp-content\/uploads\/2023\/04\/IMG_20230429_161713-225x300.jpg 225w, https:\/\/www.richteronweb.de\/wp-content\/uploads\/2023\/04\/IMG_20230429_161713-700x933.jpg 700w, https:\/\/www.richteronweb.de\/wp-content\/uploads\/2023\/04\/IMG_20230429_161713-768x1024.jpg 768w, https:\/\/www.richteronweb.de\/wp-content\/uploads\/2023\/04\/IMG_20230429_161713-1152x1536.jpg 1152w, https:\/\/www.richteronweb.de\/wp-content\/uploads\/2023\/04\/IMG_20230429_161713-900x1200.jpg 900w, https:\/\/www.richteronweb.de\/wp-content\/uploads\/2023\/04\/IMG_20230429_161713.jpg 1200w\" sizes=\"auto, (max-width: 225px) 100vw, 225px\" \/><\/a><\/p>\n<p><em><strong>Mein Beitrag zum Talk:<\/strong><\/em><\/p>\n<div class=\"field field--name-field-autor field--type-entity-reference field--label-hidden d-flex field__items\">\n<div class=\"field__item\">\n<div class=\"flex_column av-1d6ll5v-afe9bf7b5a97ea46eb9aed07a5523b3f av_three_fifth avia-builder-el-13 el_after_av_two_fifth avia-builder-el-last flex_column_div \">\n<section class=\"av_textblock_section av-lfveco67-f67924ef72209c9bc66bd9a2f90228f4\">\n<div class=\"avia_textblock\">\n<div class=\"flex_column av-q3a16r-1bd3625b84990546f49e0c2196e8c694 av_three_fifth avia-builder-el-6 el_after_av_two_fifth avia-builder-el-last flex_column_div column-top-margin\">\n<section class=\"av_textblock_section av-lfve2p3i-0c9a8ba6267e45fa2af478344d0b7133\">\n<div class=\"avia_textblock\">\n<div class=\"flex_column av-32iym77-982034c0370e10519af87fc500585169 av_three_fifth avia-builder-el-34 el_after_av_two_fifth avia-builder-el-last flex_column_div \">\n<section class=\"av_textblock_section av-lfza7f4d-a0db0d995f5e03b7cef02351b5d142ea\">\n<div class=\"avia_textblock\">\n<p><em><span style=\"color: #000000;\"><strong>Ach herje, bei diesem Talk w\u00e4re ich auch super gerne vor Ort gewesen. Ich wei\u00df warum ich mich f\u00fcr das Buchpaket Romance entschieden hatte. Man hat zum Ende der Veranstaltung nochmal zwei ganz tolle Autorinnen zuh\u00f6ren k\u00f6nnen. <\/strong><\/span><\/em><\/p>\n<p><em><span style=\"color: #000000;\"><strong>Ich habe Svenja Lassen als Selfpublisherin auf FB kennen gelernt. Eins oder auch gar zwei B\u00fccher habe ich von ihr. Sie schreibt mir immer so sch\u00f6ne Buchkarten, um mich an ein neues Buch zu erinnern. Und nun habe ich ihren Bestsellerroman &#8220;Muscheltr\u00e4ume&#8221;, der als ihr erstes Buch im Blanvalet Verlag erschienen ist. Ich h\u00e4tte sie wirklich pers\u00f6nlich kennen lernen wollen. Nun ja, ich hoffe sehr, das ich das noch irgendwann nachholen kann. Muscheltr\u00e4ume ist der Auftakt einer kleinen Buchreihe, die in 4 Teilen geplant ist. <\/strong><\/span><\/em><\/p>\n<p><em><span style=\"color: #000000;\"><strong>Zu der Quizrunde sind Fragen wie: Wer mu\u00dfte nach einem Friseurbesuch anschlie\u00dfend heulen? Oder wer hat H\u00f6henangst? gestellt worden. Und das war alles \u00fcber Svenja Lassen zuteil geworden. <\/strong><\/span><\/em><\/p>\n<p><em><span style=\"color: #000000;\"><strong>Nun habe ich zum Ende wieder eine neue Autorin bei den lit.Love Talks kennen gelernt. Katja Keweritsch ist von Beruf Ethnologin und Journalistin. Soweit ich das mitbekommen habe, ist es ihr zweites Buch im Diana Verlag. Bei der Recherche f\u00fcr &#8220;Agnes geht&#8221; hat sie die Reise zu Fu\u00df gemacht und ist mit jedermenge Blasen an den F\u00fc\u00dfen heimgekehrt. Sie kam locker und lustig r\u00fcber, ich denke man k\u00f6nnte mit ihr Pferde stehlen gehen. Denn die Fragen rund um die Autorin haben das auch irgendwie best\u00e4tigt. Aus ihrem Leben wurde erz\u00e4hlt, wie: Bei mir zuhause war schon einmal ein Kammerj\u00e4ger? Das ist doch irgendwie gruselig &#8211; Oder? Au\u00dferdem ist sie auch mal auf einem Kamel geritten, wie auch ein unfreiwilliges winterliches Baden in der Nordsee hat sie erlebt. Die kleinen Geschichten rund um die Fragen hat sie fantastisch und lebendig erz\u00e4hlt.<\/strong><\/span><\/em><\/p>\n<\/div>\n<\/section>\n<\/div>\n<\/div>\n<\/section>\n<\/div>\n<\/div>\n<\/section>\n<\/div>\n<\/div>\n<\/div>\n<p>&nbsp;<\/p>\n<p><a href=\"https:\/\/www.richteronweb.de\/wp-content\/uploads\/2023\/04\/IMG_20230429_153601.jpg\"><img loading=\"lazy\" decoding=\"async\" class=\"alignnone size-medium wp-image-22235\" src=\"https:\/\/www.richteronweb.de\/wp-content\/uploads\/2023\/04\/IMG_20230429_153601-300x225.jpg\" alt=\"\" width=\"300\" height=\"225\" srcset=\"https:\/\/www.richteronweb.de\/wp-content\/uploads\/2023\/04\/IMG_20230429_153601-300x225.jpg 300w, https:\/\/www.richteronweb.de\/wp-content\/uploads\/2023\/04\/IMG_20230429_153601-700x525.jpg 700w, https:\/\/www.richteronweb.de\/wp-content\/uploads\/2023\/04\/IMG_20230429_153601-768x576.jpg 768w, https:\/\/www.richteronweb.de\/wp-content\/uploads\/2023\/04\/IMG_20230429_153601-1536x1152.jpg 1536w, https:\/\/www.richteronweb.de\/wp-content\/uploads\/2023\/04\/IMG_20230429_153601-900x675.jpg 900w, https:\/\/www.richteronweb.de\/wp-content\/uploads\/2023\/04\/IMG_20230429_153601-1280x960.jpg 1280w, https:\/\/www.richteronweb.de\/wp-content\/uploads\/2023\/04\/IMG_20230429_153601.jpg 1600w\" sizes=\"auto, (max-width: 300px) 100vw, 300px\" \/><\/a><\/p>\n<p><span style=\"color: #000000;\"><em><strong>Also.. ich durfte durch diese zauberhafte Aktion von der lit.Love on Tour, etwas Leibziger Buchmessen Luft mit erleben. Danke an dieser Stelle an das Penguin Random House. Es ist sch\u00f6n ein Teil von euch sein zu d\u00fcrfen. <\/strong><\/em><\/span><\/p>\n<p><span style=\"color: #000000;\"><em><strong>Und zum Schlu\u00df k\u00f6nnt ihr an einem Gewinnspiel mitmachen. Wie das funktioniert, k\u00f6nnt ihr hier dann durchlesen.<\/strong> <\/em><\/span><\/p>\n<div class=\"mt--40 mb--40\">\n<div class=\"field field--name-field-description field--type-text-long field--label-hidden field__item\">\n<p><span style=\"color: #000000;\"><strong>lit.Love ON TOUR Gewinnspiel<\/strong><\/span><\/p>\n<p><span style=\"color: #000000;\"><strong>Wenn Du Dich f\u00fcr ein Paket mit den signierten B\u00fcchern unserer New Adult-Autorinnen interessierst, dann verfolge einfach die drei New Adult-Talks direkt im Livestream oder sp\u00e4ter on demand in der Mediathek (beides auf\u00a0<a style=\"color: #000000;\" href=\"https:\/\/eur02.safelinks.protection.outlook.com\/?url=https%3A%2F%2Flitlounge.de%2Flitlove23&amp;data=05%7C01%7Cjulian.hartmuth%40penguinrandomhouse.de%7C00f8152791c44b8f34d208db46f63ee1%7C1ca8bd943c974fc68955bad266b43f0b%7C0%7C0%7C638181795652522955%7CUnknown%7CTWFpbGZsb3d8eyJWIjoiMC4wLjAwMDAiLCJQIjoiV2luMzIiLCJBTiI6Ik1haWwiLCJXVCI6Mn0%3D%7C3000%7C%7C%7C&amp;sdata=y%2Bn4E4%2FAwKh2k%2BnxoLpRKq5j0dO96eBsJsKADSkG96E%3D&amp;reserved=0\">litlounge.de<\/a>). In jedem der drei Talks wird ein Teil eines Zitats eingeblendet. Sende uns bis zum 6. Mai das vollst\u00e4ndige Zitat an:\u00a0<a style=\"color: #000000;\" href=\"mailto:info@litlove.de\">info@litlove.de<\/a><\/strong><\/span><\/p>\n<p><span style=\"color: #000000;\"><strong>Wenn Du Dich f\u00fcr ein Paket mit den signierten B\u00fcchern unserer Romance-Autorinnen interessierst, dann verfolge einfach die drei Romance-Talks und schicke das vollst\u00e4ndige Zitat bis zum 6. Mai an:\u00a0<a style=\"color: #000000;\" href=\"mailto:info@litlove.de\">info@litlove.de<\/a><\/strong><\/span><\/p>\n<p><span style=\"color: #000000;\"><strong>Ich w\u00fcnsche euch viel Spa\u00df und viel Gl\u00fcck! Eure Alex<br \/>\n<\/strong><\/span><\/p>\n<\/div>\n<\/div>\n","protected":false},"excerpt":{"rendered":"<p>Heute habe ich einen kleinen R\u00fcckblick vom gestrigen Nachmittag f\u00fcr meine Community. Ich war online auf der LBM 2023 und konnte so etwas Buchmessen Luft miterleben. Die lit.Love on Tour hatte es m\u00f6glich gemacht, einige Talks live auf dem Computer &hellip; <a href=\"https:\/\/www.richteronweb.de\/?p=22202\">Weiterlesen <span class=\"meta-nav\">&rarr;<\/span><\/a><\/p>\n","protected":false},"author":1,"featured_media":0,"comment_status":"open","ping_status":"open","sticky":false,"template":"","format":"standard","meta":{"_jetpack_memberships_contains_paid_content":false,"footnotes":""},"categories":[1],"tags":[],"class_list":["post-22202","post","type-post","status-publish","format-standard","hentry","category-lesebuch"],"jetpack_featured_media_url":"","jetpack_sharing_enabled":true,"_links":{"self":[{"href":"https:\/\/www.richteronweb.de\/index.php?rest_route=\/wp\/v2\/posts\/22202","targetHints":{"allow":["GET"]}}],"collection":[{"href":"https:\/\/www.richteronweb.de\/index.php?rest_route=\/wp\/v2\/posts"}],"about":[{"href":"https:\/\/www.richteronweb.de\/index.php?rest_route=\/wp\/v2\/types\/post"}],"author":[{"embeddable":true,"href":"https:\/\/www.richteronweb.de\/index.php?rest_route=\/wp\/v2\/users\/1"}],"replies":[{"embeddable":true,"href":"https:\/\/www.richteronweb.de\/index.php?rest_route=%2Fwp%2Fv2%2Fcomments&post=22202"}],"version-history":[{"count":28,"href":"https:\/\/www.richteronweb.de\/index.php?rest_route=\/wp\/v2\/posts\/22202\/revisions"}],"predecessor-version":[{"id":22250,"href":"https:\/\/www.richteronweb.de\/index.php?rest_route=\/wp\/v2\/posts\/22202\/revisions\/22250"}],"wp:attachment":[{"href":"https:\/\/www.richteronweb.de\/index.php?rest_route=%2Fwp%2Fv2%2Fmedia&parent=22202"}],"wp:term":[{"taxonomy":"category","embeddable":true,"href":"https:\/\/www.richteronweb.de\/index.php?rest_route=%2Fwp%2Fv2%2Fcategories&post=22202"},{"taxonomy":"post_tag","embeddable":true,"href":"https:\/\/www.richteronweb.de\/index.php?rest_route=%2Fwp%2Fv2%2Ftags&post=22202"}],"curies":[{"name":"wp","href":"https:\/\/api.w.org\/{rel}","templated":true}]}}