{"id":22152,"date":"2023-05-02T06:00:53","date_gmt":"2023-05-02T04:00:53","guid":{"rendered":"https:\/\/www.richteronweb.de\/?p=22152"},"modified":"2023-05-01T12:24:23","modified_gmt":"2023-05-01T10:24:23","slug":"das-strandbad-am-wolzensee-blogtour","status":"publish","type":"post","link":"https:\/\/www.richteronweb.de\/?p=22152","title":{"rendered":"Das Strandbad am Wolzensee &#8211; Blogtour"},"content":{"rendered":"<p><a href=\"https:\/\/www.richteronweb.de\/wp-content\/uploads\/2023\/04\/41DB6nU5KL.jpg\"><img loading=\"lazy\" decoding=\"async\" class=\"alignnone size-medium wp-image-22153\" src=\"https:\/\/www.richteronweb.de\/wp-content\/uploads\/2023\/04\/41DB6nU5KL-188x300.jpg\" alt=\"\" width=\"188\" height=\"300\" srcset=\"https:\/\/www.richteronweb.de\/wp-content\/uploads\/2023\/04\/41DB6nU5KL-188x300.jpg 188w, https:\/\/www.richteronweb.de\/wp-content\/uploads\/2023\/04\/41DB6nU5KL.jpg 314w\" sizes=\"auto, (max-width: 188px) 100vw, 188px\" \/><\/a><\/p>\n<h2>Klappentext:<\/h2>\n<div id=\"bookDescription_feature_div\" class=\"celwidget\" data-feature-name=\"bookDescription\" data-csa-c-type=\"widget\" data-csa-c-content-id=\"bookDescription\" data-csa-c-slot-id=\"bookDescription_feature_div\" data-csa-c-asin=\"\" data-csa-c-is-in-initial-active-row=\"false\" data-csa-c-id=\"qp7e5n-udln9t-adiyxn-mauazi\" data-cel-widget=\"bookDescription_feature_div\">\n<div class=\"a-expander-collapsed-height a-row a-expander-container a-spacing-base a-expander-partial-collapse-container\" data-a-expander-name=\"book_description_expander\" data-a-expander-collapsed-height=\"140\">\n<div class=\"a-expander-content a-expander-partial-collapse-content a-expander-content-expanded\" aria-expanded=\"true\">\n<p><span style=\"color: #000000;\"><em><strong>Wenn Tr\u00e4ume Wirklichkeit werden<\/strong><\/em><\/span><\/p>\n<p><span style=\"color: #000000;\"><em><strong>Brandenburger Land in den 50er Jahren: Luisa von Rochlitz hat einen Traum: Sie m\u00f6chte das Strandbad am Wolzensee wieder aufbauen und damit endlich ihr Leben in die eigenen H\u00e4nde nehmen. Doch nicht nur der neue Staatsapparat legt ihr Steine in den Weg, sondern auch ihre Familie, die es f\u00fcr Unsinn h\u00e4lt, dass eine junge Frau ein eigenes Unternehmen leitet. Allein der hilfsbereite Paul steht Luisa tatkr\u00e4ftig zur Seite und unterst\u00fctzt sie bei der Verwirklichung ihres Traums. Werden sie es gemeinsam schaffen, sich gegen alle Widerst\u00e4nde durchzusetzen?<\/strong><\/em><\/span><br \/>\n<span style=\"color: #000000;\"><em><strong>Ein Strandbad voller Geschichte und eine junge Frau, die gegen die Konventionen ihrer Zeit k\u00e4mpft.<\/strong><\/em><\/span><\/p>\n<p><span style=\"color: #000000;\"><em><strong>eBooks von beHEARTBEAT &#8211; Herzklopfen garantiert.<\/strong><\/em><\/span><\/p>\n<\/div>\n<\/div>\n<\/div>\n<div id=\"richProductInformation_feature_div\" class=\"celwidget\" data-feature-name=\"richProductInformation\" data-csa-c-type=\"widget\" data-csa-c-content-id=\"richProductInformation\" data-csa-c-slot-id=\"richProductInformation_feature_div\" data-csa-c-asin=\"\" data-csa-c-is-in-initial-active-row=\"false\" data-csa-c-id=\"unj6pf-hytgah-xr4jde-o6ofzn\" data-cel-widget=\"richProductInformation_feature_div\">\n<div id=\"rich_product_information\" class=\"a-section a-spacing-none celwidget\" data-csa-c-id=\"wks12-9j8kh7-v4n1qp-f3gmmk\" data-cel-widget=\"rich_product_information\">\n<hr class=\"a-spacing-none a-divider-normal\" aria-hidden=\"true\" \/>\n<div class=\"a-begin a-carousel-container a-carousel-display-stretchyGoodness a-carousel-transition-slide a-spacing-none rpi-section rpi-section-iconic a-carousel-initialized\" data-a-carousel-options=\"{&quot;set_size&quot;:10,&quot;name&quot;:&quot;rich-product-information-carousel&quot;,&quot;auto_adjust_height&quot;:false,&quot;circular&quot;:false,&quot;first_item_flush_left&quot;:true}\" data-a-class=\"desktop\">\n<div class=\"a-row a-carousel-controls a-carousel-row a-carousel-has-buttons\">\n<div class=\"a-carousel-row-inner\">\n<div class=\"a-carousel-col a-carousel-left\">\n<hr class=\"a-divider-normal bucketDivider\" aria-hidden=\"true\" \/>\n<div id=\"detailBullets_feature_div\">\n<h2><a href=\"https:\/\/www.richteronweb.de\/wp-content\/uploads\/2023\/05\/FB_IMG_1682491592158.jpg\"><img loading=\"lazy\" decoding=\"async\" class=\"alignnone size-medium wp-image-22165\" src=\"https:\/\/www.richteronweb.de\/wp-content\/uploads\/2023\/05\/FB_IMG_1682491592158-300x300.jpg\" alt=\"\" width=\"300\" height=\"300\" srcset=\"https:\/\/www.richteronweb.de\/wp-content\/uploads\/2023\/05\/FB_IMG_1682491592158-300x300.jpg 300w, https:\/\/www.richteronweb.de\/wp-content\/uploads\/2023\/05\/FB_IMG_1682491592158-700x700.jpg 700w, https:\/\/www.richteronweb.de\/wp-content\/uploads\/2023\/05\/FB_IMG_1682491592158-150x150.jpg 150w, https:\/\/www.richteronweb.de\/wp-content\/uploads\/2023\/05\/FB_IMG_1682491592158-768x768.jpg 768w, https:\/\/www.richteronweb.de\/wp-content\/uploads\/2023\/05\/FB_IMG_1682491592158-88x88.jpg 88w, https:\/\/www.richteronweb.de\/wp-content\/uploads\/2023\/05\/FB_IMG_1682491592158-900x900.jpg 900w, https:\/\/www.richteronweb.de\/wp-content\/uploads\/2023\/05\/FB_IMG_1682491592158.jpg 1080w\" sizes=\"auto, (max-width: 300px) 100vw, 300px\" \/><\/a><\/h2>\n<h2>Produktinformation zum Ebook<\/h2>\n<div id=\"detailBullets_feature_div\">\n<ul class=\"a-unordered-list a-nostyle a-vertical a-spacing-none detail-bullet-list\">\n<li><span style=\"color: #000000;\"><em><strong><span class=\"a-list-item\"><span class=\"a-text-bold\">ASIN \u200f : \u200e <\/span> B0BVG1JRVJ <\/span><\/strong><\/em><\/span><\/li>\n<li><span style=\"color: #000000;\"><em><strong><span class=\"a-list-item\"><span class=\"a-text-bold\">Herausgeber \u200f : \u200e <\/span> beHEARTBEAT; 1. Edition (1. Mai 2023) <\/span><\/strong><\/em><\/span><\/li>\n<li><span style=\"color: #000000;\"><em><strong><span class=\"a-list-item\"><span class=\"a-text-bold\">Sprache \u200f : \u200e <\/span> Deutsch <\/span><\/strong><\/em><\/span><\/li>\n<li><span style=\"color: #000000;\"><em><strong><span class=\"a-list-item\"><span class=\"a-text-bold\">Dateigr\u00f6\u00dfe \u200f : \u200e <\/span> 1433 KB <\/span><\/strong><\/em><\/span><\/li>\n<li><span style=\"color: #000000;\"><em><strong><span class=\"a-list-item\"><span class=\"a-text-bold\">Text-to-Speech (Vorlesemodus) \u200f : \u200e <\/span> Aktiviert <\/span><\/strong><\/em><\/span><\/li>\n<li><span style=\"color: #000000;\"><em><strong><span class=\"a-list-item\"><span class=\"a-text-bold\">Screenreader \u200f : \u200e <\/span> Unterst\u00fctzt <\/span><\/strong><\/em><\/span><\/li>\n<li><span style=\"color: #000000;\"><em><strong><span class=\"a-list-item\"><span class=\"a-text-bold\">Verbesserter Schriftsatz \u200f : \u200e <\/span> Aktiviert <\/span><\/strong><\/em><\/span><\/li>\n<li><span style=\"color: #000000;\"><em><strong><span class=\"a-list-item\"><span class=\"a-text-bold\">X-Ray \u200f : \u200e <\/span> Nicht aktiviert <\/span><\/strong><\/em><\/span><\/li>\n<li><span style=\"color: #000000;\"><em><strong><span class=\"a-list-item\"><span class=\"a-text-bold\">Word Wise \u200f : \u200e <\/span> Nicht aktiviert <\/span><\/strong><\/em><\/span><\/li>\n<li><span style=\"color: #000000;\"><em><strong><span class=\"a-list-item\"><span class=\"a-text-bold\">Haftnotizen \u200f : \u200e <\/span> Mit Kindle Scribe <\/span><\/strong><\/em><\/span><\/li>\n<li><span style=\"color: #000000;\"><em><strong><span class=\"a-list-item\"><span class=\"a-text-bold\">Seitenzahl der Print-Ausgabe \u200f : \u200e <\/span> 345 Seiten <\/span><\/strong><\/em><\/span><\/li>\n<\/ul>\n<\/div>\n<ul class=\"a-unordered-list a-nostyle a-vertical a-spacing-none detail-bullet-list\">\n<li><span style=\"color: #000000;\"><em><strong><span class=\"a-list-item\"><span class=\"a-text-bold\"> Amazon Bestseller-Rang: <\/span> Nr. 72,408 in Kindle-Shop (Siehe Top 100 in Kindle-Shop)<\/span><\/strong><\/em><\/span>\n<ul class=\"a-unordered-list a-nostyle a-vertical zg_hrsr\">\n<li><span style=\"color: #000000;\"><em><strong><span class=\"a-list-item\"> Nr. 905 in Sage Belletristik<\/span><\/strong><\/em><\/span><\/li>\n<li><span style=\"color: #000000;\"><em><strong><span class=\"a-list-item\"> Nr. 1,768 in Familienleben Belletristik<\/span><\/strong><\/em><\/span><\/li>\n<li><span style=\"color: #000000;\"><em><strong><span class=\"a-list-item\"> Nr. 2,707 in Familiensaga<\/span><\/strong><\/em><\/span><\/li>\n<\/ul>\n<\/li>\n<\/ul>\n<hr class=\"a-divider-normal bucketDivider\" aria-hidden=\"true\" \/>\n<hr class=\"a-divider-normal bucketDivider\" aria-hidden=\"true\" \/>\n<h2>Produktinformation zum Taschenbuch<\/h2>\n<div id=\"detailBullets_feature_div\">\n<ul class=\"a-unordered-list a-nostyle a-vertical a-spacing-none detail-bullet-list\">\n<li><span style=\"color: #000000;\"><em><strong><span class=\"a-list-item\"><span class=\"a-text-bold\">Herausgeber \u200f : \u200e <\/span> L\u00fcbbe; 1. Aufl. 2024 Edition (29. Februar 2024) <\/span><\/strong><\/em><\/span><\/li>\n<li><span style=\"color: #000000;\"><em><strong><span class=\"a-list-item\"><span class=\"a-text-bold\">Sprache \u200f : \u200e <\/span> Deutsch <\/span><\/strong><\/em><\/span><\/li>\n<li><span style=\"color: #000000;\"><em><strong><span class=\"a-list-item\"><span class=\"a-text-bold\">Taschenbuch \u200f : \u200e <\/span> 368 Seiten <\/span><\/strong><\/em><\/span><\/li>\n<li><span style=\"color: #000000;\"><em><strong><span class=\"a-list-item\"><span class=\"a-text-bold\">ISBN-10 \u200f : \u200e <\/span> 3404192591 <\/span><\/strong><\/em><\/span><\/li>\n<li><span style=\"color: #000000;\"><em><strong><span class=\"a-list-item\"><span class=\"a-text-bold\">ISBN-13 \u200f : \u200e <\/span> 978-3404192595 <\/span><\/strong><\/em><\/span><\/li>\n<li><span style=\"color: #000000;\"><em><strong><span class=\"a-list-item\"><span class=\"a-text-bold\">Lesealter \u200f : \u200e <\/span> Ab 16\u00a0Jahren <\/span><\/strong><\/em><\/span><\/li>\n<\/ul>\n<\/div>\n<ul class=\"a-unordered-list a-nostyle a-vertical a-spacing-none detail-bullet-list\">\n<li><span style=\"color: #000000;\"><em><strong><span class=\"a-list-item\"><span class=\"a-text-bold\"> Amazon Bestseller-Rang: <\/span> Nr. 515,236 in B\u00fccher (Siehe Top 100 in B\u00fccher)<\/span><\/strong><\/em><\/span>\n<ul class=\"a-unordered-list a-nostyle a-vertical zg_hrsr\">\n<li><span style=\"color: #000000;\"><em><strong><span class=\"a-list-item\"> Nr. 6,684 in Familiensaga<\/span><\/strong><\/em><\/span><\/li>\n<li><span style=\"color: #000000;\"><em><strong><span class=\"a-list-item\"> Nr. 10,937 in Familienromane<\/span><\/strong><\/em><\/span><\/li>\n<li><span style=\"color: #000000;\"><em><strong><span class=\"a-list-item\"> Nr. 11,977 in Zeitgen\u00f6ssische Frauenliteratur<\/span><\/strong><\/em><\/span><\/li>\n<\/ul>\n<\/li>\n<\/ul>\n<hr class=\"a-divider-normal bucketDivider\" aria-hidden=\"true\" \/>\n<\/div>\n<hr class=\"a-divider-normal bucketDivider\" aria-hidden=\"true\" \/>\n<h2 id=\"books-entity-teaser\">Informationen zur Autorin<\/h2>\n<div class=\"a-section a-spacing-top-large singleAuthorSection\">\n<div class=\"a-section\">\n<div class=\"a-fixed-left-grid\">\n<div class=\"a-fixed-left-grid-inner\">\n<div class=\"a-fixed-left-grid-col a-col-left\">\n<div class=\"a-section _about-the-author-card_carouselItemStyles_authorImageContainer__2QL56\">\n<div class=\"a-row a-spacing-small\"><img decoding=\"async\" class=\"_about-the-author-card_carouselItemStyles_authorImage__3jKLX\" src=\"https:\/\/m.media-amazon.com\/images\/I\/B1NRs6QA4lS._SY600_.jpg\" alt=\"\" \/><\/div>\n<\/div>\n<div class=\"a-section a-text-center followButtonColumn\" data-authorasin=\"B00CBAY5IA\" data-reftag=\"aufs_dp_mata_dsk\" data-synced=\"true\"><\/div>\n<\/div>\n<\/div>\n<\/div>\n<\/div>\n<\/div>\n<div class=\"a-fixed-left-grid-col a-col-right\">\n<div class=\"a-section _about-the-author-card_carouselItemStyles_authorName__HSb1t\">\n<h2>Britta Orlowski<\/h2>\n<p><span style=\"color: #000000;\"><em><strong><span class=\"a-text-bold\">Britta Orlowski<\/span> wohnt im Havelland und ist Mutter zweier S\u00f6hne.<\/strong><\/em><\/span><br \/>\n<span style=\"color: #000000;\"><em><strong>Mit acht Jahren gr\u00fcndete sie ihren eigenen Verlag und war Autorin, Setzerin, Illustratorin und Buchbinderin in einer Person, bevor sie im Jahr 2008 nach vielen Anl\u00e4ufen den ersten Verlag fand, der ihren Deb\u00fctroman schlie\u00dflich herausbrachte.<\/strong><\/em><\/span><\/p>\n<p><span style=\"color: #000000;\"><em><strong>Ihr Lebensmotto: Tu, was du liebst.<\/strong><\/em><\/span><\/p>\n<p><span style=\"color: #000000;\"><em><strong>Wenn sie nicht gerade Quilts n\u00e4ht, k\u00fcmmert sie sich um ihrem geliebten Garten oder schreibt am n\u00e4chsten Buch. Bekannt ist ihre St. Elwine Serie, aber auch die Romane mit dem Schauplatz Havelland.<\/strong><\/em><\/span><\/p>\n<\/div>\n<\/div>\n<\/div>\n<\/div>\n<\/div>\n<\/div>\n<\/div>\n<\/div>\n<div id=\"richProductInformation_feature_div\" class=\"celwidget\" data-feature-name=\"richProductInformation\" data-csa-c-type=\"widget\" data-csa-c-content-id=\"richProductInformation\" data-csa-c-slot-id=\"richProductInformation_feature_div\" data-csa-c-asin=\"\" data-csa-c-is-in-initial-active-row=\"false\" data-csa-c-id=\"unj6pf-hytgah-xr4jde-o6ofzn\" data-cel-widget=\"richProductInformation_feature_div\">\n<div id=\"rich_product_information\" class=\"a-section a-spacing-none celwidget\" data-csa-c-id=\"wks12-9j8kh7-v4n1qp-f3gmmk\" data-cel-widget=\"rich_product_information\">\n<div class=\"a-begin a-carousel-container a-carousel-display-stretchyGoodness a-carousel-transition-slide a-spacing-none rpi-section rpi-section-iconic a-carousel-initialized\" data-a-carousel-options=\"{&quot;set_size&quot;:10,&quot;name&quot;:&quot;rich-product-information-carousel&quot;,&quot;auto_adjust_height&quot;:false,&quot;circular&quot;:false,&quot;first_item_flush_left&quot;:true}\" data-a-class=\"desktop\">\n<div class=\"a-row a-carousel-controls a-carousel-row a-carousel-has-buttons\">\n<div class=\"a-carousel-row-inner\">\n<div class=\"a-carousel-col a-carousel-left\">\n<div class=\"a-fixed-left-grid-col a-col-right\">\n<div class=\"a-row a-spacing-base a-spacing-top-medium a-grid-vertical-align a-grid-center\">\n<div class=\"a-cardui-deck\" data-a-remove-top-gutter=\"true\" data-a-remove-bottom-gutter=\"true\">\n<div class=\"a-cardui _about-the-author-card_carouselItemStyles_expander__3Fm-M\" data-a-card-type=\"basic\">\n<div class=\"a-cardui-body\">\n<div class=\"a-reactive-container a-reactive-container-transition\">\n<div>\n<div class=\"a-cardui-content a-cardui-uninitialized\" tabindex=\"0\" data-a-max-height=\"80\">\n<hr class=\"a-divider-normal bucketDivider\" aria-hidden=\"true\" \/>\n<div id=\"detailBullets_feature_div\">\n<hr class=\"a-divider-normal bucketDivider\" aria-hidden=\"true\" \/>\n<div id=\"detailBullets_feature_div\">\n<h2>Buchbesprechung<\/h2>\n<p><a href=\"https:\/\/www.richteronweb.de\/wp-content\/uploads\/2023\/04\/IMG_20230420_152452-scaled.jpg\"><img loading=\"lazy\" decoding=\"async\" class=\"alignnone size-medium wp-image-22155\" src=\"https:\/\/www.richteronweb.de\/wp-content\/uploads\/2023\/04\/IMG_20230420_152452-225x300.jpg\" alt=\"\" width=\"225\" height=\"300\" srcset=\"https:\/\/www.richteronweb.de\/wp-content\/uploads\/2023\/04\/IMG_20230420_152452-225x300.jpg 225w, https:\/\/www.richteronweb.de\/wp-content\/uploads\/2023\/04\/IMG_20230420_152452-700x933.jpg 700w, https:\/\/www.richteronweb.de\/wp-content\/uploads\/2023\/04\/IMG_20230420_152452-768x1024.jpg 768w, https:\/\/www.richteronweb.de\/wp-content\/uploads\/2023\/04\/IMG_20230420_152452-1152x1536.jpg 1152w, https:\/\/www.richteronweb.de\/wp-content\/uploads\/2023\/04\/IMG_20230420_152452-1536x2048.jpg 1536w, https:\/\/www.richteronweb.de\/wp-content\/uploads\/2023\/04\/IMG_20230420_152452-900x1200.jpg 900w, https:\/\/www.richteronweb.de\/wp-content\/uploads\/2023\/04\/IMG_20230420_152452-1280x1707.jpg 1280w, https:\/\/www.richteronweb.de\/wp-content\/uploads\/2023\/04\/IMG_20230420_152452-scaled.jpg 1920w\" sizes=\"auto, (max-width: 225px) 100vw, 225px\" \/><\/a><\/p>\n<p><em><strong>\u273f*\uff9f\u00a8\uff9f\u270e\u2026.<\/strong> <strong>Wenn Tr\u00e4ume Wirklichkeit werden<\/strong><\/em><\/p>\n<p><em><strong>Ich habe mich f\u00fcr das Vorablesen und die darauffolgende Blogtour beim Verlag und bei der Autorin beworben. Meine Meinung wird dadurch nicht beeinflu\u00dft. Ich habe f\u00fcr den April 2023 nun zwei Lieblingsb\u00fccher. Das Strandbad am Wolzensee ist mit einem einladenden Buchcover versehen worden. Man bekommt richtig Lust auf die Geschichte, die sich dahinter verbirgt. Britta Orlowski schreibt eine f\u00fcr mich fast lebendige Geschichte, die in der Nachkriegszeit ihre Handlung bekam. Man wird in die 50ziger Jahre nach Ostberlin, genauer gesagt, nach Rathenow an den Wolzensee mitgenommen. Im April m\u00f6chte die Protagonistin Luisa von Rochlitz einen Traum sich erf\u00fcllen, n\u00e4mlich das Strandbad am Wolzensee wieder aufzubauen. Nur ist das zu der damaligen Zeit gar nicht so einfach. Sie muss den Staat \u00fcberzeugen und ihre Familie mit ins Boot bekommen. Und dann noch als Frau einen Betrieb zu f\u00fchren \u2013 eigentlich total aussichtslos. Nun lade ich euch ein diese lebendige Geschichte selbst zu lesen. Die Autorin Britta Orlowski hat schon den ein oder anderen Roman geschrieben, aber mit diesem hat sie mir eine gute Geschichte geschenkt, die ich als ein Highlight Buch beziffern m\u00f6chte und die in Erinnerung bleiben wird. Es war so klasse geschrieben, das ich durchweg jeden Satz aufgesogen habe und unbedingt die Handlung \u00fcber die Geschehnisse erfahren wollte. Ich habe keine gro\u00dfe Lesepausen eingelegt, denn die Spannung wurde hier gut eingebunden. Ich lese gern und nehme mir Zeit beim Lesen. Aber bei der Geschichte rund um das Strandbad am Wolzensee war ich nach zwei Tagen und einer halben Nacht durch. Das Buch erschien am 01. Mai 2023\u00a0 als ebook bei beHEARTBEAT und das TB erscheint beim L\u00fcbbe Verlag erst am 29. Februar 2024 mit 368 Seiten und ist f\u00fcr das Lesealter ab 16 Jahren freigegeben.\u00a0 Ich kann das Buch absolut empfehlen!<\/strong><\/em><\/p>\n<p>&nbsp;<\/p>\n<\/div>\n<\/div>\n<\/div>\n<\/div>\n<div class=\"a-reactive-container-gradient\">\n<hr class=\"a-divider-normal bucketDivider\" aria-hidden=\"true\" \/>\n<hr class=\"a-divider-normal bucketDivider\" aria-hidden=\"true\" \/>\n<div id=\"detailBullets_feature_div\">\n<h2><strong>Schnipsel<\/strong><\/h2>\n<\/div>\n<\/div>\n<\/div>\n<\/div>\n<\/div>\n<\/div>\n<\/div>\n<\/div>\n<\/div>\n<div class=\"a-carousel-col a-carousel-center\">\n<div id=\"anonCarousel1\" class=\"a-carousel-viewport\">\n<div id=\"rpi-attribute-book_details-ebook_pages\" class=\"a-section rpi-attribute-content\"><a href=\"https:\/\/www.richteronweb.de\/wp-content\/uploads\/2023\/05\/FB_IMG_1682491631308.jpg\"><img loading=\"lazy\" decoding=\"async\" class=\"alignnone size-medium wp-image-22161\" src=\"https:\/\/www.richteronweb.de\/wp-content\/uploads\/2023\/05\/FB_IMG_1682491631308-300x300.jpg\" alt=\"\" width=\"300\" height=\"300\" srcset=\"https:\/\/www.richteronweb.de\/wp-content\/uploads\/2023\/05\/FB_IMG_1682491631308-300x300.jpg 300w, https:\/\/www.richteronweb.de\/wp-content\/uploads\/2023\/05\/FB_IMG_1682491631308-700x700.jpg 700w, https:\/\/www.richteronweb.de\/wp-content\/uploads\/2023\/05\/FB_IMG_1682491631308-150x150.jpg 150w, https:\/\/www.richteronweb.de\/wp-content\/uploads\/2023\/05\/FB_IMG_1682491631308-768x768.jpg 768w, https:\/\/www.richteronweb.de\/wp-content\/uploads\/2023\/05\/FB_IMG_1682491631308-88x88.jpg 88w, https:\/\/www.richteronweb.de\/wp-content\/uploads\/2023\/05\/FB_IMG_1682491631308-900x900.jpg 900w, https:\/\/www.richteronweb.de\/wp-content\/uploads\/2023\/05\/FB_IMG_1682491631308.jpg 1080w\" sizes=\"auto, (max-width: 300px) 100vw, 300px\" \/><\/a> \u00a0 <a href=\"https:\/\/www.richteronweb.de\/wp-content\/uploads\/2023\/05\/FB_IMG_1682491616534.jpg\"><img loading=\"lazy\" decoding=\"async\" class=\"alignnone size-medium wp-image-22162\" src=\"https:\/\/www.richteronweb.de\/wp-content\/uploads\/2023\/05\/FB_IMG_1682491616534-300x300.jpg\" alt=\"\" width=\"300\" height=\"300\" srcset=\"https:\/\/www.richteronweb.de\/wp-content\/uploads\/2023\/05\/FB_IMG_1682491616534-300x300.jpg 300w, https:\/\/www.richteronweb.de\/wp-content\/uploads\/2023\/05\/FB_IMG_1682491616534-700x700.jpg 700w, https:\/\/www.richteronweb.de\/wp-content\/uploads\/2023\/05\/FB_IMG_1682491616534-150x150.jpg 150w, https:\/\/www.richteronweb.de\/wp-content\/uploads\/2023\/05\/FB_IMG_1682491616534-768x768.jpg 768w, https:\/\/www.richteronweb.de\/wp-content\/uploads\/2023\/05\/FB_IMG_1682491616534-88x88.jpg 88w, https:\/\/www.richteronweb.de\/wp-content\/uploads\/2023\/05\/FB_IMG_1682491616534-900x900.jpg 900w, https:\/\/www.richteronweb.de\/wp-content\/uploads\/2023\/05\/FB_IMG_1682491616534.jpg 1080w\" sizes=\"auto, (max-width: 300px) 100vw, 300px\" \/><\/a> \u00a0 <a href=\"https:\/\/www.richteronweb.de\/wp-content\/uploads\/2023\/05\/FB_IMG_1682491609161.jpg\"><img loading=\"lazy\" decoding=\"async\" class=\"alignnone size-medium wp-image-22163\" src=\"https:\/\/www.richteronweb.de\/wp-content\/uploads\/2023\/05\/FB_IMG_1682491609161-300x300.jpg\" alt=\"\" width=\"300\" height=\"300\" srcset=\"https:\/\/www.richteronweb.de\/wp-content\/uploads\/2023\/05\/FB_IMG_1682491609161-300x300.jpg 300w, https:\/\/www.richteronweb.de\/wp-content\/uploads\/2023\/05\/FB_IMG_1682491609161-700x700.jpg 700w, https:\/\/www.richteronweb.de\/wp-content\/uploads\/2023\/05\/FB_IMG_1682491609161-150x150.jpg 150w, https:\/\/www.richteronweb.de\/wp-content\/uploads\/2023\/05\/FB_IMG_1682491609161-768x768.jpg 768w, https:\/\/www.richteronweb.de\/wp-content\/uploads\/2023\/05\/FB_IMG_1682491609161-88x88.jpg 88w, https:\/\/www.richteronweb.de\/wp-content\/uploads\/2023\/05\/FB_IMG_1682491609161-900x900.jpg 900w, https:\/\/www.richteronweb.de\/wp-content\/uploads\/2023\/05\/FB_IMG_1682491609161.jpg 1080w\" sizes=\"auto, (max-width: 300px) 100vw, 300px\" \/><\/a><\/div>\n<\/div>\n<\/div>\n<\/div>\n<\/div>\n<\/div>\n<\/div>\n<\/div>\n<div><\/div>\n<div>\n<div class=\"a-reactive-container-gradient\">\n<hr class=\"a-divider-normal bucketDivider\" aria-hidden=\"true\" \/>\n<hr class=\"a-divider-normal bucketDivider\" aria-hidden=\"true\" \/>\n<div id=\"detailBullets_feature_div\">\n<h2><strong>Hashtags<br \/>\n<\/strong><\/h2>\n<\/div>\n<\/div>\n<\/div>\n<div><span style=\"color: #000000;\"><em><strong>#dasstrandbadamwolzensee<\/strong><\/em><\/span><br \/>\n<span style=\"color: #000000;\"><em><strong>#brittaorlowski<\/strong><\/em><\/span><br \/>\n<span style=\"color: #000000;\"><em><strong>#Beheartbeat<\/strong><\/em><\/span><br \/>\n<span style=\"color: #000000;\"><em><strong>#L\u00fcbbe<\/strong><\/em><\/span><\/div>\n<div><\/div>\n<div>\n<div><\/div>\n<div>\n<div class=\"a-reactive-container-gradient\">\n<hr class=\"a-divider-normal bucketDivider\" aria-hidden=\"true\" \/>\n<hr class=\"a-divider-normal bucketDivider\" aria-hidden=\"true\" \/>\n<div id=\"detailBullets_feature_div\">\n<h2><strong>Blogtourfahrplan<br \/>\n<\/strong><\/h2>\n<p><span style=\"color: #000000;\"><em><strong>Tag 1 ist B\u00e4rbel mit dem Thema 50 Jahre<\/strong><\/em><\/span><br \/>\n<span style=\"color: #000000;\"><em><strong><a style=\"color: #000000;\" href=\"https:\/\/www.instagram.com\/baerbelw._baerbelsbuecherwelt\/\">https:\/\/www.instagram.com\/baerbelw._baerbelsbuecherwelt\/<\/a><\/strong><\/em><\/span><br \/>\n<span style=\"color: #000000;\"><em><strong><a style=\"color: #000000;\" href=\"https:\/\/www.facebook.com\/BaerbelsBuecherWelt\/\">https:\/\/www.facebook.com\/BaerbelsBuecherWelt\/<\/a><\/strong><\/em><\/span><\/p>\n<p><span style=\"color: #800000;\"><em><strong>Tag 2 ist Alexandra mit einer Buchvorstellung und Rezension<\/strong><\/em><\/span><br \/>\n<span style=\"color: #800000;\"><em><strong><a style=\"color: #800000;\" href=\"https:\/\/www.richteronweb.de\">https:\/\/www.richteronweb.de<\/a><\/strong><\/em><\/span><br \/>\n<span style=\"color: #800000;\"><em><strong><a style=\"color: #800000;\" href=\"https:\/\/www.instagram.com\/lesebuch_meinebuecherundich\/\">https:\/\/www.instagram.com\/lesebuch_meinebuecherundich\/<\/a><\/strong><\/em><\/span><br \/>\n<a href=\"https:\/\/www.facebook.com\/alexandra.richter.902\"><span style=\"color: #800000;\"><em><strong>https:\/\/www.facebook.com\/alexandra.richter.902<\/strong><\/em><\/span><\/a><\/p>\n<p><span style=\"color: #000000;\"><em><strong><span style=\"color: #333399;\">Tag 3 ist Nicole mit dem Setting<\/span><br \/>\n<span style=\"color: #333399;\"><a style=\"color: #333399;\" href=\"https:\/\/www.instagram.com\/nicole_leseeule\/\">https:\/\/www.instagram.com\/nicole_leseeule\/<\/a><\/span><br \/>\n<\/strong><\/em><\/span><\/p>\n<p><span style=\"color: #000000;\"><em><strong><span style=\"color: #008000;\">Tag 4 ist Simone mit einer Protagonisten Vorstellung<\/span><br \/>\n<span style=\"color: #008000;\"><a style=\"color: #008000;\" href=\"https:\/\/ninis-kleine-fluchten.blogspot.com\/\">https:\/\/ninis-kleine-fluchten.blogspot.com\/<\/a><\/span><br \/>\n<span style=\"color: #008000;\"><a style=\"color: #008000;\" href=\"https:\/\/www.instagram.com\/nini_lifeungesch\/\">https:\/\/www.instagram.com\/nini_lifeungesch\/<\/a><\/span><br \/>\n<\/strong><\/em><\/span><\/p>\n<p><span style=\"color: #000000;\"><em><strong><span style=\"color: #ff6600;\">Tag 5 ist Ulrike mit einem Insta Reel<\/span><br \/>\n<span style=\"color: #ff6600;\"><a style=\"color: #ff6600;\" href=\"https:\/\/www.instagram.com\/klanguli\/\">https:\/\/www.instagram.com\/klanguli\/<\/a><\/span><br \/>\n<\/strong><\/em><\/span><\/p>\n<p><span style=\"color: #800080;\"><em><strong>Tag 6 ist Angelique mit Textschnipsel<\/strong><\/em><\/span><br \/>\n<span style=\"color: #800080;\"><em><strong><a style=\"color: #800080;\" href=\"https:\/\/angeliquesleseecke.blogspot.com\/\">https:\/\/angeliquesleseecke.blogspot.com\/<\/a><\/strong><\/em><\/span><br \/>\n<span style=\"color: #800080;\"><em><strong><a style=\"color: #800080;\" href=\"https:\/\/www.instagram.com\/angeliques.leseecke\/\">https:\/\/www.instagram.com\/angeliques.leseecke\/<\/a><br \/>\n<\/strong><\/em><a style=\"color: #800080;\" href=\"https:\/\/www.facebook.com\/angeliques.leseecke\"><em><strong>https:\/\/www.facebook.com\/angeliques.leseecke<\/strong><\/em><\/a><\/span><\/p>\n<p><span style=\"color: #666699;\"><em><strong>Tag 7 ist Tanja mit einem Mini Interview<\/strong><\/em><\/span><br \/>\n<span style=\"color: #000000;\"><em><strong><a style=\"color: #000000;\" href=\"https:\/\/www.instagram.com\/tanjasbuecherinsel\/\"><span style=\"color: #666699;\">https:\/\/www.instagram.com\/tanjasbuecherinsel\/<\/span><\/a><\/strong><\/em><\/span><\/p>\n<p><span style=\"color: #000000;\"><em><strong><span style=\"color: #ff0000;\">Tag 8 ist Kathrin mit Zitaten<\/span><br \/>\n<a href=\"https:\/\/www.instagram.com\/bogenprinzessin_meets_waldfee\/\"><span style=\"color: #ff0000;\">https:\/\/www.instagram.com\/bogenprinzessin_meets_waldfee\/<\/span><\/a><br \/>\n<a href=\"https:\/\/bogenprinzessin-trifft-buecher.jimdofree.com\/\"><span style=\"color: #ff0000;\">https:\/\/bogenprinzessin-trifft-buecher.jimdofree.com\/<\/span><\/a><br \/>\n<\/strong><\/em><\/span><\/p>\n<p><span style=\"color: #000000;\"><em><strong><span style=\"color: #808080;\">Tag 9 ist Anett um 19 Uhr mit der Live-Lesung<\/span><br \/>\n<span style=\"color: #808080;\"><a style=\"color: #808080;\" href=\"https:\/\/www.instagram.com\/bogenprinzessin_meets_books\/\">https:\/\/www.instagram.com\/bogenprinzessin_meets_books\/<\/a><\/span><br \/>\n<\/strong><\/em><\/span><\/p>\n<p>&nbsp;<\/p>\n<\/div>\n<\/div>\n<\/div>\n<\/div>\n<div><\/div>\n","protected":false},"excerpt":{"rendered":"<p>Klappentext: Wenn Tr\u00e4ume Wirklichkeit werden Brandenburger Land in den 50er Jahren: Luisa von Rochlitz hat einen Traum: Sie m\u00f6chte das Strandbad am Wolzensee wieder aufbauen und damit endlich ihr Leben in die eigenen H\u00e4nde nehmen. Doch nicht nur der neue &hellip; <a href=\"https:\/\/www.richteronweb.de\/?p=22152\">Weiterlesen <span class=\"meta-nav\">&rarr;<\/span><\/a><\/p>\n","protected":false},"author":1,"featured_media":0,"comment_status":"open","ping_status":"open","sticky":false,"template":"","format":"standard","meta":{"_jetpack_memberships_contains_paid_content":false,"footnotes":""},"categories":[1],"tags":[],"class_list":["post-22152","post","type-post","status-publish","format-standard","hentry","category-lesebuch"],"jetpack_featured_media_url":"","jetpack_sharing_enabled":true,"_links":{"self":[{"href":"https:\/\/www.richteronweb.de\/index.php?rest_route=\/wp\/v2\/posts\/22152","targetHints":{"allow":["GET"]}}],"collection":[{"href":"https:\/\/www.richteronweb.de\/index.php?rest_route=\/wp\/v2\/posts"}],"about":[{"href":"https:\/\/www.richteronweb.de\/index.php?rest_route=\/wp\/v2\/types\/post"}],"author":[{"embeddable":true,"href":"https:\/\/www.richteronweb.de\/index.php?rest_route=\/wp\/v2\/users\/1"}],"replies":[{"embeddable":true,"href":"https:\/\/www.richteronweb.de\/index.php?rest_route=%2Fwp%2Fv2%2Fcomments&post=22152"}],"version-history":[{"count":21,"href":"https:\/\/www.richteronweb.de\/index.php?rest_route=\/wp\/v2\/posts\/22152\/revisions"}],"predecessor-version":[{"id":22266,"href":"https:\/\/www.richteronweb.de\/index.php?rest_route=\/wp\/v2\/posts\/22152\/revisions\/22266"}],"wp:attachment":[{"href":"https:\/\/www.richteronweb.de\/index.php?rest_route=%2Fwp%2Fv2%2Fmedia&parent=22152"}],"wp:term":[{"taxonomy":"category","embeddable":true,"href":"https:\/\/www.richteronweb.de\/index.php?rest_route=%2Fwp%2Fv2%2Fcategories&post=22152"},{"taxonomy":"post_tag","embeddable":true,"href":"https:\/\/www.richteronweb.de\/index.php?rest_route=%2Fwp%2Fv2%2Ftags&post=22152"}],"curies":[{"name":"wp","href":"https:\/\/api.w.org\/{rel}","templated":true}]}}