{"id":22118,"date":"2023-04-23T12:32:51","date_gmt":"2023-04-23T10:32:51","guid":{"rendered":"https:\/\/www.richteronweb.de\/?p=22118"},"modified":"2023-04-23T12:35:21","modified_gmt":"2023-04-23T10:35:21","slug":"der-gruene-drache-rotfuss-von-dagmar-grieneisen","status":"publish","type":"post","link":"https:\/\/www.richteronweb.de\/?p=22118","title":{"rendered":"Der gr\u00fcne Drache Rotfu\u00df und die Tiere am Bach von Dagmar Grieneisen"},"content":{"rendered":"<p><a href=\"https:\/\/www.richteronweb.de\/wp-content\/uploads\/2023\/04\/IMG_20230419_075018-scaled.jpg\"><img loading=\"lazy\" decoding=\"async\" class=\"alignnone size-medium wp-image-22120\" src=\"https:\/\/www.richteronweb.de\/wp-content\/uploads\/2023\/04\/IMG_20230419_075018-225x300.jpg\" alt=\"\" width=\"225\" height=\"300\" srcset=\"https:\/\/www.richteronweb.de\/wp-content\/uploads\/2023\/04\/IMG_20230419_075018-225x300.jpg 225w, https:\/\/www.richteronweb.de\/wp-content\/uploads\/2023\/04\/IMG_20230419_075018-700x933.jpg 700w, https:\/\/www.richteronweb.de\/wp-content\/uploads\/2023\/04\/IMG_20230419_075018-768x1024.jpg 768w, https:\/\/www.richteronweb.de\/wp-content\/uploads\/2023\/04\/IMG_20230419_075018-1152x1536.jpg 1152w, https:\/\/www.richteronweb.de\/wp-content\/uploads\/2023\/04\/IMG_20230419_075018-1536x2048.jpg 1536w, https:\/\/www.richteronweb.de\/wp-content\/uploads\/2023\/04\/IMG_20230419_075018-900x1200.jpg 900w, https:\/\/www.richteronweb.de\/wp-content\/uploads\/2023\/04\/IMG_20230419_075018-1280x1707.jpg 1280w, https:\/\/www.richteronweb.de\/wp-content\/uploads\/2023\/04\/IMG_20230419_075018-scaled.jpg 1920w\" sizes=\"auto, (max-width: 225px) 100vw, 225px\" \/><\/a><\/p>\n<p><em><strong>\u273f*\uff9f\u00a8\uff9f\u270e\u2026. Drachenbuch f\u00fcr Kinder<\/strong><\/em><\/p>\n<p><span style=\"color: #000000;\"><em><strong>Diesmal lese ich schon zum zweiten Mal etwas von Dagmar Grieneisen. Ich kenne sie als Kinderbuchautorin. Sie schreibt \u00fcber den gr\u00fcnen Drachen mit dem Roten Fu\u00df und seine Abenteuer. Im ersten Band war der Kleine Drache im Wald unterwegs und hat viele andere Tiere und ihre Lebensgewohnheiten kennengelernt. Diesmal m\u00f6chte er nach dem Winterschlaf von seinen Eltern wissen, wo der Bach entlang flie\u00dft und wo er wohl enden wird. Die Dracheneltern haben auf die Schnelle keine passende Auskunft parat, und deshalb will der kleine Drache das heraus finden. Und begibt sich auf eine Neue Wanderschaft mit vielen Abenteuer, die der Bach wohl mit sich bringt. Das Buch ist in gebundener Ausgabe erh\u00e4ltlich und mit ganz entz\u00fcckenden Illustrationen von Iris Vent. Ich bin fasziniert gewesen, von Bild und Text. F\u00fcr Kinder ab 4 Jahren und alle, die gerne zuh\u00f6ren oder selber lesen. Also ich liebe solche Geschichten f\u00fcr zwischendurch besonders. Man kann dann selber f\u00fcr wenige Leseminuten wieder ein Kind sein.<\/strong> <\/em><\/span><\/p>\n","protected":false},"excerpt":{"rendered":"<p>\u273f*\uff9f\u00a8\uff9f\u270e\u2026. Drachenbuch f\u00fcr Kinder Diesmal lese ich schon zum zweiten Mal etwas von Dagmar Grieneisen. Ich kenne sie als Kinderbuchautorin. Sie schreibt \u00fcber den gr\u00fcnen Drachen mit dem Roten Fu\u00df und seine Abenteuer. Im ersten Band war der Kleine Drache &hellip; <a href=\"https:\/\/www.richteronweb.de\/?p=22118\">Weiterlesen <span class=\"meta-nav\">&rarr;<\/span><\/a><\/p>\n","protected":false},"author":1,"featured_media":0,"comment_status":"open","ping_status":"open","sticky":false,"template":"","format":"standard","meta":{"_jetpack_memberships_contains_paid_content":false,"footnotes":""},"categories":[1],"tags":[],"class_list":["post-22118","post","type-post","status-publish","format-standard","hentry","category-lesebuch"],"jetpack_featured_media_url":"","jetpack_sharing_enabled":true,"_links":{"self":[{"href":"https:\/\/www.richteronweb.de\/index.php?rest_route=\/wp\/v2\/posts\/22118","targetHints":{"allow":["GET"]}}],"collection":[{"href":"https:\/\/www.richteronweb.de\/index.php?rest_route=\/wp\/v2\/posts"}],"about":[{"href":"https:\/\/www.richteronweb.de\/index.php?rest_route=\/wp\/v2\/types\/post"}],"author":[{"embeddable":true,"href":"https:\/\/www.richteronweb.de\/index.php?rest_route=\/wp\/v2\/users\/1"}],"replies":[{"embeddable":true,"href":"https:\/\/www.richteronweb.de\/index.php?rest_route=%2Fwp%2Fv2%2Fcomments&post=22118"}],"version-history":[{"count":2,"href":"https:\/\/www.richteronweb.de\/index.php?rest_route=\/wp\/v2\/posts\/22118\/revisions"}],"predecessor-version":[{"id":22122,"href":"https:\/\/www.richteronweb.de\/index.php?rest_route=\/wp\/v2\/posts\/22118\/revisions\/22122"}],"wp:attachment":[{"href":"https:\/\/www.richteronweb.de\/index.php?rest_route=%2Fwp%2Fv2%2Fmedia&parent=22118"}],"wp:term":[{"taxonomy":"category","embeddable":true,"href":"https:\/\/www.richteronweb.de\/index.php?rest_route=%2Fwp%2Fv2%2Fcategories&post=22118"},{"taxonomy":"post_tag","embeddable":true,"href":"https:\/\/www.richteronweb.de\/index.php?rest_route=%2Fwp%2Fv2%2Ftags&post=22118"}],"curies":[{"name":"wp","href":"https:\/\/api.w.org\/{rel}","templated":true}]}}