{"id":22116,"date":"2023-04-27T06:00:33","date_gmt":"2023-04-27T04:00:33","guid":{"rendered":"https:\/\/www.richteronweb.de\/?p=22116"},"modified":"2023-04-26T07:49:52","modified_gmt":"2023-04-26T05:49:52","slug":"interview-mit-dagmar-grieneisen","status":"publish","type":"post","link":"https:\/\/www.richteronweb.de\/?p=22116","title":{"rendered":"Interview mit Dagmar Grieneisen"},"content":{"rendered":"<p><strong><em>\u273d\u2022\u00a8\u2022\u0e51\u273f\u0e51\u2605 Autoreninterview \u2605\u0e51\u273f\u0e51\u2022\u00a8\u2022\u273d<\/em><\/strong><\/p>\n<p><strong><em>1. Wer ist Dagmar Grieneisen? Magst du dich mal vorstellen?<br \/>\n<\/em><\/strong><\/p>\n<p><a href=\"https:\/\/www.richteronweb.de\/wp-content\/uploads\/2023\/04\/336331003_758159449040631_2093868211625361756_n.jpg\"><img loading=\"lazy\" decoding=\"async\" class=\"alignnone size-medium wp-image-22146\" src=\"https:\/\/www.richteronweb.de\/wp-content\/uploads\/2023\/04\/336331003_758159449040631_2093868211625361756_n-263x300.jpg\" alt=\"\" width=\"263\" height=\"300\" srcset=\"https:\/\/www.richteronweb.de\/wp-content\/uploads\/2023\/04\/336331003_758159449040631_2093868211625361756_n-263x300.jpg 263w, https:\/\/www.richteronweb.de\/wp-content\/uploads\/2023\/04\/336331003_758159449040631_2093868211625361756_n-700x798.jpg 700w, https:\/\/www.richteronweb.de\/wp-content\/uploads\/2023\/04\/336331003_758159449040631_2093868211625361756_n.jpg 702w\" sizes=\"auto, (max-width: 263px) 100vw, 263px\" \/><\/a><\/p>\n<p><span style=\"color: #000000;\"><em><strong><span dir=\"ltr\" role=\"presentation\">Ich bin ein Familienmensch, seit \u00fcber vierzig Jahren verheiratet, Mutter von drei<\/span><\/strong><\/em><\/span><br role=\"presentation\" \/><span style=\"color: #000000;\"><em><strong><span dir=\"ltr\" role=\"presentation\">erwachsenen T\u00f6chtern und fr\u00f6hliche Omi von drei<\/span> <span dir=\"ltr\" role=\"presentation\">Enkeln.<\/span><\/strong><\/em><\/span><\/p>\n<p><strong><em>2.<\/em><\/strong> <strong><em>Die wohl meistgestellte Frage: Wie bist du zum Schreiben gekommen?<\/em><\/strong><\/p>\n<p><span style=\"color: #000000;\"><em><strong><span dir=\"ltr\" role=\"presentation\">Tats\u00e4chlich habe ich schon als Sch\u00fclerin Geschichten geschrieben und im Rahmen<\/span><\/strong><\/em><\/span><br role=\"presentation\" \/><span style=\"color: #000000;\"><em><strong><span dir=\"ltr\" role=\"presentation\">meines 1.<\/span> <span dir=\"ltr\" role=\"presentation\">Staatsexamens verfasste ich ein Kinderbuch \u00fcber die Osterinsel.<\/span> <span dir=\"ltr\" role=\"presentation\">W\u00e4hrend<\/span><\/strong><\/em><\/span><br role=\"presentation\" \/><span style=\"color: #000000;\"><em><strong><span dir=\"ltr\" role=\"presentation\">meiner Arbeitszeit als Grundschullehrerin schrieb ich u.a. Theaterst\u00fccke und<\/span><\/strong><\/em><\/span><br role=\"presentation\" \/><span style=\"color: #000000;\"><em><strong><span dir=\"ltr\" role=\"presentation\">Lesetexte f\u00fcr meine Sch\u00fcler und Sch\u00fclerinnen.<\/span> <span dir=\"ltr\" role=\"presentation\">Die Geschichten vom gr\u00fcnen<\/span><\/strong><\/em><\/span><br role=\"presentation\" \/><span style=\"color: #000000;\"><em><strong><span dir=\"ltr\" role=\"presentation\">Drachen Rotfu\u00df habe ich f\u00fcr meine<\/span> <span dir=\"ltr\" role=\"presentation\">Enkel erfunden. Die erste Geschichte kam mir<\/span><\/strong><\/em><\/span><br role=\"presentation\" \/><span style=\"color: #000000;\"><em><strong><span dir=\"ltr\" role=\"presentation\">spontan in den Sinn, als meinem Enkel der Heimweg von der Kita zu lang wurde und<\/span><\/strong><\/em><\/span><br role=\"presentation\" \/><span style=\"color: #000000;\"><em><strong><span dir=\"ltr\" role=\"presentation\">ich f\u00fcr Ablenkung sorgen wollte.<\/span><\/strong><\/em><\/span><\/p>\n<p><em><strong>3. Ich lernte dich ja mit den Kinderb\u00fccher &#8220;Der gr\u00fcne Drache Rotfu\u00df&#8230;&#8221; kennen. Warum gerade Kinderb\u00fccher? Was fasziniert dich an diesem Genre?<br \/>\n<\/strong><\/em><\/p>\n<p><span style=\"color: #000000;\"><em><strong><span dir=\"ltr\" role=\"presentation\">Kinderliteratur halte ich f\u00fcr sehr wichtig, weil in guten B\u00fcchern<\/span> <span dir=\"ltr\" role=\"presentation\">den<\/span> <span dir=\"ltr\" role=\"presentation\">Kindern viele<\/span><\/strong><\/em><\/span><br role=\"presentation\" \/><span style=\"color: #000000;\"><em><strong><span dir=\"ltr\" role=\"presentation\">hilfreiche Facetten f\u00fcr ihr weiteres Leben<\/span> <span dir=\"ltr\" role=\"presentation\">mitgegeben werden k\u00f6nnen<\/span> <span dir=\"ltr\" role=\"presentation\">&#8211;<\/span> <span dir=\"ltr\" role=\"presentation\">wie<\/span><\/strong><\/em><\/span><br role=\"presentation\" \/><span style=\"color: #000000;\"><em><strong><span dir=\"ltr\" role=\"presentation\">phantasieanregende Entspannung,<\/span> <span dir=\"ltr\" role=\"presentation\">Erweiterung des Wortschatzes, der<\/span><\/strong><\/em><\/span><br role=\"presentation\" \/><span style=\"color: #000000;\"><em><strong><span dir=\"ltr\" role=\"presentation\">Sprachkompetenz und des<\/span> <span dir=\"ltr\" role=\"presentation\">Allgemeinwissen<\/span><span dir=\"ltr\" role=\"presentation\">s<\/span> <span dir=\"ltr\" role=\"presentation\">oder<\/span> <span dir=\"ltr\" role=\"presentation\">auch<\/span> <span dir=\"ltr\" role=\"presentation\">Verhaltensmodelle zur<\/span><\/strong><\/em><\/span><br role=\"presentation\" \/><span style=\"color: #000000;\"><em><strong><span dir=\"ltr\" role=\"presentation\">Problembew\u00e4ltigung<\/span><span dir=\"ltr\" role=\"presentation\">.<\/span><\/strong><\/em><\/span><\/p>\n<p><a href=\"https:\/\/www.richteronweb.de\/wp-content\/uploads\/2023\/04\/117118952_218102909913859_3702940438871674115_n.jpg\"><img loading=\"lazy\" decoding=\"async\" class=\"alignnone size-medium wp-image-22147\" src=\"https:\/\/www.richteronweb.de\/wp-content\/uploads\/2023\/04\/117118952_218102909913859_3702940438871674115_n-233x300.jpg\" alt=\"\" width=\"233\" height=\"300\" srcset=\"https:\/\/www.richteronweb.de\/wp-content\/uploads\/2023\/04\/117118952_218102909913859_3702940438871674115_n-233x300.jpg 233w, https:\/\/www.richteronweb.de\/wp-content\/uploads\/2023\/04\/117118952_218102909913859_3702940438871674115_n.jpg 539w\" sizes=\"auto, (max-width: 233px) 100vw, 233px\" \/><\/a> \u00a0 <a href=\"https:\/\/www.richteronweb.de\/wp-content\/uploads\/2023\/04\/336676723_6081628535288825_8615557461282536813_n.jpg\"><img loading=\"lazy\" decoding=\"async\" class=\"alignnone size-medium wp-image-22148\" src=\"https:\/\/www.richteronweb.de\/wp-content\/uploads\/2023\/04\/336676723_6081628535288825_8615557461282536813_n-222x300.jpg\" alt=\"\" width=\"222\" height=\"300\" srcset=\"https:\/\/www.richteronweb.de\/wp-content\/uploads\/2023\/04\/336676723_6081628535288825_8615557461282536813_n-222x300.jpg 222w, https:\/\/www.richteronweb.de\/wp-content\/uploads\/2023\/04\/336676723_6081628535288825_8615557461282536813_n-700x945.jpg 700w, https:\/\/www.richteronweb.de\/wp-content\/uploads\/2023\/04\/336676723_6081628535288825_8615557461282536813_n-768x1036.jpg 768w, https:\/\/www.richteronweb.de\/wp-content\/uploads\/2023\/04\/336676723_6081628535288825_8615557461282536813_n-1138x1536.jpg 1138w, https:\/\/www.richteronweb.de\/wp-content\/uploads\/2023\/04\/336676723_6081628535288825_8615557461282536813_n-900x1214.jpg 900w, https:\/\/www.richteronweb.de\/wp-content\/uploads\/2023\/04\/336676723_6081628535288825_8615557461282536813_n.jpg 1148w\" sizes=\"auto, (max-width: 222px) 100vw, 222px\" \/><\/a><\/p>\n<p><strong><em>4.<\/em><\/strong> <strong><em>Hast du Rituale beim Schreiben? Wenn ja, welche?<\/em><\/strong><\/p>\n<p><span style=\"color: #000000;\"><em><strong><span dir=\"ltr\" role=\"presentation\">Nein, ich ha<\/span><span dir=\"ltr\" role=\"presentation\">be kein Ritual, allerdings kann ich am besten schreiben, wenn ich alleine<\/span><\/strong><\/em><\/span><br role=\"presentation\" \/><span style=\"color: #000000;\"><em><strong><span dir=\"ltr\" role=\"presentation\">bin<\/span><span dir=\"ltr\" role=\"presentation\">.<\/span><\/strong><\/em><\/span><\/p>\n<p><strong><em>5. <\/em><\/strong><em><strong>Wenn du eine traurige, witzige oder spannende Szene schreibst, f\u00fchlst du dann mit?<\/strong><\/em><\/p>\n<p><span style=\"color: #000000;\"><em><strong><span dir=\"ltr\" role=\"presentation\">Meine Schreibrichtung geht eindeutig in die humorvolle, witzige Richtung und da<\/span><\/strong><\/em><\/span><br role=\"presentation\" \/><span style=\"color: #000000;\"><em><strong><span dir=\"ltr\" role=\"presentation\">kann es<\/span> <span dir=\"ltr\" role=\"presentation\">durchaus passieren, dass ich leise kichere.<\/span><\/strong><\/em><\/span><\/p>\n<p><span class=\"_2PHJq public-DraftStyleDefault-ltr\"><strong><em>6. Wie viele B\u00fccher hast du bis heute ver\u00f6ffentlicht?<\/em><\/strong><\/span><\/p>\n<p><span style=\"color: #000000;\"><em><strong><span dir=\"ltr\" role=\"presentation\">Ver\u00f6ffentlicht habe ich die beiden B\u00fccher<\/span> <span dir=\"ltr\" role=\"presentation\">vom Drachen Rotfu\u00df und zwar ganz<\/span><\/strong><\/em><\/span><br role=\"presentation\" \/><span style=\"color: #000000;\"><em><strong><span dir=\"ltr\" role=\"presentation\">bewusst als unabh\u00e4ngige Autorin im Selfpublishing.<\/span><\/strong><\/em><\/span><\/p>\n<p><span class=\"_2PHJq public-DraftStyleDefault-ltr\"><strong><em>7. Woher nimmst du deine Ideen?<\/em><\/strong><\/span><\/p>\n<p><span style=\"color: #000000;\"><em><strong><span dir=\"ltr\" role=\"presentation\">F\u00fcr diese B\u00fccher hat mir die Natur, genauer die Tierwelt, viele Ideen geboten.<\/span><\/strong><\/em><\/span><\/p>\n<p><strong><em>8.<\/em><\/strong> <em><strong>Was ist bis jetzt der Sch\u00f6nste Moment in deiner bisherigen Zeit als Autorin gewesen?<\/strong><\/em><\/p>\n<p><span style=\"color: #000000;\"><em><strong><span dir=\"ltr\" role=\"presentation\">Oha, da kann ich gar nicht unbedingt einen bestimmten Moment nennen. B<\/span><span dir=\"ltr\" role=\"presentation\">ei meinen<\/span><\/strong><\/em><\/span><br role=\"presentation\" \/><span style=\"color: #000000;\"><em><strong><span dir=\"ltr\" role=\"presentation\">Lesungen<\/span> <span dir=\"ltr\" role=\"presentation\">gab es bisher<\/span> <span dir=\"ltr\" role=\"presentation\">einige besonders sch\u00f6ne Momente, wenn ich merk<\/span><span dir=\"ltr\" role=\"presentation\">t<\/span><span dir=\"ltr\" role=\"presentation\">e, dass<\/span><\/strong><\/em><\/span><br role=\"presentation\" \/><span style=\"color: #000000;\"><em><strong><span dir=\"ltr\" role=\"presentation\">die Zuh\u00f6rer begeistert sind oder wenn ich ausgesprochen positive Feedbacks von<\/span><\/strong><\/em><\/span><br role=\"presentation\" \/><span style=\"color: #000000;\"><em><strong><span dir=\"ltr\" role=\"presentation\">fremden Lesern erhalte. Und es ist auch etwas ganz Besonderes, nach einem langen<\/span><\/strong><\/em><\/span><br role=\"presentation\" \/><span style=\"color: #000000;\"><em><strong><span dir=\"ltr\" role=\"presentation\">Entstehungsprozess das eige<\/span><span dir=\"ltr\" role=\"presentation\">ne Buch in gebundener Ausgabe in den H\u00e4nden zu<\/span><\/strong><\/em><\/span><br role=\"presentation\" \/><span style=\"color: #000000;\"><em><strong><span dir=\"ltr\" role=\"presentation\">halten.<\/span><\/strong><\/em><\/span><\/p>\n<p><strong><em>9. Hast du als Kind auch gerne gelesen und wenn ja, an welche B\u00fccher kannst du dich erinnern?<\/em><\/strong><\/p>\n<p><span style=\"color: #000000;\"><em><strong><span dir=\"ltr\" role=\"presentation\">Ja, ich habe<\/span> <span dir=\"ltr\" role=\"presentation\">damals gern gelesen.<\/span> <span dir=\"ltr\" role=\"presentation\">Spontan fallen mir<\/span> <span dir=\"ltr\" role=\"presentation\">u.a.<\/span> <span dir=\"ltr\" role=\"presentation\">folgende B\u00fccher ein:<\/span><\/strong><\/em><\/span><br role=\"presentation\" \/><span style=\"color: #000000;\"><em><strong><span dir=\"ltr\" role=\"presentation\">Astrid Lindgren: Wir Kinder aus Bullerb\u00fc, Ferien auf Saltkrokan<\/span><\/strong><\/em><\/span><br role=\"presentation\" \/><span style=\"color: #000000;\"><em><strong><span dir=\"ltr\" role=\"presentation\">Laura Ingalls Wilder<\/span><span dir=\"ltr\" role=\"presentation\">: Kleines Haus in der Pr\u00e4rie<\/span><\/strong><\/em><\/span><br role=\"presentation\" \/><span style=\"color: #000000;\"><em><strong><span dir=\"ltr\" role=\"presentation\">Alfred Hitchcock: Die drei ???<\/span><\/strong><\/em><\/span><\/p>\n<p><strong><em>10. Was ist deine Lieblingsfreizeitbesch\u00e4ftigung?<\/em><\/strong><\/p>\n<p><span style=\"color: #000000;\"><em><strong><span dir=\"ltr\" role=\"presentation\">Meine Enkelkinder leben<\/span> <span dir=\"ltr\" role=\"presentation\">erfreulicherweise in der N\u00e4he und ich genie\u00dfe die Zeit mit<\/span><\/strong><\/em><\/span><br role=\"presentation\" \/><span style=\"color: #000000;\"><em><strong><span dir=\"ltr\" role=\"presentation\">ihnen. Au\u00dferdem fahre ich gerne Fahrrad oder bin mit meinen B\u00fcchern in der Region<\/span><\/strong><\/em><\/span><br role=\"presentation\" \/><span style=\"color: #000000;\"><em><strong><span dir=\"ltr\" role=\"presentation\">unterwegs.<\/span><\/strong><\/em><\/span><\/p>\n","protected":false},"excerpt":{"rendered":"<p>\u273d\u2022\u00a8\u2022\u0e51\u273f\u0e51\u2605 Autoreninterview \u2605\u0e51\u273f\u0e51\u2022\u00a8\u2022\u273d 1. Wer ist Dagmar Grieneisen? Magst du dich mal vorstellen? Ich bin ein Familienmensch, seit \u00fcber vierzig Jahren verheiratet, Mutter von dreierwachsenen T\u00f6chtern und fr\u00f6hliche Omi von drei Enkeln. 2. Die wohl meistgestellte Frage: Wie bist du &hellip; <a href=\"https:\/\/www.richteronweb.de\/?p=22116\">Weiterlesen <span class=\"meta-nav\">&rarr;<\/span><\/a><\/p>\n","protected":false},"author":1,"featured_media":0,"comment_status":"open","ping_status":"open","sticky":false,"template":"","format":"standard","meta":{"_jetpack_memberships_contains_paid_content":false,"footnotes":""},"categories":[1],"tags":[],"class_list":["post-22116","post","type-post","status-publish","format-standard","hentry","category-lesebuch"],"jetpack_featured_media_url":"","jetpack_sharing_enabled":true,"_links":{"self":[{"href":"https:\/\/www.richteronweb.de\/index.php?rest_route=\/wp\/v2\/posts\/22116","targetHints":{"allow":["GET"]}}],"collection":[{"href":"https:\/\/www.richteronweb.de\/index.php?rest_route=\/wp\/v2\/posts"}],"about":[{"href":"https:\/\/www.richteronweb.de\/index.php?rest_route=\/wp\/v2\/types\/post"}],"author":[{"embeddable":true,"href":"https:\/\/www.richteronweb.de\/index.php?rest_route=\/wp\/v2\/users\/1"}],"replies":[{"embeddable":true,"href":"https:\/\/www.richteronweb.de\/index.php?rest_route=%2Fwp%2Fv2%2Fcomments&post=22116"}],"version-history":[{"count":3,"href":"https:\/\/www.richteronweb.de\/index.php?rest_route=\/wp\/v2\/posts\/22116\/revisions"}],"predecessor-version":[{"id":22149,"href":"https:\/\/www.richteronweb.de\/index.php?rest_route=\/wp\/v2\/posts\/22116\/revisions\/22149"}],"wp:attachment":[{"href":"https:\/\/www.richteronweb.de\/index.php?rest_route=%2Fwp%2Fv2%2Fmedia&parent=22116"}],"wp:term":[{"taxonomy":"category","embeddable":true,"href":"https:\/\/www.richteronweb.de\/index.php?rest_route=%2Fwp%2Fv2%2Fcategories&post=22116"},{"taxonomy":"post_tag","embeddable":true,"href":"https:\/\/www.richteronweb.de\/index.php?rest_route=%2Fwp%2Fv2%2Ftags&post=22116"}],"curies":[{"name":"wp","href":"https:\/\/api.w.org\/{rel}","templated":true}]}}