{"id":21920,"date":"2023-04-02T14:33:08","date_gmt":"2023-04-02T12:33:08","guid":{"rendered":"https:\/\/www.richteronweb.de\/?p=21920"},"modified":"2023-04-02T14:37:37","modified_gmt":"2023-04-02T12:37:37","slug":"interview-mit-natascha-keferboeck","status":"publish","type":"post","link":"https:\/\/www.richteronweb.de\/?p=21920","title":{"rendered":"Interview mit Natascha Keferb\u00f6ck"},"content":{"rendered":"<p class=\"western\" lang=\"zxx\"><span style=\"color: #000000;\"><em><strong>\u273d\u2022*\u00a8*\u2022\u0e51\u273f\u0e51\u2605<\/strong> <strong>Autoreninterview<\/strong><strong> \u2605\u0e51\u273f\u0e51\u2022*\u00a8*\u2022\u273d<\/strong><\/em><\/span><\/p>\n<p><span style=\"color: #000000;\"><i><b>1. Wer ist <\/b><\/i><strong><em>Natascha Keferb\u00f6ck<\/em><\/strong><i><b>?<\/b><\/i><b><i> Magst du dich mal kurz vorstellen?<\/i><\/b><\/span><\/p>\n<p><a href=\"https:\/\/www.richteronweb.de\/wp-content\/uploads\/2023\/04\/Natascha-Keferboeck-scaled.jpg\"><img loading=\"lazy\" decoding=\"async\" class=\"alignnone size-medium wp-image-21985\" src=\"https:\/\/www.richteronweb.de\/wp-content\/uploads\/2023\/04\/Natascha-Keferboeck-135x300.jpg\" alt=\"\" width=\"135\" height=\"300\" srcset=\"https:\/\/www.richteronweb.de\/wp-content\/uploads\/2023\/04\/Natascha-Keferboeck-135x300.jpg 135w, https:\/\/www.richteronweb.de\/wp-content\/uploads\/2023\/04\/Natascha-Keferboeck-700x1556.jpg 700w, https:\/\/www.richteronweb.de\/wp-content\/uploads\/2023\/04\/Natascha-Keferboeck-768x1707.jpg 768w, https:\/\/www.richteronweb.de\/wp-content\/uploads\/2023\/04\/Natascha-Keferboeck-691x1536.jpg 691w, https:\/\/www.richteronweb.de\/wp-content\/uploads\/2023\/04\/Natascha-Keferboeck-922x2048.jpg 922w, https:\/\/www.richteronweb.de\/wp-content\/uploads\/2023\/04\/Natascha-Keferboeck-900x2000.jpg 900w, https:\/\/www.richteronweb.de\/wp-content\/uploads\/2023\/04\/Natascha-Keferboeck-1280x2844.jpg 1280w, https:\/\/www.richteronweb.de\/wp-content\/uploads\/2023\/04\/Natascha-Keferboeck-scaled.jpg 1152w\" sizes=\"auto, (max-width: 135px) 100vw, 135px\" \/><\/a><\/p>\n<p><span style=\"color: #000000;\"><em><strong>Also, in erster Linie bin ich eine Frau, die gerne 50+ ist, sich rundum wohl f\u00fchlt und seit drei Jahren Salzburger Landkrimis ver\u00f6ffentlicht.<br \/>\n<\/strong><\/em><em><strong>Aufgewachsen als \u00fcberzeugtes Landei hat es mich der Liebe wegen vor \u00fcber zwanzig Jahren in die gro\u00dfe Stadt Wien verschlagen. Beide Beziehungen haben sich pr\u00e4chtig entwickelt.<br \/>\n<\/strong><\/em><em><strong>Hauptberuflich bin ich ebenso lange der Technik und der Finanzwelt treu, zum Ausgleich schreibe ich meine Krimis und Geschichten.<br \/>\n<\/strong><\/em><em><strong>Leider hab ich keine eigenen Kinder, daf\u00fcr aber bin ich leidenschaftlich gern Tante von zwei mittlerweile erwachsenen Neffen, einer sweet-17-Nichte und zwei h\u00fcbschen Patent\u00f6chtern \u2013 die ich alle von Herzen liebe. Ganz nebenbei bin ich Teilzeit-Frauchen eines sehr eigensinnigen Shiba-Inu R\u00fcden, den ich um nichts in der Welt gegen einen anschmiegsameren Kerl eintauschen w\u00fcrde.<\/strong><\/em><\/span><\/p>\n<p><span style=\"color: #000000;\"><b><i><\/i><\/b><b><i><\/i><\/b><b><i>2. Die wohl meistgestellte Frage: Wie bist du zum Schreiben gekommen?<\/i><\/b><\/span><\/p>\n<p><span style=\"color: #000000;\"><em><strong>Eigentlich ist meine Volksschullehrerin daran schuld. Im Alter von 8 Jahren schrieb ich eine phantasiereiche Geschichte \u00fcber die Reise eines kleinen Regentropfens, die ihr so gut gefallen hat, dass sie diese f\u00fcr alle anderen Kinder vervielf\u00e4ltigt hat. Ab diesem Zeitpunkt stand f\u00fcr mich fest: ich m\u00f6chte Autorin werden.<\/strong><\/em><\/span><br \/>\n<span style=\"color: #000000;\"><em><strong>Dennoch hat es 42 Jahre gebraucht, bis ich mir ein Herz gefasst und meinem Mann sowie zwei lieben, aber durchaus auch kritischen Freundinnen eines meiner Manuskript zu Lesen gegeben habe. Das Resultat war die Einsendung desselben beim Verlag Emons und ein Jahr sp\u00e4ter wurde mein erster Salzburger Landkrimi \u201eBierbrauerblues\u201c ver\u00f6ffentlicht.<\/strong><\/em><\/span><\/p>\n<p><span style=\"color: #000000;\"><b><i>3<\/i><\/b><i><b><\/b><\/i><i><b>. <\/b><\/i><b><i>Du schreibst im Genre Krimi f\u00fcr den Emons Verlag. Warum gerade Krimis und keine Liebes, Historische- oder Fantasyromane?<\/i><\/b><\/span><\/p>\n<p><span style=\"color: #000000;\"><em><strong>Krimis wollte ich eigentlich gar nicht schreiben. Aber als ich 2018 meinen ersten Regionalkrimi gelesen habe, war ich ganz angetan von der M\u00f6glichkeit, rund um einen eigentlich ernsten Mordfall die unterschiedlichsten Menschen und deren Befindlichkeiten aus einer humoristischen Perspektive beschreiben zu k\u00f6nnen. Das wollte ich unbedingt ausprobieren. So ist nicht nur mein \u201eBierbrauerblues\u201c entstanden, sondern auch die Liebe zu \u201emeinen\u201c Koppelrieder Dorfbewohnern.<\/strong><\/em><\/span><br \/>\n<span style=\"color: #000000;\"><em><strong>In diesem Genre ist es mir m\u00f6glich, die Lebensgeschichten der handelnden Personen weiterzuspinnen und nebenbei ein wenig Spannung und Humor reinzubringen. Denn das Leben bietet \u2013 auch wenn alles scheinbar im Argen liegt \u2013 immer wieder die M\u00f6glichkeit f\u00fcr den ein oder anderen Schmunzler. Das wei\u00df ich nur zu gut aus pers\u00f6nlicher Erfahrung.<\/strong><\/em><\/span><\/p>\n<p><span style=\"color: #000000;\"><b><i>4. Wie lange schreibst du an einem Buch<\/i><\/b><strong><em>? Und wieviele hast du schon ver\u00f6ffentlicht? <\/em><\/strong><b><i>Erz\u00e4hle uns bitte davon\u2026<\/i><\/b><\/span><\/p>\n<p><a href=\"https:\/\/www.richteronweb.de\/wp-content\/uploads\/2023\/04\/Maennerherzen_Original.jpg\"><img loading=\"lazy\" decoding=\"async\" class=\"size-medium wp-image-21988\" src=\"https:\/\/www.richteronweb.de\/wp-content\/uploads\/2023\/04\/Maennerherzen_Original-198x300.jpg\" alt=\"\" width=\"198\" height=\"300\" srcset=\"https:\/\/www.richteronweb.de\/wp-content\/uploads\/2023\/04\/Maennerherzen_Original-198x300.jpg 198w, https:\/\/www.richteronweb.de\/wp-content\/uploads\/2023\/04\/Maennerherzen_Original-700x1063.jpg 700w, https:\/\/www.richteronweb.de\/wp-content\/uploads\/2023\/04\/Maennerherzen_Original-768x1166.jpg 768w, https:\/\/www.richteronweb.de\/wp-content\/uploads\/2023\/04\/Maennerherzen_Original-1011x1536.jpg 1011w, https:\/\/www.richteronweb.de\/wp-content\/uploads\/2023\/04\/Maennerherzen_Original-1348x2048.jpg 1348w, https:\/\/www.richteronweb.de\/wp-content\/uploads\/2023\/04\/Maennerherzen_Original-900x1367.jpg 900w, https:\/\/www.richteronweb.de\/wp-content\/uploads\/2023\/04\/Maennerherzen_Original-1280x1944.jpg 1280w, https:\/\/www.richteronweb.de\/wp-content\/uploads\/2023\/04\/Maennerherzen_Original.jpg 1594w\" sizes=\"auto, (max-width: 198px) 100vw, 198px\" \/><\/a><\/p>\n<p><span style=\"color: #000000;\"><em><strong>Das erste Manuskript schreibe ich meist in einem Rutsch. F\u00fcr den \u201eBierbrauerblues\u201c brauchte es etwa drei Wochen. Allerdings muss man dann die zahlreichen Korrektur-Runden hinzurechnen. Ge\u00e4ndert wird schon vor der Einsendung an den Verlag, dann viele Male im Lektorat und zum Schluss noch im Korrektorat. Also wirklich ein Knochenjob, der viel Zeit in Anspruch nimmt.<\/strong><\/em><\/span><br \/>\n<span style=\"color: #000000;\"><em><strong>Mein erster Krimi rund um Kommissar Aigner, Witwer und Teilzeit-Hallodri, erschien im Corona-Jhr 2020. Der zweite Band \u201eIm Flachgau wartet der Tod\u201c kam im Oktober 2021 auf den Markt. Am 23. Februar 2023 ist mein dritter Aigner-Krimi \u201eSalzburger M\u00e4nnerherzen\u201c im Emons Verlag erschienen.<\/strong><\/em><\/span><\/p>\n<p><span style=\"color: #000000;\"><i><b>5. Wenn Du eine traurige, witzige oder spannende Szene schreibst, f\u00fchlst du dann mit?<\/b><\/i><\/span><\/p>\n<p><span style=\"color: #000000;\"><em><strong>Ja, total. Vor allem in meinem 2. Band \u201eIm Flachgau wartet der Tod\u201c geht es um ein sehr emotionales Thema. Aigners verschollene Mutter, die sich nie um ihre Kinder gek\u00fcmmert hat, kommt nach beinahe vierzig Jahren ins Dorf zur\u00fcck und wird dann auch noch ermordet. Der Inspektor muss nicht nur den Mord aufkl\u00e4ren, sondern auch seine unfreiwillig mutterlose Kindheit ein wenig aufarbeiten.<\/strong><\/em><\/span><br \/>\n<span style=\"color: #000000;\"><em><strong>Da gibt es Parallelen zu meiner Familiengeschichte, denn mein Vater hat uns ebenso pl\u00f6tzlich verlassen und sich erst f\u00fcnfundzwanzig Jahre sp\u00e4ter bei seinen Kindern gemeldet.<\/strong><\/em><\/span><br \/>\n<span style=\"color: #000000;\"><em><strong>Bestimmte Szenen, wie das erste Gespr\u00e4ch Aigners mit seiner Mutter oder die Konfrontation mit der toten Mutter im Leichenschauhaus sind mir da schon ein bisserl an die Nieren gegangen.<\/strong><\/em><\/span><br \/>\n<span style=\"color: #000000;\"><em><strong>Auch bei lustigen Szenen geht es mir \u00e4hnlich. Wenn in \u201eSalzburger M\u00e4nnerherzen\u201c beispielsweise der junge Praktikant unfreiwillig auf verdeckte Ermittlungen geschickt wird, muss ich selbst beim Schreiben schmunzeln.<\/strong><\/em><\/span><br \/>\n<span style=\"color: #000000;\"><em><strong>Als ich im \u201eBierbrauerblues\u201c die spannende Szene mit Aigners f\u00fcnfj\u00e4hrigem Buben aus der Sicht des Entf\u00fchrers beschrieben habe, hatte ich beinahe selbst Herzrasen vor Aufregung. Aber da musste ich durch \u2013 gemeinsam mit dem kleinen Felix.<\/strong><\/em><\/span><\/p>\n<p><span style=\"color: #000000;\"><i><b><em><strong>6. Wie authentisch ist eigentlich der Hintergrund in deinen Krimis? Beruhen die Handlungen auf wahre Begebeneiten?<\/strong><\/em> <\/b><\/i><\/span><\/p>\n<p><span style=\"color: #000000;\"><em><strong>Ich bin ein leidenschaftlicher Beobachter. Ich liebe es, immer und \u00fcberall Menschen und ihre Handlungsweisen, ihre Charaktere, aufmerksam zu studieren.<br \/>\n<\/strong><strong>Die Jahrzehnte, die ich selbst in einem kleinen Ort am Land gelebt habe, kommen mir dabei sehr zugute. Ich konnte die skurrilsten Begebenheiten miterleben, auf Hochzeiten, bei Begr\u00e4bnissen, auf Kirtagen, Volksfesten, Familienfeiern, am Amt usw. <\/strong><\/em><\/span><br \/>\n<span style=\"color: #000000;\"><em><strong>Daher ist in vielen von mir beschriebenen Szenen immer auch ein K\u00f6rnchen \u201ewahre Begebenheit\u201c zu finden. Aber sonst sind die Geschichten frei erfunden.<\/strong><\/em><\/span><\/p>\n<p><span style=\"color: #000000;\"><i><b><em><strong>7. Wei\u00dft du bereits vorher genau, was in deinen B\u00fcchern passiert, d.h. arbeitest du dich an einen genauen Handlungsplan entlang oder brechen dir die Figuren schon mal aus und erfinden ihre ganz eigene Geschichte? <\/strong><\/em><\/b><\/i><\/span><\/p>\n<p><span style=\"color: #000000;\"><em><strong>Ich glaube, ich bin eine eher untypische Autorin. Mir f\u00e4llt eine Grundidee ein, ich \u00f6ffne am Computer ein leeres Dokument und beginne zu schreiben. Ich \u201eplotte\u201c nicht, sondern notiere mir nur ein paar Ideen auf einer Seite, einige handelnde Personen und ein paar ihrer Eigenschaften. Wenn ich dann schreibe, verselbst\u00e4ndigen sich Geschichte wie auch Charaktere schon nach wenigen Seiten. Ich hab da nicht mehr viel mitzureden.<\/strong><\/em><\/span><br \/>\n<span style=\"color: #000000;\"><em><strong>Beispielsweise hatte ich im \u201eBierbrauerblues\u201c anfangs einen ganz anderen T\u00e4ter vorgesehen, aber dann wuchs mir die Figur im Laufe der Geschichte so ans Herz, dass jemand anderer als T\u00e4ter herhalten musste.<\/strong><\/em><\/span><\/p>\n<p><span style=\"color: #000000;\"><i><b>8. Und was ist bis jetzt der Sch\u00f6nste Moment in Deiner bisherigen Zeit als Autorin gewesen?<\/b><\/i><\/span><\/p>\n<p><span style=\"color: #000000;\"><em><strong>Als unbekannte Autorin ist es schwer, irgendwo an Lesungen zu kommen. Vor allem, auch weil wegen meines Hauptberufs kaum Zeit bleibt, bei Buchhandlungen deswegen Klinken zu putzen.<\/strong><\/em><\/span><br \/>\n<span style=\"color: #000000;\"><em><strong>Trotzdem war ich vor einem Jahr zu meiner allerersten Lesung bei einer Kriminacht mit mehreren Autoren eingeladen. Ich bin sehr impulsiv und verf\u00fcge wohl \u00fcber einen \u201evererbten\u201c Hang zur B\u00fchne (meine Gro\u00dfmutter war Seilt\u00e4nzerin, mein Gro\u00dfvater Volksschauspieler). Daher lese ich in sehr lebhafter Weise aus meinen B\u00fcchern vor, in den unterschiedlichsten Stimmlagen f\u00fcr die verschiedenen Personen. Nach meiner Lesung kam ein Mann zu mir und sagte: \u201eAlso, ich werde ja von meiner Frau st\u00e4ndig auf Lesungen geschleppt. Aber ihre, die war die erste, bei der ich von Anfang bis zum Schluss aufmerksam zugeh\u00f6rt habe, weil es so viel Spa\u00df gemacht hat.\u201c<\/strong><\/em><\/span><br \/>\n<span style=\"color: #000000;\"><em><strong>Das war so ein Moment, w\u00fcrde ich sagen.<\/strong><\/em><\/span><\/p>\n<p><span style=\"color: #000000;\"><i><b>9. Liest du auch selbst gerne mal? Wenn ja, welches Genre bevorzugst du dann selbst pers\u00f6nlich?<\/b><\/i><\/span><\/p>\n<p><span style=\"color: #000000;\"><em><strong>Ich lese leidenschaftlich gerne und so oft ich Zeit habe. Eigentlich mag ich fast jedes Genre, ausgenommen blutr\u00fcnstige Thriller.<\/strong><\/em><\/span><br \/>\n<span style=\"color: #000000;\"><em><strong>Beim Humor verehre ich den Alt-Meister Hugo Wiener von Herzen. Ich liebe alle Kinderb\u00fccher von Erich K\u00e4stner, aber auch seine genialen Werke und Gedichte f\u00fcr Erwachsene. Astrid Lindgren ist ebenso aus meinem B\u00fccherregal nicht zu verbannen wie die \u201eHerr der Ringe\u201c-Trilogie von Tolkien. Die wunderbaren S\u00e4tze von Stefan Zweig brauche ich oft als Balsam f\u00fcr meine Seele, f\u00fcrs Herz lese ich gern Lily Brett. Aber auch Krimis haben es mir angetan: der Kluftinger von Kl\u00fcpfl Kobr, ausnahmslos alle Brenner-Krimis vom begnadeten Wolf Haas, Metzger-Krimis von Raab und Regionalkrimis von wunderbaren Kolleginnen wie Marion Stadler, Heidi Troi oder Thea Fischer.<\/strong><\/em><\/span><br \/>\n<span style=\"color: #000000;\"><em><strong>Mein pers\u00f6nliches Highlight, unangefochten seit fast vier Jahrzehnten, ist allerdings das einzige Buch der wunderbaren Emily Bront\u00eb: Wuthering Heights, zu Deutsch Sturmh\u00f6he. F\u00fcr mich die sch\u00f6nste und aufregendste Liebesgeschichte, die ich jemals lesen durfte.<\/strong><\/em><\/span><\/p>\n<p><span style=\"color: #000000;\"><em><strong>10. Gibt es bereits neue Projekte, die in Arbeit sind und von denen du erz\u00e4hlen m\u00f6chtest bzw. darfst?<\/strong><\/em><\/span><\/p>\n<p><span style=\"color: #000000;\"><em><strong>Leider ist es ja so, dass nicht nur der Schreibwille und die Ideen der Autoren ihre Werke bestimmen, sondern auch der Verlag und die Verkaufszahlen. Abh\u00e4ngig vom Erfolg meines neuesten Krimis hoffe ich, dass auch ein viertes Mal in Koppelried gemordet werden darf. Die Idee und meine A4-Seite dazu gibt es schon und ich darf verraten: es kann wieder geschmunzelt werden.<br \/>\n<\/strong><\/em><em><strong>Au\u00dferdem arbeite ich an einem Wien-Krimi, ein Spin-off mit der jungen Kommissarin Rita Ratinger aus den ersten beiden Aigner-Krimis. Mal schauen, was daraus noch werden wird.<\/strong><\/em><\/span><\/p>\n","protected":false},"excerpt":{"rendered":"<p>\u273d\u2022*\u00a8*\u2022\u0e51\u273f\u0e51\u2605 Autoreninterview \u2605\u0e51\u273f\u0e51\u2022*\u00a8*\u2022\u273d 1. Wer ist Natascha Keferb\u00f6ck? Magst du dich mal kurz vorstellen? Also, in erster Linie bin ich eine Frau, die gerne 50+ ist, sich rundum wohl f\u00fchlt und seit drei Jahren Salzburger Landkrimis ver\u00f6ffentlicht. Aufgewachsen als \u00fcberzeugtes &hellip; <a href=\"https:\/\/www.richteronweb.de\/?p=21920\">Weiterlesen <span class=\"meta-nav\">&rarr;<\/span><\/a><\/p>\n","protected":false},"author":1,"featured_media":0,"comment_status":"open","ping_status":"open","sticky":false,"template":"","format":"standard","meta":{"_jetpack_memberships_contains_paid_content":false,"footnotes":""},"categories":[1],"tags":[],"class_list":["post-21920","post","type-post","status-publish","format-standard","hentry","category-lesebuch"],"jetpack_featured_media_url":"","jetpack_sharing_enabled":true,"_links":{"self":[{"href":"https:\/\/www.richteronweb.de\/index.php?rest_route=\/wp\/v2\/posts\/21920","targetHints":{"allow":["GET"]}}],"collection":[{"href":"https:\/\/www.richteronweb.de\/index.php?rest_route=\/wp\/v2\/posts"}],"about":[{"href":"https:\/\/www.richteronweb.de\/index.php?rest_route=\/wp\/v2\/types\/post"}],"author":[{"embeddable":true,"href":"https:\/\/www.richteronweb.de\/index.php?rest_route=\/wp\/v2\/users\/1"}],"replies":[{"embeddable":true,"href":"https:\/\/www.richteronweb.de\/index.php?rest_route=%2Fwp%2Fv2%2Fcomments&post=21920"}],"version-history":[{"count":5,"href":"https:\/\/www.richteronweb.de\/index.php?rest_route=\/wp\/v2\/posts\/21920\/revisions"}],"predecessor-version":[{"id":21989,"href":"https:\/\/www.richteronweb.de\/index.php?rest_route=\/wp\/v2\/posts\/21920\/revisions\/21989"}],"wp:attachment":[{"href":"https:\/\/www.richteronweb.de\/index.php?rest_route=%2Fwp%2Fv2%2Fmedia&parent=21920"}],"wp:term":[{"taxonomy":"category","embeddable":true,"href":"https:\/\/www.richteronweb.de\/index.php?rest_route=%2Fwp%2Fv2%2Fcategories&post=21920"},{"taxonomy":"post_tag","embeddable":true,"href":"https:\/\/www.richteronweb.de\/index.php?rest_route=%2Fwp%2Fv2%2Ftags&post=21920"}],"curies":[{"name":"wp","href":"https:\/\/api.w.org\/{rel}","templated":true}]}}