{"id":21783,"date":"2023-03-14T10:21:17","date_gmt":"2023-03-14T09:21:17","guid":{"rendered":"https:\/\/www.richteronweb.de\/?p=21783"},"modified":"2023-03-14T10:28:06","modified_gmt":"2023-03-14T09:28:06","slug":"der-kleine-troedelladen-im-loewensteg-ostsee-liebesroman-loewensteg-wohlfuehl-liebesroman-reihe-1","status":"publish","type":"post","link":"https:\/\/www.richteronweb.de\/?p=21783","title":{"rendered":"Der kleine Tr\u00f6delladen im L\u00f6wensteg: Ostsee-Liebesroman (L\u00f6wensteg-Wohlf\u00fchl-Liebesroman-Reihe 1) von Kerstin Garde"},"content":{"rendered":"<p><a href=\"https:\/\/www.richteronweb.de\/wp-content\/uploads\/2023\/03\/img_20230309_1630386285091262432762053-scaled.jpg\"><img loading=\"lazy\" decoding=\"async\" class=\"alignnone size-medium wp-image-21766\" src=\"https:\/\/www.richteronweb.de\/wp-content\/uploads\/2023\/03\/img_20230309_1630386285091262432762053-225x300.jpg\" alt=\"\" width=\"225\" height=\"300\" srcset=\"https:\/\/www.richteronweb.de\/wp-content\/uploads\/2023\/03\/img_20230309_1630386285091262432762053-225x300.jpg 225w, https:\/\/www.richteronweb.de\/wp-content\/uploads\/2023\/03\/img_20230309_1630386285091262432762053-700x933.jpg 700w, https:\/\/www.richteronweb.de\/wp-content\/uploads\/2023\/03\/img_20230309_1630386285091262432762053-768x1024.jpg 768w, https:\/\/www.richteronweb.de\/wp-content\/uploads\/2023\/03\/img_20230309_1630386285091262432762053-1152x1536.jpg 1152w, https:\/\/www.richteronweb.de\/wp-content\/uploads\/2023\/03\/img_20230309_1630386285091262432762053-1536x2048.jpg 1536w, https:\/\/www.richteronweb.de\/wp-content\/uploads\/2023\/03\/img_20230309_1630386285091262432762053-900x1200.jpg 900w, https:\/\/www.richteronweb.de\/wp-content\/uploads\/2023\/03\/img_20230309_1630386285091262432762053-1280x1707.jpg 1280w, https:\/\/www.richteronweb.de\/wp-content\/uploads\/2023\/03\/img_20230309_1630386285091262432762053-scaled.jpg 1920w\" sizes=\"auto, (max-width: 225px) 100vw, 225px\" \/><\/a><\/p>\n<p><strong><em>\u273f*\uff9f\u00a8\uff9f\u270e\u2026.<\/em><\/strong> <em><strong>Ich liebe Tr\u00f6dell\u00e4den <\/strong><\/em><\/p>\n<p><em><strong>Ich habe eine neue Buchreihe von der Autorin Kerstin Garde zu lesen begonnen. Sie nennt ihre neue Buchreihe: L\u00f6wensteg-Wohlf\u00fchl-Liebesroman-Reihe. Und nicht nur der Titel sagt das aus, es ist ein wundervoller Wohlf\u00fchlroman geworden. Ich bin mit den Geschwistern Stella und Emilie in Travem\u00fcnde zusammen gewesen. Sie versuchen nach dem Tod von ihrer Gro\u00dfmutter das Erbe, einen Tr\u00f6delladen, auf Vordermann zu bringen. Ob es ihnen gelingt und welche H\u00fcrden sie \u00fcberwinden m\u00fcssen, k\u00f6nnt ihr selber erfahren, wenn ihr das Buch kauft und lest. Es ist mein erstes Buch von der Autorin. Sie schreibt verschiedene Wohlf\u00fchlromane, wie solche die in der L\u00fcneburger Heide oder im Sanddornweg ihre Kulissen finden. Nun war ich beim ersten Buch von ihr sehr gut unterhalten worden, so dass ich aufgrund ihres leichten und sch\u00f6nen bis romantischen Schreibstils begeistert bin. Ich freue mich daher schon auf die anderen B\u00e4nde zu dieser Reihe, diese bald erscheinen werden: Die traumhafte Konditorei im L\u00f6wensteg (erscheint im Sommer 2023) und Das gem\u00fctliche Gasthaus im L\u00f6wensteg (erscheint im M\u00e4rz 2024). Die Reihe wird im beHEARTBEAT erscheinen, eine Verlagsseite f\u00fcr Ebooks, von Bastei L\u00fcbbe. Denn die Buchreihe gibt es nur als Ebook Version.\u00a0<\/strong> <\/em><\/p>\n","protected":false},"excerpt":{"rendered":"<p>\u273f*\uff9f\u00a8\uff9f\u270e\u2026. Ich liebe Tr\u00f6dell\u00e4den Ich habe eine neue Buchreihe von der Autorin Kerstin Garde zu lesen begonnen. Sie nennt ihre neue Buchreihe: L\u00f6wensteg-Wohlf\u00fchl-Liebesroman-Reihe. Und nicht nur der Titel sagt das aus, es ist ein wundervoller Wohlf\u00fchlroman geworden. Ich bin mit &hellip; <a href=\"https:\/\/www.richteronweb.de\/?p=21783\">Weiterlesen <span class=\"meta-nav\">&rarr;<\/span><\/a><\/p>\n","protected":false},"author":1,"featured_media":0,"comment_status":"open","ping_status":"open","sticky":false,"template":"","format":"standard","meta":{"_jetpack_memberships_contains_paid_content":false,"footnotes":""},"categories":[1],"tags":[],"class_list":["post-21783","post","type-post","status-publish","format-standard","hentry","category-lesebuch"],"jetpack_featured_media_url":"","jetpack_sharing_enabled":true,"_links":{"self":[{"href":"https:\/\/www.richteronweb.de\/index.php?rest_route=\/wp\/v2\/posts\/21783","targetHints":{"allow":["GET"]}}],"collection":[{"href":"https:\/\/www.richteronweb.de\/index.php?rest_route=\/wp\/v2\/posts"}],"about":[{"href":"https:\/\/www.richteronweb.de\/index.php?rest_route=\/wp\/v2\/types\/post"}],"author":[{"embeddable":true,"href":"https:\/\/www.richteronweb.de\/index.php?rest_route=\/wp\/v2\/users\/1"}],"replies":[{"embeddable":true,"href":"https:\/\/www.richteronweb.de\/index.php?rest_route=%2Fwp%2Fv2%2Fcomments&post=21783"}],"version-history":[{"count":4,"href":"https:\/\/www.richteronweb.de\/index.php?rest_route=\/wp\/v2\/posts\/21783\/revisions"}],"predecessor-version":[{"id":21787,"href":"https:\/\/www.richteronweb.de\/index.php?rest_route=\/wp\/v2\/posts\/21783\/revisions\/21787"}],"wp:attachment":[{"href":"https:\/\/www.richteronweb.de\/index.php?rest_route=%2Fwp%2Fv2%2Fmedia&parent=21783"}],"wp:term":[{"taxonomy":"category","embeddable":true,"href":"https:\/\/www.richteronweb.de\/index.php?rest_route=%2Fwp%2Fv2%2Fcategories&post=21783"},{"taxonomy":"post_tag","embeddable":true,"href":"https:\/\/www.richteronweb.de\/index.php?rest_route=%2Fwp%2Fv2%2Ftags&post=21783"}],"curies":[{"name":"wp","href":"https:\/\/api.w.org\/{rel}","templated":true}]}}