{"id":21298,"date":"2023-05-01T06:30:19","date_gmt":"2023-05-01T04:30:19","guid":{"rendered":"https:\/\/www.richteronweb.de\/?p=21298"},"modified":"2023-01-01T15:39:07","modified_gmt":"2023-01-01T14:39:07","slug":"hallo-mai-2023","status":"publish","type":"post","link":"https:\/\/www.richteronweb.de\/?p=21298","title":{"rendered":"Hallo Mai 2023"},"content":{"rendered":"<p><a href=\"https:\/\/www.richteronweb.de\/wp-content\/uploads\/2023\/01\/IMG_20221130_145047.jpg\"><img loading=\"lazy\" decoding=\"async\" class=\"alignnone size-medium wp-image-21299\" src=\"https:\/\/www.richteronweb.de\/wp-content\/uploads\/2023\/01\/IMG_20221130_145047-300x225.jpg\" alt=\"\" width=\"300\" height=\"225\" srcset=\"https:\/\/www.richteronweb.de\/wp-content\/uploads\/2023\/01\/IMG_20221130_145047-300x225.jpg 300w, https:\/\/www.richteronweb.de\/wp-content\/uploads\/2023\/01\/IMG_20221130_145047-700x525.jpg 700w, https:\/\/www.richteronweb.de\/wp-content\/uploads\/2023\/01\/IMG_20221130_145047-768x576.jpg 768w, https:\/\/www.richteronweb.de\/wp-content\/uploads\/2023\/01\/IMG_20221130_145047-1536x1152.jpg 1536w, https:\/\/www.richteronweb.de\/wp-content\/uploads\/2023\/01\/IMG_20221130_145047-900x675.jpg 900w, https:\/\/www.richteronweb.de\/wp-content\/uploads\/2023\/01\/IMG_20221130_145047-1280x960.jpg 1280w, https:\/\/www.richteronweb.de\/wp-content\/uploads\/2023\/01\/IMG_20221130_145047.jpg 1600w\" sizes=\"auto, (max-width: 300px) 100vw, 300px\" \/><\/a><\/p>\n<p><em><strong>\u273f*\uff9f\u00a8\uff9f\u270e\u2026.<\/strong> <span style=\"color: #000000;\"><strong>Der Mai<\/strong><\/span><\/em><\/p>\n<p><span style=\"color: #000000;\"><em><strong>Im Galarock des heiteren Verschwenders,<\/strong><\/em><\/span><br \/>\n<span style=\"color: #000000;\"><em><strong>ein Blumenzepter in der schmalen Hand,<\/strong><\/em><\/span><br \/>\n<span style=\"color: #000000;\"><em><strong>f\u00e4hrt nun der Mai, der Mozart des Kalenders,<\/strong><\/em><\/span><br \/>\n<span style=\"color: #000000;\"><em><strong>aus seiner Kutsche gr\u00fc\u00dfend, \u00fcber Land.<\/strong><\/em><\/span><\/p>\n<p><span style=\"color: #000000;\"><em><strong>Es \u00fcberbl\u00fcht sich, er braucht nur zu winken.<\/strong><\/em><\/span><br \/>\n<span style=\"color: #000000;\"><em><strong>Er winkt! Und rollt durch einen Farbenhain.<\/strong><\/em><\/span><br \/>\n<span style=\"color: #000000;\"><em><strong>Blaumeisen flattern ihm voraus und Finken.<\/strong><\/em><\/span><br \/>\n<span style=\"color: #000000;\"><em><strong>Und Pfauenaugen fl\u00fcgeln hinterdrein.<\/strong><\/em><\/span><\/p>\n<p><span style=\"color: #000000;\"><em><strong>Die Apfelb\u00e4ume hinterm Zaun err\u00f6ten.<\/strong><\/em><\/span><br \/>\n<span style=\"color: #000000;\"><em><strong>Die Birken machen einen gr\u00fcnen Knicks.<\/strong><\/em><\/span><br \/>\n<span style=\"color: #000000;\"><em><strong>Die Drosseln spielen, auf ganz kleinen Fl\u00f6ten,<\/strong><\/em><\/span><br \/>\n<span style=\"color: #000000;\"><em><strong>das Scherzo aus der Symphonie des Gl\u00fccks.<\/strong><\/em><\/span><\/p>\n<p><span style=\"color: #000000;\"><em><strong>Die Kutsche rollt durch atmende Pastelle.<\/strong><\/em><\/span><br \/>\n<span style=\"color: #000000;\"><em><strong>Wir ziehn den Hut. Die Kutsche rollt vorbei.<\/strong><\/em><\/span><br \/>\n<span style=\"color: #000000;\"><em><strong>Die Zeit versinkt in einer Fliederwelle.<\/strong><\/em><\/span><br \/>\n<span style=\"color: #000000;\"><em><strong>O, g\u00e4b es doch ein Jahr aus lauter Mai!<\/strong><\/em><\/span><\/p>\n<p><span style=\"color: #000000;\"><em><strong>Melancholie und Freude sind wohl Schwestern.<\/strong><\/em><\/span><br \/>\n<span style=\"color: #000000;\"><em><strong>Und aus den Zweigen f\u00e4llt verbl\u00fchter Schnee.<\/strong><\/em><\/span><br \/>\n<span style=\"color: #000000;\"><em><strong>Mit jedem Pulsschlag wird aus Heute Gestern.<\/strong><\/em><\/span><br \/>\n<span style=\"color: #000000;\"><em><strong>Auch Gl\u00fcck kann weh tun. Auch der Mai tut weh.<\/strong><\/em><\/span><\/p>\n<p><span style=\"color: #000000;\"><em><strong>Er nickt uns zu und ruft: &#8220;Ich komm ja wieder!&#8221;<\/strong><\/em><\/span><br \/>\n<span style=\"color: #000000;\"><em><strong>Aus Himmelblau wird langsam Abendgold.<\/strong><\/em><\/span><br \/>\n<span style=\"color: #000000;\"><em><strong>Er gr\u00fc\u00dft die H\u00fcgel, und er winkt dem Flieder.<\/strong><\/em><\/span><br \/>\n<span style=\"color: #000000;\"><em><strong>Er l\u00e4chelt. L\u00e4chelt. Und die Kutsche rollt.<\/strong><\/em><\/span><\/p>\n<p><span style=\"color: #000000;\"><em><strong>Erich K\u00e4stner<\/strong><\/em><\/span><\/p>\n","protected":false},"excerpt":{"rendered":"<p>\u273f*\uff9f\u00a8\uff9f\u270e\u2026. Der Mai Im Galarock des heiteren Verschwenders, ein Blumenzepter in der schmalen Hand, f\u00e4hrt nun der Mai, der Mozart des Kalenders, aus seiner Kutsche gr\u00fc\u00dfend, \u00fcber Land. Es \u00fcberbl\u00fcht sich, er braucht nur zu winken. Er winkt! Und rollt &hellip; <a href=\"https:\/\/www.richteronweb.de\/?p=21298\">Weiterlesen <span class=\"meta-nav\">&rarr;<\/span><\/a><\/p>\n","protected":false},"author":1,"featured_media":0,"comment_status":"open","ping_status":"open","sticky":false,"template":"","format":"standard","meta":{"_jetpack_memberships_contains_paid_content":false,"footnotes":""},"categories":[1],"tags":[],"class_list":["post-21298","post","type-post","status-publish","format-standard","hentry","category-lesebuch"],"jetpack_featured_media_url":"","jetpack_sharing_enabled":true,"_links":{"self":[{"href":"https:\/\/www.richteronweb.de\/index.php?rest_route=\/wp\/v2\/posts\/21298","targetHints":{"allow":["GET"]}}],"collection":[{"href":"https:\/\/www.richteronweb.de\/index.php?rest_route=\/wp\/v2\/posts"}],"about":[{"href":"https:\/\/www.richteronweb.de\/index.php?rest_route=\/wp\/v2\/types\/post"}],"author":[{"embeddable":true,"href":"https:\/\/www.richteronweb.de\/index.php?rest_route=\/wp\/v2\/users\/1"}],"replies":[{"embeddable":true,"href":"https:\/\/www.richteronweb.de\/index.php?rest_route=%2Fwp%2Fv2%2Fcomments&post=21298"}],"version-history":[{"count":1,"href":"https:\/\/www.richteronweb.de\/index.php?rest_route=\/wp\/v2\/posts\/21298\/revisions"}],"predecessor-version":[{"id":21300,"href":"https:\/\/www.richteronweb.de\/index.php?rest_route=\/wp\/v2\/posts\/21298\/revisions\/21300"}],"wp:attachment":[{"href":"https:\/\/www.richteronweb.de\/index.php?rest_route=%2Fwp%2Fv2%2Fmedia&parent=21298"}],"wp:term":[{"taxonomy":"category","embeddable":true,"href":"https:\/\/www.richteronweb.de\/index.php?rest_route=%2Fwp%2Fv2%2Fcategories&post=21298"},{"taxonomy":"post_tag","embeddable":true,"href":"https:\/\/www.richteronweb.de\/index.php?rest_route=%2Fwp%2Fv2%2Ftags&post=21298"}],"curies":[{"name":"wp","href":"https:\/\/api.w.org\/{rel}","templated":true}]}}