{"id":21112,"date":"2022-12-21T22:38:22","date_gmt":"2022-12-21T21:38:22","guid":{"rendered":"https:\/\/www.richteronweb.de\/?p=21112"},"modified":"2022-12-23T17:56:19","modified_gmt":"2022-12-23T16:56:19","slug":"21-dezember-2022","status":"publish","type":"post","link":"https:\/\/www.richteronweb.de\/?p=21112","title":{"rendered":"21. Dezember 2022"},"content":{"rendered":"\r\n\r\n\r\n<p><a href=\"https:\/\/www.richteronweb.de\/wp-content\/uploads\/2022\/12\/adventskalender-holz-weiss-schwarz-32x32-cm.jpg\"><img loading=\"lazy\" decoding=\"async\" class=\"alignnone size-medium wp-image-20971\" src=\"https:\/\/www.richteronweb.de\/wp-content\/uploads\/2022\/12\/adventskalender-holz-weiss-schwarz-32x32-cm-300x300.jpg\" alt=\"\" width=\"300\" height=\"300\" srcset=\"https:\/\/www.richteronweb.de\/wp-content\/uploads\/2022\/12\/adventskalender-holz-weiss-schwarz-32x32-cm-300x300.jpg 300w, https:\/\/www.richteronweb.de\/wp-content\/uploads\/2022\/12\/adventskalender-holz-weiss-schwarz-32x32-cm-150x150.jpg 150w, https:\/\/www.richteronweb.de\/wp-content\/uploads\/2022\/12\/adventskalender-holz-weiss-schwarz-32x32-cm-88x88.jpg 88w, https:\/\/www.richteronweb.de\/wp-content\/uploads\/2022\/12\/adventskalender-holz-weiss-schwarz-32x32-cm.jpg 500w\" sizes=\"auto, (max-width: 300px) 100vw, 300px\" \/><\/a><\/p>\r\n<p><em><strong>\u273f*\uff9f\u00a8\uff9f\u270e\u2026.<\/strong><\/em> <strong><em>Je mehr ich von der Welt sehe, desto unzufriedener werde ich damit. Jeder Tag best\u00e4tigt meinen Glauben an die Unbest\u00e4ndigkeit der Menschen und an das geringe Vertrauen, das in den Schein von Gl\u00fcck und Verstand gesetzt werden kann<\/em><\/strong>.<\/p>\r\n\r\n\r\n\r\n<p><strong><em>Jane Austen<\/em><\/strong><\/p>\r\n","protected":false},"excerpt":{"rendered":"<p>\u273f*\uff9f\u00a8\uff9f\u270e\u2026. Je mehr ich von der Welt sehe, desto unzufriedener werde ich damit. Jeder Tag best\u00e4tigt meinen Glauben an die Unbest\u00e4ndigkeit der Menschen und an das geringe Vertrauen, das in den Schein von Gl\u00fcck und Verstand gesetzt werden kann. Jane &hellip; <a href=\"https:\/\/www.richteronweb.de\/?p=21112\">Weiterlesen <span class=\"meta-nav\">&rarr;<\/span><\/a><\/p>\n","protected":false},"author":1,"featured_media":0,"comment_status":"open","ping_status":"open","sticky":false,"template":"","format":"standard","meta":{"_jetpack_memberships_contains_paid_content":false,"footnotes":""},"categories":[1],"tags":[],"class_list":["post-21112","post","type-post","status-publish","format-standard","hentry","category-lesebuch"],"jetpack_featured_media_url":"","jetpack_sharing_enabled":true,"_links":{"self":[{"href":"https:\/\/www.richteronweb.de\/index.php?rest_route=\/wp\/v2\/posts\/21112","targetHints":{"allow":["GET"]}}],"collection":[{"href":"https:\/\/www.richteronweb.de\/index.php?rest_route=\/wp\/v2\/posts"}],"about":[{"href":"https:\/\/www.richteronweb.de\/index.php?rest_route=\/wp\/v2\/types\/post"}],"author":[{"embeddable":true,"href":"https:\/\/www.richteronweb.de\/index.php?rest_route=\/wp\/v2\/users\/1"}],"replies":[{"embeddable":true,"href":"https:\/\/www.richteronweb.de\/index.php?rest_route=%2Fwp%2Fv2%2Fcomments&post=21112"}],"version-history":[{"count":2,"href":"https:\/\/www.richteronweb.de\/index.php?rest_route=\/wp\/v2\/posts\/21112\/revisions"}],"predecessor-version":[{"id":21120,"href":"https:\/\/www.richteronweb.de\/index.php?rest_route=\/wp\/v2\/posts\/21112\/revisions\/21120"}],"wp:attachment":[{"href":"https:\/\/www.richteronweb.de\/index.php?rest_route=%2Fwp%2Fv2%2Fmedia&parent=21112"}],"wp:term":[{"taxonomy":"category","embeddable":true,"href":"https:\/\/www.richteronweb.de\/index.php?rest_route=%2Fwp%2Fv2%2Fcategories&post=21112"},{"taxonomy":"post_tag","embeddable":true,"href":"https:\/\/www.richteronweb.de\/index.php?rest_route=%2Fwp%2Fv2%2Ftags&post=21112"}],"curies":[{"name":"wp","href":"https:\/\/api.w.org\/{rel}","templated":true}]}}