{"id":20744,"date":"2022-12-06T06:00:58","date_gmt":"2022-12-06T05:00:58","guid":{"rendered":"https:\/\/www.richteronweb.de\/?p=20744"},"modified":"2023-10-12T09:19:40","modified_gmt":"2023-10-12T07:19:40","slug":"interview-mit-silke-boeschen","status":"publish","type":"post","link":"https:\/\/www.richteronweb.de\/?p=20744","title":{"rendered":"Interview mit Silke B\u00f6schen"},"content":{"rendered":"<p><em><strong><span id=\"fbPhotoSnowliftCaption\" class=\"fbPhotosPhotoCaption\" tabindex=\"0\" data-ft=\"{&quot;tn&quot;:&quot;K&quot;}\"><span class=\"hasCaption\">\u273d\u2022*\u00a8*\u2022\u0e51\u273f\u0e51\u2605 Autoreninterview \u2605\u0e51\u273f\u0e51\u2022*\u00a8*\u2022\u273d<\/span><\/span><\/strong><\/em><\/p>\n<p><i><b>1. Wer ist<\/b><strong> <em>Silke B\u00f6schen<\/em><\/strong><\/i><strong><em>? Magst du dich mal vorstellen?<br \/>\n<\/em><\/strong><\/p>\n<p><a href=\"https:\/\/www.richteronweb.de\/wp-content\/uploads\/2022\/12\/IMG_7168-scaled.jpg\"><img loading=\"lazy\" decoding=\"async\" class=\"alignnone size-medium wp-image-21017\" src=\"https:\/\/www.richteronweb.de\/wp-content\/uploads\/2022\/12\/IMG_7168-300x200.jpg\" alt=\"\" width=\"300\" height=\"200\" srcset=\"https:\/\/www.richteronweb.de\/wp-content\/uploads\/2022\/12\/IMG_7168-300x200.jpg 300w, https:\/\/www.richteronweb.de\/wp-content\/uploads\/2022\/12\/IMG_7168-700x467.jpg 700w, https:\/\/www.richteronweb.de\/wp-content\/uploads\/2022\/12\/IMG_7168-768x512.jpg 768w, https:\/\/www.richteronweb.de\/wp-content\/uploads\/2022\/12\/IMG_7168-1536x1024.jpg 1536w, https:\/\/www.richteronweb.de\/wp-content\/uploads\/2022\/12\/IMG_7168-2048x1365.jpg 2048w, https:\/\/www.richteronweb.de\/wp-content\/uploads\/2022\/12\/IMG_7168-900x600.jpg 900w, https:\/\/www.richteronweb.de\/wp-content\/uploads\/2022\/12\/IMG_7168-1280x853.jpg 1280w\" sizes=\"auto, (max-width: 300px) 100vw, 300px\" \/><\/a><\/p>\n<p><span style=\"color: #000000;\"><em><strong>Ich bin 53 Jahre alt, lebe mit Ehemann und zwei T\u00f6chtern (11, 13) sowie Rauhaardackel Fiete in Hamburg. Geboren und zur Schule gegangen bin ich in Bremerhaven. Nach einem Zeitungsvolontariat habe ich in Dortmund Journalistik und Politikwissenschaften studiert und mein Diplom gemacht. Die n\u00e4chste Station war Berlin, wo ich 12 Jahre gelebt habe. Dort habe u.a. beim ORB &#8211; dem sp\u00e4teren RBB -gearbeitet: Vor und hinter der Kamera. Auch im Ersten war ich zu sehen &#8211; in der ARD-Sportschau, in den Tagesthemen und beim investigativen Politik-Magazin Kontraste, das ich moderiert habe. Weiter ging es nach Frankfurt\/M. Dort habe ich meine T\u00f6chter zur Welt gebracht und mit dem Schreiben begonnen. Mittlerweile arbeite ich an Band III von \u201eTr\u00e4ume von Freiheit\u201c. Au\u00dferdem bin ich als Fernseh-Reporterin f\u00fcrs ntv Nachrichtenfernsehen unterwegs und als Trainerin t\u00e4tig.<\/strong><\/em><\/span><\/p>\n<p><em><strong>2.<\/strong><\/em> <em><strong>Die wohl meist gestellte Frage: Wie bist du zum Schreiben gekommen?<\/strong><\/em><\/p>\n<p><span style=\"color: #000000;\"><em><strong>Als Kind habe ich sehr gern Geschichten erz\u00e4hlt und selbst sehr viel gelesen. Beides mache ich heut noch gern, nur dass ich jetzt meine Geschichten zu Papier bringe. Der entscheidende Moment f\u00fcr meinen ersten Roman war im Fr\u00fchsommer 2009. Meine \u00e4lteste Tochter war erst ein paar Wochen alt und lag im Stubenwagen. Um sie zum Einschlafen zu bringen, las ich ihr vor. Weil sie viel zu klein war, um zu verstehen, was ich vorlas, entschied ich mich f\u00fcr eine alte Chronik \u00fcber Bremerhaven &#8211; meine Heimatstadt. In dem Buch bin ich auf die \u201eThomas-Katastrophe\u201c gesto\u00dfen, einem Verbrechen aus dem 19.Jahrhundert, von dem ich zuvor noch nie geh\u00f6rt hatte. Meine Neugierde war geweckt. Ich begann zu recherchieren\u2026 und zehn Jahre sp\u00e4ter hielt ich \u201eFlammen am Meer\u201c in den H\u00e4nden.<\/strong><\/em><\/span><\/p>\n<figure class=\"wp-block-image is-resized\"><\/figure>\n<p><em><strong>3. Du wurdest mit dem Buch \u201cTr\u00e4ume von Freiheit\u201d f\u00fcr den Goldenen Homer 2022 nominiert. Das ist ein Preis f\u00fcr hervoragende Historische Literatur. Wie hast du dich gef\u00fchlt, als du von der Nomminierung erfahren hast?<\/strong><\/em><\/p>\n<p><a href=\"https:\/\/www.richteronweb.de\/wp-content\/uploads\/2022\/05\/fb_blogtour202210.png\"><img loading=\"lazy\" decoding=\"async\" class=\"alignnone size-medium wp-image-19287\" src=\"https:\/\/www.richteronweb.de\/wp-content\/uploads\/2022\/05\/fb_blogtour202210-300x251.png\" alt=\"\" width=\"300\" height=\"251\" srcset=\"https:\/\/www.richteronweb.de\/wp-content\/uploads\/2022\/05\/fb_blogtour202210-300x251.png 300w, https:\/\/www.richteronweb.de\/wp-content\/uploads\/2022\/05\/fb_blogtour202210-700x587.png 700w, https:\/\/www.richteronweb.de\/wp-content\/uploads\/2022\/05\/fb_blogtour202210-768x644.png 768w, https:\/\/www.richteronweb.de\/wp-content\/uploads\/2022\/05\/fb_blogtour202210-900x754.png 900w, https:\/\/www.richteronweb.de\/wp-content\/uploads\/2022\/05\/fb_blogtour202210.png 940w\" sizes=\"auto, (max-width: 300px) 100vw, 300px\" \/><\/a><\/p>\n<p><span style=\"color: #000000;\"><em><strong>Ich war wirklich sehr \u00fcberrascht! Am Anfang konnte ich es gar nicht richtig glauben, doch meine Literatur-Agentin best\u00e4tigte mir, dass es alles mit rechten Dinge zugeht. Ich war und bin immer noch sehr stolz, dass es mein Buch \u201eFerner Horizont\u201c &#8211; also Band II von \u201eTr\u00e4ume von Freiheit\u201c &#8211; auf die Shortlist geschafft hat. Vielleicht lande ich mit Band III, der 2024 erscheinen wird, auf einem der vorderen Pl\u00e4tze&#8230;<\/strong><\/em><\/span><\/p>\n<p><strong><i>4. <\/i><\/strong><span class=\"5yl5\"><i><strong>Wie lange hast du an dem Buch gearbeitet<\/strong><\/i><\/span><span style=\"color: #000000;\"><em><strong>?<\/strong><\/em><\/span><\/p>\n<p><span style=\"color: #000000;\"><em><strong>An \u201eFerner Horizont\u201c habe ich etwa 2 Jahre gearbeitet. Da in meinen B\u00fcchern echte Frauen, die wirklich gelebt haben, die Hauptrolle spielen, geh\u00f6rt viel Recherche dazu. Das ist h\u00e4ufig sehr zeitintensiv. Es gibt zwar viele Informationen im Internet (auch dort kann die Recherche sehr aufwendig sein), aber am allersch\u00f6nsten ist es nat\u00fcrlich, wenn ich die Orte selbst besuchen kann, in denen die Geschichte spielt oder wo es noch Spuren meiner Figuren gibt. So bin ich zum Beispiel in Dresden \u00fcber mehrere alte Friedh\u00f6fe spaziert und habe tats\u00e4chlich Gr\u00e4ber von Amerikanerinnen und Amerikanern entdeckt, die zur amerikanischen Kolonie im Dresden des 19.Jahrhunderts geh\u00f6rten und in meinem Roman eine Rolle spielen.<\/strong><\/em><\/span><\/p>\n<p><em><strong>5. Erz\u00e4hl uns doch ein wenig aus deinem Schreiballtag. Wie sieht ein typischer Schreibtag bei dir aus? Hast du bestimmte Rituale?<br \/>\n<\/strong><\/em><\/p>\n<p><span style=\"color: #000000;\"><em><strong>Nachdem die Kinder gegen halb acht aus dem Haus sind und ich den Dackel ausgef\u00fchrt habe, setze ich mich an den Schreibtisch. Ich h\u00f6re gern klassische Musik beim Schreiben. H\u00e4ndel oder Bach zum Beispiel. Aber nur ganz leise. Dann skizziere ich das Kapitel, das an dem Tag \u201edran ist\u201c, h\u00e4ufig lese ich meine Arbeit vom Vortag noch einmal durch, damit es keine L\u00fccken gibt, und dann geht\u2019s los. Minimum sind immer tausend W\u00f6rter. Gern mehr. Ich versuche, nicht zu streng mit mir zu sein, damit der Schreibfluss nicht zum d\u00fcnnen Rinnsal wird sondern munter pl\u00e4tschert.<\/strong> <\/em><\/span><\/p>\n<p><em><strong>6. Was machst du hinterher, wenn das Buch beendet und ver\u00f6ffentlicht ist? <\/strong><strong>St\u00fcrzt du dich gleich in den n\u00e4chsten Schreibmarathon?<\/strong><\/em><\/p>\n<p><span style=\"color: #000000;\"><em><strong>Dann bin ich erstmal ersch\u00f6pft und erleichtert zugleich. Bislang habe ich schon immer eine Idee f\u00fcr den n\u00e4chsten Roman im Kopf. Doch die lasse ich erst einmal sacken und k\u00fcmmere mich um Lesungen etc. f\u00fcr mein aktuelles Buch.<\/strong><\/em><\/span><\/p>\n<p><em><strong>7. Du hast bereits mehrere B\u00fccher geschrieben und ver\u00f6ffentlicht. G<\/strong><\/em><em><strong>ibt es noch Romanideen f\u00fcr andere Genre, z.B. Sachbuch oder \u2026?<\/strong> <\/em><\/p>\n<p><span style=\"color: #000000;\"><em><strong>Ja, es gibt noch weitere Ideen. Vorerst bleibe ich dem historischen Roman treu. Eine weitere, sehr abenteuerliche Geschichte habe ich schon im Kopf. Sie spielt wieder in 1870er Jahren und handelt von einer echten Frau, die ungeheuer mutig war, aber l\u00e4ngst vergessen ist.<\/strong><\/em><\/span><\/p>\n<p><em><strong>8. Wei\u00dft du bereits vorher genau, was in deinen B\u00fcchern passiert, d.h. arbeitest du dich an einen genauen Handlungsplan entlang oder brechen dir die Figuren schon mal aus und erfinden ihre ganz eigene Geschichte? <\/strong><\/em><\/p>\n<p><span style=\"color: #000000;\"><em><strong>Da es sich um Geschichte nach wahren Begebenheiten handelt, ist h\u00e4ufig ein gewisser Handlungsrahmen vorgegeben. Den versuche ich, gr\u00fcndlich abzuklopfen und suche nach erg\u00e4nzenden Fakten in meiner Vorarbeit. Dann plotte ich das Ganze zum Roman. Das hei\u00dft, es gibt ein Ger\u00fcst. Auf dem turnen die Figuren aber manchmal sehr selbstst\u00e4ndig und selbstbewusst herum. Das hei\u00dft, sie entwickeln ein Eigenleben und bringen dann oft eine ganz eigene Linie mit hinein.<\/strong><\/em><\/span><\/p>\n<p><em><strong>9. Hast du Vorbilder im Schreibbereich \u2013 Lieblingsautoren oder Romane, die du selbst gern geschrieben h\u00e4ttest?<\/strong><\/em><\/p>\n<p><span style=\"color: #000000;\"><em><strong>Ich lese gern Autoren aus dem 19.Jahrhundert: Charles Dickens, Theodor Fontane, Eduard von Keyersling. Ich mag aber auch zeitgen\u00f6ssische SchriftstellerInnen wie z.B. Jane Gardam oder John Williams. Seine B\u00fccher \u201eButcher&#8217;s crossing\u201c und \u201eStoner\u201c finde ich sehr, sehr gut.<\/strong><\/em><\/span><\/p>\n<p><em><strong>10. Gibt es bereits neue Projekte, die in Arbeit sind und von denen du erz\u00e4hlen m\u00f6chtest bzw. darfst?<\/strong><\/em><\/p>\n<p><span style=\"color: #000000;\"><em><strong>Ich arbeite gerade an Band III von \u201eTr\u00e4ume von Freiheit\u201c. Darin geht es &#8211; wie in den beiden vorangegangenen B\u00e4nden &#8211; um Amerikanerinnen, die im 19.Jahrhundert in Deutschland gelebt haben und die ein ungew\u00f6hnliches Schicksal hatten. Wieder nach wahren Begebenheiten. Dieses Mal spielt eine schwerreiche Erbin aus New York die Hauptrolle. Sie heiratet Ende des 19.Jahrhunderts einen deutschen Grafen aus Schlesien und versucht sich in der Welt des preussischen Adels zurechtzufinden. Als moderne Amerikanerin st\u00f6\u00dft sie auf Standesd\u00fcnkel und Ablehnung. Und auch ihr Millionen-Verm\u00f6gen l\u00f6st Neid aus. Trotzdem wird sie ihren Weg gehen. Es ist eine bitter-s\u00fc\u00dfe Geschichte. Gerade war ich ein paar Tage in Polen und habe das ehemalige Schlo\u00df meiner Hauptfigur besucht. Das steht noch und wird vor dem Verfall gerettet und saniert. Ich bin durch die R\u00e4ume gegangen, in denen z.B. der Kaiser \u00fcbernachtet hatte, stand vor alten riesigen Kachel\u00f6fen und vor einem kaputten Fl\u00fcgel, auf dem meine Protagonistin vielleicht vor \u00fcber hundert Jahren selbst einmal gespielt hat. G\u00e4nsehaut-Momente auch f\u00fcr mich als Autorin. Im Fr\u00fchjahr 2024 erscheint der Roman im Gmeiner-Verlag.<\/strong><\/em><\/span><\/p>\n","protected":false},"excerpt":{"rendered":"<p>\u273d\u2022*\u00a8*\u2022\u0e51\u273f\u0e51\u2605 Autoreninterview \u2605\u0e51\u273f\u0e51\u2022*\u00a8*\u2022\u273d 1. Wer ist Silke B\u00f6schen? Magst du dich mal vorstellen? Ich bin 53 Jahre alt, lebe mit Ehemann und zwei T\u00f6chtern (11, 13) sowie Rauhaardackel Fiete in Hamburg. Geboren und zur Schule gegangen bin ich in Bremerhaven. &hellip; <a href=\"https:\/\/www.richteronweb.de\/?p=20744\">Weiterlesen <span class=\"meta-nav\">&rarr;<\/span><\/a><\/p>\n","protected":false},"author":1,"featured_media":0,"comment_status":"open","ping_status":"open","sticky":false,"template":"","format":"standard","meta":{"_jetpack_memberships_contains_paid_content":false,"footnotes":""},"categories":[1],"tags":[],"class_list":["post-20744","post","type-post","status-publish","format-standard","hentry","category-lesebuch"],"jetpack_featured_media_url":"","jetpack_sharing_enabled":true,"_links":{"self":[{"href":"https:\/\/www.richteronweb.de\/index.php?rest_route=\/wp\/v2\/posts\/20744","targetHints":{"allow":["GET"]}}],"collection":[{"href":"https:\/\/www.richteronweb.de\/index.php?rest_route=\/wp\/v2\/posts"}],"about":[{"href":"https:\/\/www.richteronweb.de\/index.php?rest_route=\/wp\/v2\/types\/post"}],"author":[{"embeddable":true,"href":"https:\/\/www.richteronweb.de\/index.php?rest_route=\/wp\/v2\/users\/1"}],"replies":[{"embeddable":true,"href":"https:\/\/www.richteronweb.de\/index.php?rest_route=%2Fwp%2Fv2%2Fcomments&post=20744"}],"version-history":[{"count":4,"href":"https:\/\/www.richteronweb.de\/index.php?rest_route=\/wp\/v2\/posts\/20744\/revisions"}],"predecessor-version":[{"id":23490,"href":"https:\/\/www.richteronweb.de\/index.php?rest_route=\/wp\/v2\/posts\/20744\/revisions\/23490"}],"wp:attachment":[{"href":"https:\/\/www.richteronweb.de\/index.php?rest_route=%2Fwp%2Fv2%2Fmedia&parent=20744"}],"wp:term":[{"taxonomy":"category","embeddable":true,"href":"https:\/\/www.richteronweb.de\/index.php?rest_route=%2Fwp%2Fv2%2Fcategories&post=20744"},{"taxonomy":"post_tag","embeddable":true,"href":"https:\/\/www.richteronweb.de\/index.php?rest_route=%2Fwp%2Fv2%2Ftags&post=20744"}],"curies":[{"name":"wp","href":"https:\/\/api.w.org\/{rel}","templated":true}]}}