{"id":20719,"date":"2022-12-01T08:58:16","date_gmt":"2022-12-01T07:58:16","guid":{"rendered":"https:\/\/www.richteronweb.de\/?p=20719"},"modified":"2023-10-18T10:20:10","modified_gmt":"2023-10-18T08:20:10","slug":"interview-mit-mela-wagner","status":"publish","type":"post","link":"https:\/\/www.richteronweb.de\/?p=20719","title":{"rendered":"Interview mit Mela Wagner"},"content":{"rendered":"<p><em><strong><span id=\"fbPhotoSnowliftCaption\" class=\"fbPhotosPhotoCaption\" tabindex=\"0\" data-ft=\"{&quot;tn&quot;:&quot;K&quot;}\"><span class=\"hasCaption\">\u273d\u2022*\u00a8*\u2022\u0e51\u273f\u0e51\u2605 Autoreninterview \u2605\u0e51\u273f\u0e51\u2022*\u00a8*\u2022\u273d<\/span><\/span><\/strong><\/em><\/p>\n<p><i><b>1. Wer ist<\/b><strong> Mela Wagner<\/strong><\/i><strong><em>? Magst du dich mal vorstellen?<\/p>\n<p><\/em><\/strong><span style=\"color: #000000;\"><em><strong>Mein Name ist Mela Wagner. Ich lebe mit meiner Familie in einem Vorort von Wien.<br \/>\n<\/strong><\/em><\/span><span style=\"color: #000000;\"><em><strong>Eigene Geschichten auf Papier zu bringen, empfinde ich als etwas Magisches.<br \/>\nSchon als kleines M\u00e4dchen notierte ich alles in mein Tagebuch.<br \/>\n<\/strong><\/em><\/span><span style=\"color: #000000;\"><em><strong>Meine Figuren zum Leben zu erwecken, mit ihnen zu lachen, zu lieben und zu weinen, erf\u00fcllt mein Herz jedes Mal auf eine ganz besondere Weise.<br \/>\n<\/strong><\/em><\/span><span style=\"color: #000000;\"><em><strong>Ich liebe B\u00fccher, die vom echten Leben erz\u00e4hlen, die zum Nachdenken anregen und den Leser auf eine Reise mitnehmen, die mit einem heftigen Herzklopfen endet.<\/strong><\/em><\/span><\/p>\n<p><a href=\"https:\/\/www.richteronweb.de\/wp-content\/uploads\/2022\/10\/PortaitLASMelaWagnerInsta.jpeg\"><img loading=\"lazy\" decoding=\"async\" class=\"alignnone size-medium wp-image-20960\" src=\"https:\/\/www.richteronweb.de\/wp-content\/uploads\/2022\/10\/PortaitLASMelaWagnerInsta-300x300.jpeg\" alt=\"\" width=\"300\" height=\"300\" srcset=\"https:\/\/www.richteronweb.de\/wp-content\/uploads\/2022\/10\/PortaitLASMelaWagnerInsta-300x300.jpeg 300w, https:\/\/www.richteronweb.de\/wp-content\/uploads\/2022\/10\/PortaitLASMelaWagnerInsta-700x700.jpeg 700w, https:\/\/www.richteronweb.de\/wp-content\/uploads\/2022\/10\/PortaitLASMelaWagnerInsta-150x150.jpeg 150w, https:\/\/www.richteronweb.de\/wp-content\/uploads\/2022\/10\/PortaitLASMelaWagnerInsta-768x768.jpeg 768w, https:\/\/www.richteronweb.de\/wp-content\/uploads\/2022\/10\/PortaitLASMelaWagnerInsta-88x88.jpeg 88w, https:\/\/www.richteronweb.de\/wp-content\/uploads\/2022\/10\/PortaitLASMelaWagnerInsta-900x900.jpeg 900w, https:\/\/www.richteronweb.de\/wp-content\/uploads\/2022\/10\/PortaitLASMelaWagnerInsta.jpeg 960w\" sizes=\"auto, (max-width: 300px) 100vw, 300px\" \/><\/a><\/p>\n<p><em><strong>2.<\/strong><\/em> <em><strong>Die wohl meist gestellte Frage: Wie bist du zum Schreiben gekommen?<\/strong><\/em><\/p>\n<p><span style=\"color: #000000;\"><em><strong><span class=\"\"><span class=\"\">Schreiben ist f\u00fcr mich eine Art meine Gef\u00fchle und Gedanken zu verarbeiten. Ich nutze die Kraft der Worte, denn ich denke, sie sind heilsam, wenn man sie ausspricht, bzw. aufschreibt. Schon als junges M\u00e4dchen schrieb ich Geschichten, die ich in meiner Mappe sammelte und alles vorlas.\u00a0<\/span><\/span><\/strong><\/em><\/span><\/p>\n<p><em><strong>3. Wie kamst du auf die Idee zum Buchtitel? Und wie entstand die Buchreihe \u201cLiebe auf schwedisch\u201d? Es sind ja 5 B\u00fccher von 5 verschiedenen Autorinnen!<\/strong><\/em><\/p>\n<p><em><strong><span class=\"\">Ich sah eine Berichterstattung im Fernsehen, die von einem Schneesturm in Schweden erz\u00e4hlte, bei dem die G\u00e4ste eingeschneit wurden und die Nacht im Kaufhaus verbringen mussten. Ein Gemeinschaftsprojekt war\u00a0geboren. Der Titel wurde gleich beim ersten Videocall gefunden.\u00a0<\/span><\/strong><\/em><\/p>\n<div><span style=\"color: #000000;\"><em><strong><span class=\"\"><span class=\"\">\u00a0<\/span><\/span><\/strong><\/em><\/span><\/div>\n<p><em><strong>4. Wie lange, hast du immer an einem der B\u00fccher gearbeitet? Brauchst du f\u00fcr jedes Werk gleich lang?<span class=\"\"> Wie viele sind es denn mitlerweile geworden in deiner Autorenlaufbahn? <\/span><\/strong><\/em><\/p>\n<p><span style=\"color: #000000;\"><em><strong><span class=\"\"><span class=\"\">Mittlerweile\u00a0schreibe ich an meinem 7. Buch. Die Arbeitsdauer ist komplett unterschiedlich. Die Wortanzahl spielt hier auch eine wichtige Rolle. Gew\u00f6hnlich brauche ich 3- 6 Monate f\u00fcr ein Buch.<\/span><\/span><\/strong><\/em><\/span><\/p>\n<p><i><b>5. Wenn Du eine traurige, witzige oder spannende Szene schreibst, f\u00fchlst du dann mit?<\/b><\/i><\/p>\n<p><span style=\"color: #000000;\"><em><strong><span class=\"\"><span class=\"\">Oh ja! Es ist toll. Ich lebe mit meinen Protas jedes\u00a0Mal mit. Ich weine, lache und f\u00fchle mich dabei verliebt.\u00a0<\/span><\/span><\/strong><\/em><\/span><\/p>\n<p><em><strong>6. Was machst du hinterher, wenn das Buch beendet und ver\u00f6ffentlicht ist? St\u00fcrzt du dich gleich in den n\u00e4chsten Schreibmarathon?<\/strong><\/em><\/p>\n<p><span style=\"color: #000000;\"><em><strong><span class=\"\">Pause! Wenn auch nur kurz, aber ich brauche Abstand, um die Kreativit\u00e4t neu zu entfachen.\u00a0<\/span><\/strong><\/em><\/span><\/p>\n<p><em><strong>7. Was ist bis jetzt der Sch\u00f6nste Moment in deiner bisherigen Zeit als Autorin gewesen?<\/strong><\/em><\/p>\n<p><span style=\"color: #000000;\"><em><strong><span class=\"\"><span class=\"\">Jedes Mal wenn mich eine Nachricht einer Leserin oder eines Lesers erreicht, bin ich sehr ger\u00fchrt. Viele erz\u00e4hlen sehr pers\u00f6nliche\u00a0oder \u00e4hnliche Erfahrungen, die sie mit meiner Geschichte im Buch verbunden haben. Wenn ich es schaffe, ihre Herzen zu ber\u00fchren, bedeutet mir das sehr viel.\u00a0<\/span><\/span><\/strong><\/em><\/span><\/p>\n<p><em><strong>8. Hast du Rituale beim Schreiben? Wenn ja, welche?<\/strong><\/em><\/p>\n<p><span style=\"color: #000000;\"><em><strong><span class=\"\">Tee, Kerze, zwischendurch meditiere ich gerne<\/span>.<\/strong><\/em><\/span><\/p>\n<p><em><strong>9. Wie wichtig sind dir die Rezensionen der Leser? Kannst du auch mit Kritik umgehen?<\/strong><\/em><\/p>\n<p><span style=\"color: #000000;\"><em><strong><span class=\"\"><span class=\"\">Wenn sie\u00a0von Herzen kommen, mir helfen meine Arbeit zu verbessern oder die Leseerfahrung erz\u00e4hlen sind sie immer ein Geschenk.\u00a0<\/span><\/span><\/strong><\/em><\/span><\/p>\n<p><em><strong>10. Bist du auch auf Messen, wie LBM und FBM &amp; Co anzutreffen? Was machst du dann auf so einer Veranstaltung?<\/strong><\/em><\/p>\n<p><span style=\"color: #000000;\"><em><strong><span class=\"\">N\u00e4chstes Jahr werde ich es vermutlich nicht schaffen, um meine Abgaben auch einhalten zu k\u00f6nnen. Vielleicht 2024!<\/span><\/strong><\/em><\/span><\/p>\n","protected":false},"excerpt":{"rendered":"<p>\u273d\u2022*\u00a8*\u2022\u0e51\u273f\u0e51\u2605 Autoreninterview \u2605\u0e51\u273f\u0e51\u2022*\u00a8*\u2022\u273d 1. Wer ist Mela Wagner? Magst du dich mal vorstellen? Mein Name ist Mela Wagner. Ich lebe mit meiner Familie in einem Vorort von Wien. Eigene Geschichten auf Papier zu bringen, empfinde ich als etwas Magisches. Schon &hellip; <a href=\"https:\/\/www.richteronweb.de\/?p=20719\">Weiterlesen <span class=\"meta-nav\">&rarr;<\/span><\/a><\/p>\n","protected":false},"author":1,"featured_media":0,"comment_status":"open","ping_status":"open","sticky":false,"template":"","format":"standard","meta":{"_jetpack_memberships_contains_paid_content":false,"footnotes":""},"categories":[1],"tags":[],"class_list":["post-20719","post","type-post","status-publish","format-standard","hentry","category-lesebuch"],"jetpack_featured_media_url":"","jetpack_sharing_enabled":true,"_links":{"self":[{"href":"https:\/\/www.richteronweb.de\/index.php?rest_route=\/wp\/v2\/posts\/20719","targetHints":{"allow":["GET"]}}],"collection":[{"href":"https:\/\/www.richteronweb.de\/index.php?rest_route=\/wp\/v2\/posts"}],"about":[{"href":"https:\/\/www.richteronweb.de\/index.php?rest_route=\/wp\/v2\/types\/post"}],"author":[{"embeddable":true,"href":"https:\/\/www.richteronweb.de\/index.php?rest_route=\/wp\/v2\/users\/1"}],"replies":[{"embeddable":true,"href":"https:\/\/www.richteronweb.de\/index.php?rest_route=%2Fwp%2Fv2%2Fcomments&post=20719"}],"version-history":[{"count":8,"href":"https:\/\/www.richteronweb.de\/index.php?rest_route=\/wp\/v2\/posts\/20719\/revisions"}],"predecessor-version":[{"id":23648,"href":"https:\/\/www.richteronweb.de\/index.php?rest_route=\/wp\/v2\/posts\/20719\/revisions\/23648"}],"wp:attachment":[{"href":"https:\/\/www.richteronweb.de\/index.php?rest_route=%2Fwp%2Fv2%2Fmedia&parent=20719"}],"wp:term":[{"taxonomy":"category","embeddable":true,"href":"https:\/\/www.richteronweb.de\/index.php?rest_route=%2Fwp%2Fv2%2Fcategories&post=20719"},{"taxonomy":"post_tag","embeddable":true,"href":"https:\/\/www.richteronweb.de\/index.php?rest_route=%2Fwp%2Fv2%2Ftags&post=20719"}],"curies":[{"name":"wp","href":"https:\/\/api.w.org\/{rel}","templated":true}]}}